{"id":517399,"date":"2021-08-17T00:03:28","date_gmt":"2021-08-17T05:03:28","guid":{"rendered":"https:\/\/www.diarioimagen.net\/?p=517399"},"modified":"2021-08-17T05:34:09","modified_gmt":"2021-08-17T10:34:09","slug":"casi-listo-aval-en-mexico-para-usar-vacuna-anti-coronavirus-de-moderna","status":"publish","type":"post","link":"https:\/\/www.diarioimagen.net\/?p=517399","title":{"rendered":"Casi listo, aval en M\u00e9xico para usar vacuna anti-coronavirus de Moderna"},"content":{"rendered":"<p>&nbsp;<\/p>\n<ul>\n<li><strong><em>Evaluadores emiten opini\u00f3n favorable<\/em><\/strong><\/li>\n<\/ul>\n<p>&nbsp;<\/p>\n<div id=\"attachment_517509\" style=\"width: 470px\" class=\"wp-caption aligncenter\"><a href=\"https:\/\/www.diarioimagen.net\/?attachment_id=517509\" rel=\"attachment wp-att-517509\"><img loading=\"lazy\" decoding=\"async\" aria-describedby=\"caption-attachment-517509\" class=\"size-full wp-image-517509\" src=\"https:\/\/www.diarioimagen.net\/wp-content\/uploads\/2021\/08\/ModernaQR.jpg\" alt=\"\" width=\"460\" height=\"270\" \/><\/a><p id=\"caption-attachment-517509\" class=\"wp-caption-text\">El Comit\u00e9 de Mol\u00e9culas Nuevas y el Subcomit\u00e9 de Evaluaci\u00f3n de Productos Biotecnol\u00f3gicos emitieron una opini\u00f3n favorable sobre la vacuna contra Covid-19 de Moderna.<\/p><\/div>\n<p>&nbsp;<\/p>\n<p>La Comisi\u00f3n Federal para la Protecci\u00f3n contra Riesgos Sanitarios (Cofepris) anunci\u00f3 que el Comit\u00e9 de Mol\u00e9culas Nuevas (CMN) y el Subcomit\u00e9 de Evaluaci\u00f3n de Productos Biotecnol\u00f3gicos (SEPB), emitieron una opini\u00f3n favorable un\u00e1nime sobre la vacuna contra Covid-19 de la farmac\u00e9utica Moderna.<\/p>\n<p>Esta opini\u00f3n tiene la indicaci\u00f3n de uso de emergencia para la prevenci\u00f3n de la enfermedad Covid-19 y s\u00f3lo para personas de 18 a\u00f1os en adelante.<\/p>\n<p>\u201cLa vacuna, desarrollada en Estados Unidos, recibi\u00f3 esta primera opini\u00f3n un\u00e1nime favorable lo cual representa un avance en el proceso de aprobaci\u00f3n necesario para el cumplimiento de los requisitos de calidad, seguridad y eficacia, indispensables al considerar un producto\u201d, inform\u00f3 la Cofepris.<\/p>\n<p>El siguiente paso consistir\u00e1 en la autorizaci\u00f3n para el uso de emergencia.<\/p>\n<p>Cabe destacar que el comit\u00e9 y subcomit\u00e9 son \u00f3rganos auxiliares de consulta y son parte de la comisi\u00f3n reguladora; emiten opiniones no vinculantes sobre medicamentos y dem\u00e1s insumos para la salud, por lo que este paso no representa todav\u00eda una autorizaci\u00f3n ofricial para uso.<\/p>\n<p>Por su parte, el canciller Marcelo Ebrard celebr\u00f3 este avance y asever\u00f3 que \u201cya se podr\u00e1n traer dosis al pa\u00eds\u201d.<\/p>\n<p>Mientras que el Subsecretario de Prevenci\u00f3n y Promoci\u00f3n de la Salud, Hugo L\u00f3pez-Gatell, se\u00f1al\u00f3 que este aval permitir\u00eda usar las dosis que enviar\u00eda Estados Unidos y avanzar en el plan de vacunaci\u00f3n.<\/p>\n<p style=\"text-align: center;\"><strong>Inicia ma\u00f1ana inmunizaci\u00f3n de 25 mil<br \/>\ntrabajadores de Nuevo Le\u00f3n en Laredo, Texas<\/strong><\/p>\n<p>Por otra parte, ma\u00f1ana mi\u00e9rcoles iniciar\u00e1 la inmunizaci\u00f3n de los primeros 800 trabajadores neoleoneses en la aduana de Laredo, Texas, dentro del plan piloto del Proyecto de Vacunaci\u00f3n Transfronteriza contra el virus SARS-CoV-2 para 25 mil trabajadores de empresas asentadas en la zona metropolitana.<\/p>\n<p>Los obreros ser\u00e1n vacunados con el biol\u00f3gico de la farmac\u00e9utica Johnson &amp; Johnson, que requiere un sola dosis.<\/p>\n<p>El gobernador electo, Samuel Garc\u00eda Sep\u00falveda, se reuni\u00f3 con el alcalde de Laredo, Pete S\u00e1enz; el congresista federal texano Henry Cisneros; el c\u00f3nsul de M\u00e9xico en Laredo, Juan Carlos Garza y Eduardo Garza, presidente de la oficina Noreste-Laredo, del Consejo Mexicano de Comercio Exterior, y agradeci\u00f3 a todos ellos por ser \u201cactores clave\u201d, para la concreci\u00f3n de este proyecto, que busca contribuir a una m\u00e1s pronta reapertura de la frontera y a la reactivaci\u00f3n del comercio binacional.<\/p>\n<p>El jueves saldr\u00e1n otros tres convoyes para vacunar a 700 obreros, y de no haber contratiempos, a partir del d\u00eda 23 de agosto, se agilizar\u00e1 el proceso de vacunaci\u00f3n con mil trabajadores inmunizados diariamente hasta alcanzar la aplicaci\u00f3n de 25 mil vacunas gestionadas por el gobernador electo ante las autoridades de Laredo. Sin embargo, ya hay 39 mil trabajadores registrados buscando la inmunizaci\u00f3n con este mecanismo.<\/p>\n<p>Garc\u00eda Sep\u00falveda se\u00f1al\u00f3 que mientras en Nuevo Le\u00f3n se ha vacunado entre el 30 y el 40 por ciento de la poblaci\u00f3n mayor de 18 a\u00f1os, en Laredo se ha inmunizado alrededor del 94 por ciento, por lo cual es importante acelerar la vacunaci\u00f3n para que cuanto antes se pueda reabrir la frontera y se reactive el comercio binacional.<\/p>\n<p>Al respecto, c\u00f3nsul el de M\u00e9xico en Laredo, Texas, Juan Carlos Garza, precis\u00f3 que este plan busca asegurar las cadenas productivas, ya que los obreros que van a recibir la vacuna, son empleados de empresas de Estados Unidos asentadas en Nuevo Le\u00f3n, por tanto, afirm\u00f3, \u201cno estamos quitando vacunaci\u00f3n a ciudadanos de Texas, ni tiene un costo para los contribuyentes\u201d de dicho estado, pues cubrir\u00e1n los gastos las empresas que ser\u00e1n beneficiadas al tener trabajadores protegidos contra Covid-19.<\/p>\n<p>Este mi\u00e9rcoles inicia la inmunizaci\u00f3n de los primeros 800 trabajadores neoleoneses en la aduana de Laredo, Texas, dentro del plan piloto del Proyecto de Vacunaci\u00f3n Transfronteriza contra la Covid.<\/p>\n","protected":false},"excerpt":{"rendered":"<p>La Comisi\u00f3n Federal para la Protecci\u00f3n contra Riesgos Sanitarios (Cofepris) anunci\u00f3 que el Comit\u00e9 de Mol\u00e9culas Nuevas (CMN) y el Subcomit\u00e9 de Evaluaci\u00f3n de Productos Biotecnol\u00f3gicos (SEPB), emitieron una opini\u00f3n favorable un\u00e1nime sobre la vacuna contra Covid-19 de la farmac\u00e9utica Moderna.<\/p>\n","protected":false},"author":3,"featured_media":517509,"comment_status":"open","ping_status":"open","sticky":false,"template":"","format":"standard","meta":{"_monsterinsights_skip_tracking":false,"_monsterinsights_sitenote_active":false,"_monsterinsights_sitenote_note":"","_monsterinsights_sitenote_category":0,"footnotes":""},"categories":[877],"tags":[4917,91443,43692],"class_list":["post-517399","post","type-post","status-publish","format-standard","has-post-thumbnail","hentry","category-salud","tag-comision-federal-para-la-proteccion-contra-riesgos-sanitarios","tag-moderna","tag-salud"],"_links":{"self":[{"href":"https:\/\/www.diarioimagen.net\/index.php?rest_route=\/wp\/v2\/posts\/517399","targetHints":{"allow":["GET"]}}],"collection":[{"href":"https:\/\/www.diarioimagen.net\/index.php?rest_route=\/wp\/v2\/posts"}],"about":[{"href":"https:\/\/www.diarioimagen.net\/index.php?rest_route=\/wp\/v2\/types\/post"}],"author":[{"embeddable":true,"href":"https:\/\/www.diarioimagen.net\/index.php?rest_route=\/wp\/v2\/users\/3"}],"replies":[{"embeddable":true,"href":"https:\/\/www.diarioimagen.net\/index.php?rest_route=%2Fwp%2Fv2%2Fcomments&post=517399"}],"version-history":[{"count":0,"href":"https:\/\/www.diarioimagen.net\/index.php?rest_route=\/wp\/v2\/posts\/517399\/revisions"}],"wp:featuredmedia":[{"embeddable":true,"href":"https:\/\/www.diarioimagen.net\/index.php?rest_route=\/wp\/v2\/media\/517509"}],"wp:attachment":[{"href":"https:\/\/www.diarioimagen.net\/index.php?rest_route=%2Fwp%2Fv2%2Fmedia&parent=517399"}],"wp:term":[{"taxonomy":"category","embeddable":true,"href":"https:\/\/www.diarioimagen.net\/index.php?rest_route=%2Fwp%2Fv2%2Fcategories&post=517399"},{"taxonomy":"post_tag","embeddable":true,"href":"https:\/\/www.diarioimagen.net\/index.php?rest_route=%2Fwp%2Fv2%2Ftags&post=517399"}],"curies":[{"name":"wp","href":"https:\/\/api.w.org\/{rel}","templated":true}]}}