{"id":517411,"date":"2021-08-17T00:04:37","date_gmt":"2021-08-17T05:04:37","guid":{"rendered":"https:\/\/www.diarioimagen.net\/?p=517411"},"modified":"2021-08-17T08:07:35","modified_gmt":"2021-08-17T13:07:35","slug":"encabeza-el-alcalde-raciel-perez-cruz-segunda-entrega-de-testamentos-a-bajo-costo","status":"publish","type":"post","link":"https:\/\/www.diarioimagen.net\/?p=517411","title":{"rendered":"Encabeza el alcalde Raciel P\u00e9rez Cruz segunda entrega de testamentos a bajo costo"},"content":{"rendered":"<p>&nbsp;<\/p>\n<ul>\n<li><strong><em>Se han tramitado 892 documentos este a\u00f1o<\/em><\/strong><\/li>\n<\/ul>\n<p>&nbsp;<\/p>\n<div id=\"attachment_517547\" style=\"width: 470px\" class=\"wp-caption aligncenter\"><a href=\"https:\/\/www.diarioimagen.net\/?attachment_id=517547\" rel=\"attachment wp-att-517547\"><img loading=\"lazy\" decoding=\"async\" aria-describedby=\"caption-attachment-517547\" class=\"size-full wp-image-517547\" src=\"https:\/\/www.diarioimagen.net\/wp-content\/uploads\/2021\/08\/tlalnepantla-7.jpg\" alt=\"\" width=\"460\" height=\"186\" \/><\/a><p id=\"caption-attachment-517547\" class=\"wp-caption-text\">El alcalde Raciel P\u00e9rez Cruz encabez\u00f3 la segunda entrega de testamentos a bajo costo de este a\u00f1o, con lo que son 892 documentos de este tipo que se han tramitado en 2021.<\/p><\/div>\n<p>&nbsp;<\/p>\n<p><strong>Tlalnepantla, Estado de M\u00e9xico<\/strong>.- El presidente municipal de Tlalnepantla Raciel P\u00e9rez Cruz encabez\u00f3 la segunda entrega de testamentos a bajo costo de este a\u00f1o, con lo que son 892 documentos de este tipo que se han tramitado en 2021 para dar certeza jur\u00eddica a la ciudadan\u00eda al momento de heredar su patrimonio.<\/p>\n<p>Al entregar 422 testamentos, que se suman a los 470 de febrero, el alcalde se\u00f1al\u00f3 que si alguna ense\u00f1anza ha dejado la pandemia de Covid-19 es la fragilidad de la vida, por lo que se debe asumir \u201cla seguridad del patrimonio como un asunto social, en la medida que hay certeza jur\u00eddica sobre el patrimonio que ustedes heredan se evitar\u00e1n conflictos que muchas veces se dan en el seno familiar\u201d.<\/p>\n<p>Expres\u00f3 que es tiempo de solidaridad para salir adelante en esta pandemia, se debe continuar con las medidas sanitarias incluso con el avance de la Jornada Nacional de Vacunaci\u00f3n, \u201cvamos a salir adelante, hoy el panorama es incierto, pero saldremos adelante\u201d.<\/p>\n<p>Verenisse Coronado Pineda, Consejera Jur\u00eddica del Gobierno de Tlalnepantla, indic\u00f3 que \u201ca trav\u00e9s del programa permanente de testamentos a bajo costo se conjugan los intereses comunes entre gobierno y ciudadan\u00eda para lograr un objetivo com\u00fan como es la seguridad y certidumbre jur\u00eddica del patrimonio familiar, que permite brindar una estabilidad econ\u00f3mica y emocional a los herederos\u201d.<\/p>\n<p>En la entrega estuvieron presentes Mauricio Trejo Navarro, Notario P\u00fablico N\u00famero 18 del Estado de M\u00e9xico, ante quien se tramitaron los testamentos a bajo costo, y Eduardo Guerrero Villega, Segundo S\u00edndico.<\/p>\n","protected":false},"excerpt":{"rendered":"<p>El presidente municipal de Tlalnepantla Raciel P\u00e9rez Cruz encabez\u00f3 la segunda entrega de testamentos a bajo costo de este a\u00f1o, con lo que son 892 documentos de este tipo que se han tramitado en 2021 para dar certeza jur\u00eddica a la ciudadan\u00eda al momento de heredar su patrimonio.<\/p>\n","protected":false},"author":3,"featured_media":517547,"comment_status":"open","ping_status":"open","sticky":false,"template":"","format":"standard","meta":{"_monsterinsights_skip_tracking":false,"_monsterinsights_sitenote_active":false,"_monsterinsights_sitenote_note":"","_monsterinsights_sitenote_category":0,"footnotes":""},"categories":[5],"tags":[93492,81517,169],"class_list":["post-517411","post","type-post","status-publish","format-standard","has-post-thumbnail","hentry","category-estado-de-mexico","tag-estado-de-mexico-testamento","tag-raciel-perez-cruz","tag-tlalnepantla"],"_links":{"self":[{"href":"https:\/\/www.diarioimagen.net\/index.php?rest_route=\/wp\/v2\/posts\/517411","targetHints":{"allow":["GET"]}}],"collection":[{"href":"https:\/\/www.diarioimagen.net\/index.php?rest_route=\/wp\/v2\/posts"}],"about":[{"href":"https:\/\/www.diarioimagen.net\/index.php?rest_route=\/wp\/v2\/types\/post"}],"author":[{"embeddable":true,"href":"https:\/\/www.diarioimagen.net\/index.php?rest_route=\/wp\/v2\/users\/3"}],"replies":[{"embeddable":true,"href":"https:\/\/www.diarioimagen.net\/index.php?rest_route=%2Fwp%2Fv2%2Fcomments&post=517411"}],"version-history":[{"count":0,"href":"https:\/\/www.diarioimagen.net\/index.php?rest_route=\/wp\/v2\/posts\/517411\/revisions"}],"wp:featuredmedia":[{"embeddable":true,"href":"https:\/\/www.diarioimagen.net\/index.php?rest_route=\/wp\/v2\/media\/517547"}],"wp:attachment":[{"href":"https:\/\/www.diarioimagen.net\/index.php?rest_route=%2Fwp%2Fv2%2Fmedia&parent=517411"}],"wp:term":[{"taxonomy":"category","embeddable":true,"href":"https:\/\/www.diarioimagen.net\/index.php?rest_route=%2Fwp%2Fv2%2Fcategories&post=517411"},{"taxonomy":"post_tag","embeddable":true,"href":"https:\/\/www.diarioimagen.net\/index.php?rest_route=%2Fwp%2Fv2%2Ftags&post=517411"}],"curies":[{"name":"wp","href":"https:\/\/api.w.org\/{rel}","templated":true}]}}