{"id":517414,"date":"2021-08-17T00:02:10","date_gmt":"2021-08-17T05:02:10","guid":{"rendered":"https:\/\/www.diarioimagen.net\/?p=517414"},"modified":"2021-08-17T08:06:42","modified_gmt":"2021-08-17T13:06:42","slug":"el-gobierno-de-huixquilucan-niega-intromision-en-temas-de-metepec","status":"publish","type":"post","link":"https:\/\/www.diarioimagen.net\/?p=517414","title":{"rendered":"El gobierno de Huixquilucan niega intromisi\u00f3n en temas de Metepec"},"content":{"rendered":"<p>&nbsp;<\/p>\n<ul>\n<li><strong><em>En el \u00e1rea de servicios p\u00fablicos<\/em><\/strong><\/li>\n<\/ul>\n<p>&nbsp;<\/p>\n<p>&nbsp;<\/p>\n<div id=\"attachment_517543\" style=\"width: 310px\" class=\"wp-caption alignleft\"><a href=\"https:\/\/www.diarioimagen.net\/?attachment_id=517543\" rel=\"attachment wp-att-517543\"><img loading=\"lazy\" decoding=\"async\" aria-describedby=\"caption-attachment-517543\" class=\" wp-image-517543\" src=\"https:\/\/www.diarioimagen.net\/wp-content\/uploads\/2021\/08\/huixquilucan-4.jpg\" alt=\"\" width=\"300\" height=\"368\" \/><\/a><p id=\"caption-attachment-517543\" class=\"wp-caption-text\">El alcalde Enrique Vargas del Villar exige a su hom\u00f3loga de Metepec, no involucrar a Huixquilucan en este tema exclusivo de su localidad y mejor se enfoque en resolverlos.<\/p><\/div>\n<p><strong>Huixquilucan, Estado de M\u00e9xico<\/strong>.- El gobierno de Huixquilucan niega rotundamente estar involucrado en el problema que enfrenta la presidenta municipal de Metepec en el \u00e1rea de servicios p\u00fablicos, tal y como lo pretende hacer creer a la ciudadan\u00eda.<\/p>\n<p>Es por ello, que el gobierno municipal que encabeza Enrique Vargas del Villar, exige a su hom\u00f3loga de Metepec, no involucre a Huixquilucan en este tema exclusivo de su localidad y mejor se enfoque en resolverlo, toda vez que los afectados son los ciudadanos.<\/p>\n<p>\u201cLa Presidenta debe asumir su responsabilidad. Por ello reitero que mi gobierno niega cualquier relaci\u00f3n con estos hechos y desconozco las razones o argumentos para que el ayuntamiento de Metepec se\u00f1ale a huixquiluquenses como responsables de lo que est\u00e1 pasando\u201d, afirm\u00f3 el Edil. Vargas del Villar,\u00a0 exhort\u00f3 a las personas vinculadas y al gobierno de Metepec, aclarar p\u00fablicamente esta situaci\u00f3n, privilegiando el di\u00e1logo y evitando la confrontaci\u00f3n que s\u00f3lo afecta a la ciudadan\u00eda.<\/p>\n","protected":false},"excerpt":{"rendered":"<p>El gobierno de Huixquilucan niega rotundamente estar involucrado en el problema que enfrenta la presidenta municipal de Metepec en el \u00e1rea de servicios p\u00fablicos, tal y como lo pretende hacer creer a la ciudadan\u00eda.<\/p>\n","protected":false},"author":3,"featured_media":517543,"comment_status":"open","ping_status":"open","sticky":false,"template":"","format":"standard","meta":{"_monsterinsights_skip_tracking":false,"_monsterinsights_sitenote_active":false,"_monsterinsights_sitenote_note":"","_monsterinsights_sitenote_category":0,"footnotes":""},"categories":[5],"tags":[43675,1097,81007],"class_list":["post-517414","post","type-post","status-publish","format-standard","has-post-thumbnail","hentry","category-estado-de-mexico","tag-estado-de-mexico","tag-huixquilucan","tag-intromision"],"_links":{"self":[{"href":"https:\/\/www.diarioimagen.net\/index.php?rest_route=\/wp\/v2\/posts\/517414","targetHints":{"allow":["GET"]}}],"collection":[{"href":"https:\/\/www.diarioimagen.net\/index.php?rest_route=\/wp\/v2\/posts"}],"about":[{"href":"https:\/\/www.diarioimagen.net\/index.php?rest_route=\/wp\/v2\/types\/post"}],"author":[{"embeddable":true,"href":"https:\/\/www.diarioimagen.net\/index.php?rest_route=\/wp\/v2\/users\/3"}],"replies":[{"embeddable":true,"href":"https:\/\/www.diarioimagen.net\/index.php?rest_route=%2Fwp%2Fv2%2Fcomments&post=517414"}],"version-history":[{"count":0,"href":"https:\/\/www.diarioimagen.net\/index.php?rest_route=\/wp\/v2\/posts\/517414\/revisions"}],"wp:featuredmedia":[{"embeddable":true,"href":"https:\/\/www.diarioimagen.net\/index.php?rest_route=\/wp\/v2\/media\/517543"}],"wp:attachment":[{"href":"https:\/\/www.diarioimagen.net\/index.php?rest_route=%2Fwp%2Fv2%2Fmedia&parent=517414"}],"wp:term":[{"taxonomy":"category","embeddable":true,"href":"https:\/\/www.diarioimagen.net\/index.php?rest_route=%2Fwp%2Fv2%2Fcategories&post=517414"},{"taxonomy":"post_tag","embeddable":true,"href":"https:\/\/www.diarioimagen.net\/index.php?rest_route=%2Fwp%2Fv2%2Ftags&post=517414"}],"curies":[{"name":"wp","href":"https:\/\/api.w.org\/{rel}","templated":true}]}}