{"id":517416,"date":"2021-08-17T00:03:39","date_gmt":"2021-08-17T05:03:39","guid":{"rendered":"https:\/\/www.diarioimagen.net\/?p=517416"},"modified":"2021-08-17T08:05:26","modified_gmt":"2021-08-17T13:05:26","slug":"legislaremos-con-responsabilidad-en-favor-de-los-mexiquenses-david-parra","status":"publish","type":"post","link":"https:\/\/www.diarioimagen.net\/?p=517416","title":{"rendered":"Legislaremos con responsabilidad en favor de los mexiquenses: David Parra"},"content":{"rendered":"<p>&nbsp;<\/p>\n<ul>\n<li><strong><em>A d\u00edas de rendir protesta como diputado local<\/em><\/strong><\/li>\n<\/ul>\n<p>&nbsp;<\/p>\n<p>&nbsp;<\/p>\n<div id=\"attachment_517541\" style=\"width: 309px\" class=\"wp-caption alignleft\"><a href=\"https:\/\/www.diarioimagen.net\/?attachment_id=517541\" rel=\"attachment wp-att-517541\"><img loading=\"lazy\" decoding=\"async\" aria-describedby=\"caption-attachment-517541\" class=\" wp-image-517541\" src=\"https:\/\/www.diarioimagen.net\/wp-content\/uploads\/2021\/08\/david-parra.jpg\" alt=\"\" width=\"299\" height=\"281\" \/><\/a><p id=\"caption-attachment-517541\" class=\"wp-caption-text\">David Parra S\u00e1nchez se comprometi\u00f3 a cumplir sus promesas de campa\u00f1a.<\/p><\/div>\n<p><strong>Naucalpan, Estado de M\u00e9xico<\/strong>.- A unos d\u00edas de que rinda protesta de Ley como legislador local en el Estado de M\u00e9xico, David Parra S\u00e1nchez, se comprometi\u00f3 a cumplir sus promesas de campa\u00f1a y destac\u00f3 que \u201cregresaremos a comunidades a escuchar sus demandas y necesidades para poder legislar de la mano de la ciudadan\u00eda y del Gobernador Alfredo del Mazo\u201d.<\/p>\n<p>El diputado local electo por el distrito XXXII, reiter\u00f3 su compromiso ante la ciudadan\u00eda de legislar de manera responsable. \u201cLas puertas de lo que ser\u00e1n nuestras oficinas en el Congreso Local, siempre estar\u00e1n abiertas a los ciudadanos. La pr\u00f3xima Legislatura en el Estado de M\u00e9xico, los priistas tendremos que tomar decisiones, siempre pensando en nuestro estado y en lo mejor para los mexiquenses\u201d, dijo.<\/p>\n<p>Parra S\u00e1nchez, reiter\u00f3 que \u201ctrabajaremos con una gran pasi\u00f3n institucional, sin personalismos y con lealtad a nuestro l\u00edder pol\u00edtico, el gobernador Alfredo del Mazo, quien siempre ha buscado la armon\u00eda, el acuerdo y la unidad para el bien de los mexiquenses y en esa l\u00ednea estaremos\u201d.<\/p>\n<p>El legislador electo asegur\u00f3 que \u201cla estabilidad, la paz interna, el crecimiento econ\u00f3mico y la movilidad social, son bienes que hubieran sido inimaginables sin el Partido Revolucionario Institucional. Somos parte del mejor partido de M\u00e9xico y como legisladores priistas, debemos demostrar que trabajaremos por el bien de las y los mexiquenses\u201d, enfatiz\u00f3.<\/p>\n<p>Por otra parte, destac\u00f3 que \u201cestaremos debidamente coordinados con nuestro amigo El\u00edas Rescala, coordinador de la fracci\u00f3n de nuestro partido. Los diputados priistas en la LXI Legislatura se van a destacar por su seriedad, disposici\u00f3n al di\u00e1logo, construcci\u00f3n de acuerdos, respeto a protocolos y reglamentos, buscando siempre el bien de los mexiquenses, sus familias y del Estado de M\u00e9xico\u201d, concluy\u00f3.<\/p>\n","protected":false},"excerpt":{"rendered":"<p>A unos d\u00edas de que rinda protesta de Ley como legislador local en el Estado de M\u00e9xico, David Parra S\u00e1nchez, se comprometi\u00f3 a cumplir sus promesas de campa\u00f1a y destac\u00f3 que \u201cregresaremos a comunidades a escuchar sus demandas y necesidades para poder legislar de la mano de la ciudadan\u00eda y del Gobernador Alfredo del Mazo\u201d.<\/p>\n","protected":false},"author":3,"featured_media":517541,"comment_status":"open","ping_status":"open","sticky":false,"template":"","format":"standard","meta":{"_monsterinsights_skip_tracking":false,"_monsterinsights_sitenote_active":false,"_monsterinsights_sitenote_note":"","_monsterinsights_sitenote_category":0,"footnotes":""},"categories":[5],"tags":[15135,29035,43675,970],"class_list":["post-517416","post","type-post","status-publish","format-standard","has-post-thumbnail","hentry","category-estado-de-mexico","tag-compromiso","tag-david-parra-sanchez","tag-estado-de-mexico","tag-naucalpan"],"_links":{"self":[{"href":"https:\/\/www.diarioimagen.net\/index.php?rest_route=\/wp\/v2\/posts\/517416","targetHints":{"allow":["GET"]}}],"collection":[{"href":"https:\/\/www.diarioimagen.net\/index.php?rest_route=\/wp\/v2\/posts"}],"about":[{"href":"https:\/\/www.diarioimagen.net\/index.php?rest_route=\/wp\/v2\/types\/post"}],"author":[{"embeddable":true,"href":"https:\/\/www.diarioimagen.net\/index.php?rest_route=\/wp\/v2\/users\/3"}],"replies":[{"embeddable":true,"href":"https:\/\/www.diarioimagen.net\/index.php?rest_route=%2Fwp%2Fv2%2Fcomments&post=517416"}],"version-history":[{"count":0,"href":"https:\/\/www.diarioimagen.net\/index.php?rest_route=\/wp\/v2\/posts\/517416\/revisions"}],"wp:featuredmedia":[{"embeddable":true,"href":"https:\/\/www.diarioimagen.net\/index.php?rest_route=\/wp\/v2\/media\/517541"}],"wp:attachment":[{"href":"https:\/\/www.diarioimagen.net\/index.php?rest_route=%2Fwp%2Fv2%2Fmedia&parent=517416"}],"wp:term":[{"taxonomy":"category","embeddable":true,"href":"https:\/\/www.diarioimagen.net\/index.php?rest_route=%2Fwp%2Fv2%2Fcategories&post=517416"},{"taxonomy":"post_tag","embeddable":true,"href":"https:\/\/www.diarioimagen.net\/index.php?rest_route=%2Fwp%2Fv2%2Ftags&post=517416"}],"curies":[{"name":"wp","href":"https:\/\/api.w.org\/{rel}","templated":true}]}}