{"id":517418,"date":"2021-08-17T00:01:52","date_gmt":"2021-08-17T05:01:52","guid":{"rendered":"https:\/\/www.diarioimagen.net\/?p=517418"},"modified":"2021-08-17T08:04:21","modified_gmt":"2021-08-17T13:04:21","slug":"inauguran-en-atizapan-de-zaragoza-el-instituto-del-emprendedor","status":"publish","type":"post","link":"https:\/\/www.diarioimagen.net\/?p=517418","title":{"rendered":"Inauguran en Atizap\u00e1n de Zaragoza el Instituto del Emprendedor"},"content":{"rendered":"<p>&nbsp;<\/p>\n<p><a href=\"https:\/\/www.diarioimagen.net\/?attachment_id=517537\" rel=\"attachment wp-att-517537\"><img loading=\"lazy\" decoding=\"async\" class=\"aligncenter size-full wp-image-517537\" src=\"https:\/\/www.diarioimagen.net\/wp-content\/uploads\/2021\/08\/atizapan-1.jpg\" alt=\"\" width=\"460\" height=\"319\" \/><\/a><\/p>\n<p>&nbsp;<\/p>\n<p><strong>Atizap\u00e1n de Zaragoza, Estado de M\u00e9xico<\/strong><strong>. &#8211;<\/strong> Con el objetivo de promover y apoyar diversas actividades productivas a favor de la poblaci\u00f3n, el alcalde electo de Atizap\u00e1n, Pedro Rodr\u00edguez y el diputado electo por Naucalpan, Enrique Jacob, inauguraron las oficinas del Instituto del Emprendedor, que preside Enrique Contreras F\u00e9lix.<\/p>\n<p>En su mensaje, el joven empresario manifest\u00f3 que con la apertura del instituto se dar\u00e1 un impulso positivo a quienes quieran iniciar una actividad productiva.<\/p>\n<p>Enrique Contreras, acompa\u00f1ado de Pedro Rodr\u00edguez y Enrique Jacob, as\u00ed como de Abel Dom\u00ednguez Izar, representante de la Confederaci\u00f3n de Trabajadores y campesinos CTC, cortaron el list\u00f3n inaugural del Instituto del Emprendedor, ubicado en la Cerrada Hidalgo de la colonia M\u00e9xico Nuevo, en este municipio.<\/p>\n","protected":false},"excerpt":{"rendered":"<p>Con el objetivo de promover y apoyar diversas actividades productivas a favor de la poblaci\u00f3n, el alcalde electo de Atizap\u00e1n, Pedro Rodr\u00edguez y el diputado electo por Naucalpan, Enrique Jacob, inauguraron las oficinas del Instituto del Emprendedor, que preside Enrique Contreras F\u00e9lix.<\/p>\n","protected":false},"author":3,"featured_media":517537,"comment_status":"open","ping_status":"open","sticky":false,"template":"","format":"standard","meta":{"_monsterinsights_skip_tracking":false,"_monsterinsights_sitenote_active":false,"_monsterinsights_sitenote_note":"","_monsterinsights_sitenote_category":0,"footnotes":""},"categories":[5],"tags":[3561,93493,43675,47480],"class_list":["post-517418","post","type-post","status-publish","format-standard","has-post-thumbnail","hentry","category-estado-de-mexico","tag-atizapan-de-zaragoza","tag-ctc","tag-estado-de-mexico","tag-inauguran"],"_links":{"self":[{"href":"https:\/\/www.diarioimagen.net\/index.php?rest_route=\/wp\/v2\/posts\/517418","targetHints":{"allow":["GET"]}}],"collection":[{"href":"https:\/\/www.diarioimagen.net\/index.php?rest_route=\/wp\/v2\/posts"}],"about":[{"href":"https:\/\/www.diarioimagen.net\/index.php?rest_route=\/wp\/v2\/types\/post"}],"author":[{"embeddable":true,"href":"https:\/\/www.diarioimagen.net\/index.php?rest_route=\/wp\/v2\/users\/3"}],"replies":[{"embeddable":true,"href":"https:\/\/www.diarioimagen.net\/index.php?rest_route=%2Fwp%2Fv2%2Fcomments&post=517418"}],"version-history":[{"count":0,"href":"https:\/\/www.diarioimagen.net\/index.php?rest_route=\/wp\/v2\/posts\/517418\/revisions"}],"wp:featuredmedia":[{"embeddable":true,"href":"https:\/\/www.diarioimagen.net\/index.php?rest_route=\/wp\/v2\/media\/517537"}],"wp:attachment":[{"href":"https:\/\/www.diarioimagen.net\/index.php?rest_route=%2Fwp%2Fv2%2Fmedia&parent=517418"}],"wp:term":[{"taxonomy":"category","embeddable":true,"href":"https:\/\/www.diarioimagen.net\/index.php?rest_route=%2Fwp%2Fv2%2Fcategories&post=517418"},{"taxonomy":"post_tag","embeddable":true,"href":"https:\/\/www.diarioimagen.net\/index.php?rest_route=%2Fwp%2Fv2%2Ftags&post=517418"}],"curies":[{"name":"wp","href":"https:\/\/api.w.org\/{rel}","templated":true}]}}