{"id":517437,"date":"2021-08-17T00:02:43","date_gmt":"2021-08-17T05:02:43","guid":{"rendered":"https:\/\/www.diarioimagen.net\/?p=517437"},"modified":"2021-08-17T02:20:22","modified_gmt":"2021-08-17T07:20:22","slug":"retorno-a-clases-presenciales-cnte-no-le-hace-segunda-a-lopez-obrador","status":"publish","type":"post","link":"https:\/\/www.diarioimagen.net\/?p=517437","title":{"rendered":"Retorno a clases presenciales, CNTE no le hace segunda a L\u00f3pez Obrador"},"content":{"rendered":"<h2>La Retaguardia<\/h2>\n<h5>Adriana Moreno Cordero<\/h5>\n<p>&nbsp;<\/p>\n<ul>\n<li><em><strong>Revocaci\u00f3n de Mandato: PT y PVEM \u00bfabandonan a Morena?<\/strong> <\/em><\/li>\n<\/ul>\n<p>&nbsp;<\/p>\n<p>Entramos en la semana que marca la cuenta regresiva para que alumnos de todo el pa\u00eds regresen a clases presenciales, y es necesario citar a un cl\u00e1sico, \u201cllueva, truene o relampaguee\u201d. Sin embargo, hay temor fundado porque no se sabe a ciencia cierta qu\u00e9 pueda ocurrir una vez que los estudiantes retornen a las aulas porque, como se ha anotado en este espacio en anterior entrega, no existe una estrategia que establezca y aplique los rigurosos protocolos sanitarios que se requiere en estos casos. O sea, esta errada y llamada Cuarta Transformaci\u00f3n act\u00faa por capricho del presidente <strong>Andr\u00e9s Manuel L\u00f3pez Obrador<\/strong>, as\u00ed como para no variar.<\/p>\n<p>Desde hace varias semanas, cuando esta tercera ola arremeti\u00f3 con toda su fuerza en la Ciudad de M\u00e9xico, de nueva cuenta los hospitales se empezaron a saturar, s\u00f3lo que esta vez, con j\u00f3venes y ni\u00f1os lo cual resulta muy preocupante porque el inquilino de Palacio Nacional est\u00e1 m\u00e1s ocupado en enviar ayuda a Hait\u00ed, que en cubrir las muchas carencias que a diario se manifiestan en nuestro pa\u00eds.<\/p>\n<p>As\u00ed, se supone que habr\u00e1 regreso a clases presenciales cuando por ejemplo, ayer, se registraron 7 mil 162 contagios de Covid-19 y 133 mil casos activos. No habr\u00eda raz\u00f3n por la cual, en esta \u00faltima semana se registrara un importante descenso en este panorama y pudiera haber as\u00ed, mayores condiciones de seguridad. Ah\u00ed est\u00e1 su \u201cpeque\u00f1o rebrote\u201d de Covid-19 que hace unos d\u00edas anunci\u00f3 el Presidente.<\/p>\n<p>Ahora bien, en cuanto a los maestros, la Coordinadora Nacional de Trabajadores de la Educaci\u00f3n, la famos\u00edsima CNTE, aliada de L\u00f3pez Obrador a lo largo de sus 18 a\u00f1os de campa\u00f1a, tambi\u00e9n existe temor, por ello, propusieron consultar a los padres de familia sobre el regreso a clases presenciales para el ciclo escolar 2021-2022 y se supone que ya, desde ayer y hasta el viernes, se dedican a aplicar una encuesta a nivel nacional y para el 25 de agosto se puedan dar a conocer los resultados, esto, de acuerdo a lo informado por Pedro Hern\u00e1ndez, secretario general de la secci\u00f3n 9 de la Coordinadora.<\/p>\n<p>Lo que puede inferirse, es que prevalecer\u00e1 el rechazo de los padres de familia de enviar a los menores a los salones de clases, pero no deja de llamar la atenci\u00f3n que en esta ocasi\u00f3n, la CNTE no le hizo segunda al presidente L\u00f3pez Obrador y como pocas veces, tuvo cierta congruencia en esto de llevar a cabo un forzado regreso a clases presenciales.<\/p>\n<p style=\"text-align: center;\"><strong>Municiones<\/strong><\/p>\n<p>*** Desde su gustad\u00edsimo \u201cstand up\u201d ma\u00f1anero, L\u00f3pez Obrador, muy enojado\u00a0 acus\u00f3 a la oposici\u00f3n de estar en contra de la figura de Revocaci\u00f3n de Mandato. En esta ocasi\u00f3n, la bilis del de Tepetit\u00e1n, es que no cuenta con las dos terceras partes en el Senado de la Rep\u00fablica para sacar adelante este nuevo caprichito. Pero habr\u00eda que aclararle que el Bloque Opositor en la C\u00e1mara alta, no est\u00e1 en contra de esa figura; lo que ocurre es que no quieren que se apruebe sobre las rodillas, en \u201cfast-track\u201d porque por lo que se ve, al Presidente ya le urge, ya est\u00e1 que se le \u201cqueman las habas\u201d para que alrededor de los d\u00edas 5 o 6 de marzo, se aplique este ejercicio. Total que ayer, en menos de 16 minutos y sin ninguna discusi\u00f3n de por medio, Morena y, ojo, s\u00f3lo una de sus r\u00e9moras, el PES, se aprob\u00f3 en lo general la Revocaci\u00f3n de Mandato.<\/p>\n<p>*** Una cuesti\u00f3n, sin duda, llama poderosamente la atenci\u00f3n y es que el resto de las bancadas aliadas del partido oficial, de plano no votaron en Comisiones como fue el caso de la senadora del PT, <strong>Nancy de la Sierra<\/strong>, as\u00ed como tampoco el PVEM, porque parece que no est\u00e1n muy de acuerdo con este tema. Pero los de Morena no se detuvieron por eso y aprobaron con la ausencia de la oposici\u00f3n y ahora lo que falta es lo m\u00e1s dif\u00edcil para que en un apretado per\u00edodo extraordinario se aprobara la Revocaci\u00f3n de Mandato. Sobre el mismo tema, por su parte, el senador panista <strong>Dami\u00e1n Zepeda<\/strong> subray\u00f3 que es evidente que el tema a\u00fan no est\u00e1 listo y puso al descubierto las intenciones de Morena de que la Revocaci\u00f3n de Mandato no sea un castigo, sino m\u00e1s bien un premio que halague ni m\u00e1s ni menos que al inquilino de Palacio Nacional. Es preciso se\u00f1alar que en la C\u00e1mara alta, el bloque de contenci\u00f3n se mantiene unido y rechazar\u00edan este dictamen, debido b\u00e1sicamente a la premura con la que el partido oficial intenta sacarlo, y ya no habr\u00eda per\u00edodo extraordinario.<\/p>\n<p>*** No se puede legislar sobre las rodillas temas de trascendencia para la pol\u00edtica nacional, manifest\u00f3 el legislador panista y a contrapelo de lo dicho por el Ejecutivo en su gustad\u00edsima ma\u00f1anera, Dami\u00e1n Zepeda se pronunci\u00f3 por que haya Revocaci\u00f3n de Mandato \u201cpero bien hecha\u201d y por ello propuso que se lleve a cabo una mesa t\u00e9cnica \u201cdonde estemos sentados todos y se discutan los detalles\u201d. El senador Zepeda tambi\u00e9n plante\u00f3 -y esto sin duda es indispensable-, una reuni\u00f3n con el INE que es el Instituto encomendado a realizar, en este caso, el ejercicio de la Revocaci\u00f3n de Mandato. Esto, sin soslayar que falta menos de un mes, escasas dos semanas para el 1 de septiembre. \u00bfCu\u00e1l es la prisa?<\/p>\n<p>*** A buen \u00e1rbol se arriman. Vaya decisi\u00f3n de que la flamante secretaria de Gobernaci\u00f3n, <strong>Olga S\u00e1nchez Cordero<\/strong>, se haga cargo, por instrucciones directas, se supone, de Palacio Nacional, del caso de <strong>Jos\u00e9 Eduardo Ravelo<\/strong>, joven torturado, violado y asesinado por polic\u00edas del municipio de M\u00e9rida, que no fueron vinculados a proceso e incluso, el alcalde de la capital yucateca, <strong>Ren\u00e1n Barrera<\/strong>, se dedic\u00f3 a defenderlos.<\/p>\n<p>*** El alcalde en Benito Ju\u00e1rez, <strong>Santiago Taboada<\/strong>, estuvo, al igual que la jefa de Gobierno de la CDMX, <strong>Claudia Sheinbaum<\/strong>, en la explosi\u00f3n por una fuga de gas en un departamento, de la colonia Acacias, en un edificio en el que lamentablemente una persona perdi\u00f3 la vida. Taboada anunci\u00f3 que se ofreci\u00f3 a los afectados como apoyo, la primera noche de hotel e inform\u00f3 que \u201cestamos apoyando y coordinando con Protecci\u00f3n Civil y con la Fiscal\u00eda de la CDMX\u201d para que se esclarezca que es lo que provoc\u00f3 el incidente 22 heridos y un edificio de departamentos destruido.<\/p>\n<p>***\u00bfNo que ya no hab\u00eda granaderos?, habr\u00eda que preguntarle a la flamante jefa de Gobierno de la CDMX, pues ayer, hubo un enfrentamiento entre polic\u00edas mujeres del Grupo Atenea de la CDMX y las famosas encapuchadas que cada vez que marchan, hacen destrozos. Alrededor de 100 embozadas muy agresivas, por cierto, se indignaron porque los monumentos a lo largo de Paseo de la Reforma estaban resguardados para evitar los destrozos que estas manifestantes suelen realizar.<\/p>\n<p><u><a href=\"mailto:morcora@gmail.com\" target=\"_blank\" rel=\"noopener noreferrer\"><em>morcora@gmail.com<\/em><\/a><\/u><\/p>\n","protected":false},"excerpt":{"rendered":"<p><span style=\"color: #005497;\"><strong>Adriana Moreno Cordero<\/strong><\/span><\/p>\n","protected":false},"author":3,"featured_media":0,"comment_status":"open","ping_status":"open","sticky":false,"template":"","format":"standard","meta":{"_monsterinsights_skip_tracking":false,"_monsterinsights_sitenote_active":false,"_monsterinsights_sitenote_note":"","_monsterinsights_sitenote_category":0,"footnotes":""},"categories":[69370],"tags":[69369,69368,43674],"class_list":["post-517437","post","type-post","status-publish","format-standard","hentry","category-adriana-moreno-cordero","tag-adriana-moreno-cordero","tag-la-retaguardia","tag-opinion"],"_links":{"self":[{"href":"https:\/\/www.diarioimagen.net\/index.php?rest_route=\/wp\/v2\/posts\/517437","targetHints":{"allow":["GET"]}}],"collection":[{"href":"https:\/\/www.diarioimagen.net\/index.php?rest_route=\/wp\/v2\/posts"}],"about":[{"href":"https:\/\/www.diarioimagen.net\/index.php?rest_route=\/wp\/v2\/types\/post"}],"author":[{"embeddable":true,"href":"https:\/\/www.diarioimagen.net\/index.php?rest_route=\/wp\/v2\/users\/3"}],"replies":[{"embeddable":true,"href":"https:\/\/www.diarioimagen.net\/index.php?rest_route=%2Fwp%2Fv2%2Fcomments&post=517437"}],"version-history":[{"count":0,"href":"https:\/\/www.diarioimagen.net\/index.php?rest_route=\/wp\/v2\/posts\/517437\/revisions"}],"wp:attachment":[{"href":"https:\/\/www.diarioimagen.net\/index.php?rest_route=%2Fwp%2Fv2%2Fmedia&parent=517437"}],"wp:term":[{"taxonomy":"category","embeddable":true,"href":"https:\/\/www.diarioimagen.net\/index.php?rest_route=%2Fwp%2Fv2%2Fcategories&post=517437"},{"taxonomy":"post_tag","embeddable":true,"href":"https:\/\/www.diarioimagen.net\/index.php?rest_route=%2Fwp%2Fv2%2Ftags&post=517437"}],"curies":[{"name":"wp","href":"https:\/\/api.w.org\/{rel}","templated":true}]}}