{"id":517442,"date":"2021-08-17T00:08:21","date_gmt":"2021-08-17T05:08:21","guid":{"rendered":"https:\/\/www.diarioimagen.net\/?p=517442"},"modified":"2021-08-17T02:29:29","modified_gmt":"2021-08-17T07:29:29","slug":"sin-estrategia-para-retorno-a-clases","status":"publish","type":"post","link":"https:\/\/www.diarioimagen.net\/?p=517442","title":{"rendered":"Sin estrategia para retorno a clases"},"content":{"rendered":"<h2>Punto por punto<\/h2>\n<h5>Augusto Corro<\/h5>\n<p>&nbsp;<\/p>\n<p>El regreso a clases presenciales de millones de ni\u00f1os deber\u00e1 contar con centros escolares seguros en condiciones materiales, sanitarias y de conectividad. Esa responsabilidad ser\u00e1 de las autoridades de los niveles municipal, estatal y federal.<\/p>\n<p>A la fecha, no se ve una estrategia del gobierno que pudiera ofrecer seguridad en las escuelas y protecci\u00f3n a los menores, seg\u00fan consideraciones de los expertos.<\/p>\n<p>No se trata de una simple decisi\u00f3n de los padres de familia; tampoco del retorno a las aulas se llevar\u00e1 a cabo el 30 de agosto as\u00ed \u201cllueva, truene o relampaguee\u201d, como lo dijo el presidente, L\u00f3pez Obrador.<\/p>\n<p>Ya el gobierno se lav\u00f3 las manos al decir que no ser\u00e1 obligatorio asistir a las clases presenciales. O sea que s\u00ed pero no. \u00bfQu\u00e9 es lo que buscan las autoridades con el regreso a las aulas en plena tercera ola de la Covid-19?<\/p>\n<p>\u00bfLes pesa tanto el problema de la crisis econ\u00f3mica? \u00bfPrefiere el gobierno que los ni\u00f1os corran el riesgo de contagiarse y llevar el virus a casa? \u00bfPor qu\u00e9 no demorar unos d\u00edas las clases presenciales?<\/p>\n<p>Como se\u00f1alamos en este espacio no estamos en contra de que se regrese a los centros escolares, sino que esa acci\u00f3n se lleve a cabo cuando los ni\u00f1os y la mayor parte de la poblaci\u00f3n se encuentren vacunados.<\/p>\n<p>\u00bfCu\u00e1l ser\u00e1 la estrategia para que los menores no se expongan al contagio? \u00bfHabr\u00e1 inspectores de salud que midan la sana distancia a la hora del recreo? \u00bfTodas las escuelas tienen agua? \u00bfCuentan con ventilaci\u00f3n adecuada?<\/p>\n<p>En lo que va de junio y agosto creci\u00f3 401% la transmisi\u00f3n de la Covid en menores.<\/p>\n<p>\u00bfCu\u00e1les ser\u00e1n las medidas de protecci\u00f3n y protocolos para mitigar los impactos de la pandemia ante el anuncio de regreso presencial a clases?<\/p>\n<p>Por su parte, la Iglesia cat\u00f3lica mexicana solicit\u00f3 al mandatario al gobierno de L\u00f3pez Obrador proteger a los estudiantes en el retorno a clases presenciales.<\/p>\n<p>Tambi\u00e9n dijo que \u201cparticularmente en el caso del regreso a clase, tambi\u00e9n existe responsabilidad en las autoridades educativas ya sean de Gobierno o de la iniciativa privada, en garantizar pol\u00edticas que protejan a estudiantes\u201d.<\/p>\n<p>Las medidas que considera la Iglesia cat\u00f3lica para enfrentar el regreso a clases durante la tercera ola de la Covid, son:<\/p>\n<p>Estrategia de cuidados efectivos, pol\u00edtica educativa adecuada a los nuevos escenarios y capacitaci\u00f3n a los docentes, padres de familia y estudiantes.<\/p>\n<p>Propuso encontrar soluciones entre todos, as\u00ed como explorar alternativas viables, adecuadas y urgentes seg\u00fan los recursos disponibles de cada familia.<\/p>\n<p>Sobre la situaci\u00f3n de la Covid en el pa\u00eds se\u00f1al\u00f3 que M\u00e9xico acumula casi 250 mil muertos por la pandemia; as\u00ed como m\u00e1s de 130 mil menores de edad hu\u00e9rfanos.<\/p>\n<p>\u00bfUsted qu\u00e9 opina amable lector?<\/p>\n<p><strong>Puntos suspensivos\u2026<\/strong><\/p>\n<p>El Partido Acci\u00f3n Nacional (PAN) inicia la renovaci\u00f3n de su dirigencia nacional. Tiempos dif\u00edciles para los panistas que no tienen l\u00edderes apropiados que dirijan el partido.<\/p>\n<p>Esa organizaci\u00f3n pol\u00edtica cay\u00f3 en la mediocridad a partir de la derrota sufrida en las elecciones presidenciales recientes.<\/p>\n<p>A partir de esa fecha, Acci\u00f3n Nacional se convirti\u00f3 en un partido \u201cchiquito\u201d, con un padr\u00f3n de apenas 270 mil 623 militantes, un poco m\u00e1s del m\u00ednimo para conservar si registro como partido.<\/p>\n<p>Lo peor que le pudo suceder a los blanquiazules es el regreso de Margarita Zavala a la bancada del PAN en San L\u00e1zaro.<\/p>\n<p>Como se sabe, Margarita Zavala, esposa del ex presidente Felipe Calder\u00f3n, fue rechazada por el partido en ocasiones anteriores cuando intent\u00f3 ser legisladora.<\/p>\n<p>No logr\u00f3 su prop\u00f3sito y dej\u00f3 ese instituto pol\u00edtico para lanzar su candidatura independiente a la Presidencia de la Rep\u00fablica, que result\u00f3 un fracaso.<\/p>\n<p>Todo lo que negativo que sucede en el partido blanquiazul, llev\u00f3 al a\u00fan gobernador de Chihuahua, Javier Corral, de extracci\u00f3n panista, a declarar que el \u201cPAN\u201d est\u00e1 deteriorado en proceso de putrefacci\u00f3n\u201d.<\/p>\n<p>\u00bfUsted qu\u00e9 opina amable lector?<\/p>\n<p><a href=\"mailto:aco2742@hotmail.com\" target=\"_blank\" rel=\"noopener noreferrer\"><em>aco2742@hotmail.com<\/em><\/a><\/p>\n","protected":false},"excerpt":{"rendered":"<p><span style=\"color: #005497;\"><strong>Augusto Corro<\/strong><\/span><\/p>\n","protected":false},"author":3,"featured_media":0,"comment_status":"open","ping_status":"open","sticky":false,"template":"","format":"standard","meta":{"_monsterinsights_skip_tracking":false,"_monsterinsights_sitenote_active":false,"_monsterinsights_sitenote_note":"","_monsterinsights_sitenote_category":0,"footnotes":""},"categories":[157],"tags":[43686,43674,11515],"class_list":["post-517442","post","type-post","status-publish","format-standard","hentry","category-augusto-corro","tag-augusto-corro","tag-opinion","tag-punto-por-punto"],"_links":{"self":[{"href":"https:\/\/www.diarioimagen.net\/index.php?rest_route=\/wp\/v2\/posts\/517442","targetHints":{"allow":["GET"]}}],"collection":[{"href":"https:\/\/www.diarioimagen.net\/index.php?rest_route=\/wp\/v2\/posts"}],"about":[{"href":"https:\/\/www.diarioimagen.net\/index.php?rest_route=\/wp\/v2\/types\/post"}],"author":[{"embeddable":true,"href":"https:\/\/www.diarioimagen.net\/index.php?rest_route=\/wp\/v2\/users\/3"}],"replies":[{"embeddable":true,"href":"https:\/\/www.diarioimagen.net\/index.php?rest_route=%2Fwp%2Fv2%2Fcomments&post=517442"}],"version-history":[{"count":0,"href":"https:\/\/www.diarioimagen.net\/index.php?rest_route=\/wp\/v2\/posts\/517442\/revisions"}],"wp:attachment":[{"href":"https:\/\/www.diarioimagen.net\/index.php?rest_route=%2Fwp%2Fv2%2Fmedia&parent=517442"}],"wp:term":[{"taxonomy":"category","embeddable":true,"href":"https:\/\/www.diarioimagen.net\/index.php?rest_route=%2Fwp%2Fv2%2Fcategories&post=517442"},{"taxonomy":"post_tag","embeddable":true,"href":"https:\/\/www.diarioimagen.net\/index.php?rest_route=%2Fwp%2Fv2%2Ftags&post=517442"}],"curies":[{"name":"wp","href":"https:\/\/api.w.org\/{rel}","templated":true}]}}