{"id":517486,"date":"2021-08-17T00:08:36","date_gmt":"2021-08-17T05:08:36","guid":{"rendered":"https:\/\/www.diarioimagen.net\/?p=517486"},"modified":"2021-08-17T03:08:13","modified_gmt":"2021-08-17T08:08:13","slug":"a-pesar-de-amenazas-de-la-4t-el-tribunal-electoral-no-flaquea","status":"publish","type":"post","link":"https:\/\/www.diarioimagen.net\/?p=517486","title":{"rendered":"A pesar de amenazas de la 4T, el Tribunal Electoral no flaquea"},"content":{"rendered":"<h2>Clase Pol\u00edtica<\/h2>\n<h5>Miguel \u00c1ngel Rivera<\/h5>\n<p>&nbsp;<\/p>\n<p>Al gobierno de la la llamada Cuarta Transformaci\u00f3n y al partido oficial, Morena, les urge sacar asuntos pendientes en periodos extraordinarios porque cada vez pierden m\u00e1s sitios en la venidera C\u00e1mara de Diputados y con ello se reduce su capacidad de realizar reformas constitucionales para anular definitivamente a los \u201cconservadores\u201d y \u201cneoliberales\u201d.<\/p>\n<p>Ya escuchamos, el viernes pasado y ayer, las intenciones del presidente Andr\u00e9s Manuel L\u00f3pez Obrador de modificar pr\u00e1cticamente todo lo relacionado con el Poder Judicial y los organismos electorales.<\/p>\n<p>Esta actitud no es nueva. Desde hace tiempo el primer mandatario ha condenado a jueces, magistrados y hasta ministros de la Suprema Corte de Justicia, ya sea por corruptos o por estar al servicio o congeniar con los principios de sus aborrrecidos gobiernos anteriores. Lo que llama la atenci\u00f3n es la llamada de atenci\u00f3n a sus legisladores \u201cmorenos y asociados\u201d de acelerar las acciones para \u201cdepurar\u201d el Poder Judicial y, de plano, desaparecer a los actuales organismo electorales, ya sea el INE o el TEPJF.<\/p>\n<p>El viernes, en La Laguna, en relaci\u00f3n a problemas con la asignaci\u00f3n del agua, L\u00f3pez Obrador se desat\u00f3 contra el Poder Judicial:<\/p>\n<p>\u201cY si ya empezaron los amparos, entonces no vamos a poder terminar la obra. \u00bfUstedes creen que yo voy a confiar en el Poder Judicial? No me estoy chupando el dedo. Desgraciadamente, el Poder Judicial est\u00e1 podrido. Hay honrosas excepciones, para no generalizar, pero jueces, magistrados, ministros, est\u00e1n al servicio de los grupos de intereses creados y tienen una mentalidad muy conservadora, ultraconservadora. Si tuvi\u00e9semos un Poder Judicial confiable, yo dir\u00eda no hay problema, vamos al litigio, vamos a demostrar que no hay afectaciones, pero no. Nos metemos en eso, nos entrampamos, nos presentan una denuncia y luego otra, y otra y otra y se nos va el tiempo, y es una t\u00e1ctica dilatoria y no se hace la obra, ya hay hasta licitaciones en este caso\u201d.<\/p>\n<p>En confirmaci\u00f3n de que es una persona de ideas fijas, en su conferencia ma\u00f1anera de ayer, lunes, el jefe del Ejecutivo reinici\u00f3 su perorata.<\/p>\n<p>Insisti\u00f3 en la necesidad de un cambio completo y una renovaci\u00f3n tajante tanto en el Tribunal Electoral del Poder Judicial de la Federaci\u00f3n (TEPJF) como en el Instituto Nacional Electoral (INE) porque sus integrantes no son dem\u00f3cratas y no respetan la voluntad del pueblo.<\/p>\n<p>En su conferencia en Palacio Nacional, el primer mandatario dijo que los partidos crearon el TEPJF como un <em>Frankenstein<\/em> a imagen y semejanza de sus intereses, pues son completamente independientes y ni siquiera puede ser regulado por el Poder Judicial.<\/p>\n<p>En consecuencia, se manifest\u00f3 a favor de un cambio completo, renovaci\u00f3n tajante. \u201cNo se puede con lo mismo, no son dem\u00f3cratas, no respetan la voluntad del pueblo, no act\u00faan con rectitud, no aplican al margen de la ley nada y por encima de la ley nadie. Entonces no pueden estar ah\u00ed, tiene que haber un cambio, no es un asunto personal, es que no han estado a la altura de las circunstancias y tenemos que dar establecida una aut\u00e9ntica democracia en el pa\u00eds\u201d.<\/p>\n<p>En respuesta a una pregunta a modo, el titular del Ejecutivo confirm\u00f3 que presentar\u00e1 una iniciativa de reforma tanto del INE como del Tribunal Electoral.<\/p>\n<p>&#8211; En la reforma, por ejemplo, \u00bfusted plantear\u00eda el retiro de todos tanto el INE como del tribunal?<\/p>\n<p>&#8211; S\u00ed, s\u00ed, cambio, respondi\u00f3 L\u00f3pez Obrador.<\/p>\n<p>&#8211; \u00bfDe todos?, dijo el interlocutor.<\/p>\n<p>&#8211; Completo, s\u00ed, cambio completo, renovaci\u00f3n tajante, reafirm\u00f3 el presidente, quien a\u00f1adi\u00f3:<\/p>\n<p>\u201cNo se puede con lo mismo. No son dem\u00f3cratas, no respetan la voluntad del pueblo, no act\u00faan con rectitud, no aplican que al margen de la ley nada y por encima de la ley nadie. Entonces, no pueden estar ah\u00ed, tiene que haber un cambio. No es un asunto personal, es que no han estado a la altura de las circunstancias.<\/p>\n<p>\u201cY tenemos que dejar establecida una aut\u00e9ntica democracia en el pa\u00eds, nosotros tenemos ese compromiso. Si luchamos durante a\u00f1os para hacer valer la democracia \u00bfc\u00f3mo es que llegamos y dejamos lo mismo, aceptamos que el tribunal est\u00e9 al servicio de la partidocracia, de los que pusieron, de los que nombraron a sus integrantes? \u00bfC\u00f3mo?<\/p>\n<p>Luego insisti\u00f3 en que el Tribunal act\u00faa de modo faccioso, \u201cmanejando la ley a su antojo, ni siquiera dependen del Poder Judicial, eso es una pantalla\u201d.<\/p>\n<p>\u201cNo es del Poder Judicial, no es del Poder Judicial\u201d, dijo el presidente al recordar el reciente conflicto para destituir al presidente del TEPJF, Jos\u00e9 Luis Vargas. \u201cCuando se gener\u00f3 la pol\u00e9mica qued\u00f3 claro, a m\u00ed me explicaron de que no tienen que ver los ministros, no tiene que ver el Poder Judicial, es m\u00e1s, creo que ni quisiera el Consejo de la Judicatura. Los partidos crearon esto, este <em>Frankenstein<\/em>, a imagen y semejanza de sus intereses.<\/p>\n<p>\u201cEntonces, son completamente aut\u00f3nomos, independientes, pueden hacer lo que quieran, no dependen del Poder Judicial en estricto sentido, en la formalidad s\u00ed. Entonces, hay que cambiar. Si los partidos no quieren, pues que la gente &#8211; aqu\u00ed lo vamos a estar informando &#8211; sepa qui\u00e9nes se oponen a la reforma.<\/p>\n<p>El primer mandatario asegur\u00f3 que esto va a cambiar con la reforma que prepara.<\/p>\n<p style=\"text-align: center;\"><strong>Morena pierde tres diputados<\/strong><\/p>\n<p>Adem\u00e1s de acciones anteriores, como la cancelaci\u00f3n del registro de los candidatos de Morena a los gobiernos de Guerrero, F\u00e9lix Salgado, y de Michoac\u00e1n, Ra\u00fal Mor\u00f3n, el rencor en las filas de la la llamada Cuarta Transformaci\u00f3n contra el Tribunal Electoral se fortaleci\u00f3 el pasado fin de semana, cuando se dio a conocer que la Sala Superior determin\u00f3 quitar tres diputaciones federales al partido Morena, una en la Ciudad de M\u00e9xico, una en Baja California Sur y otra en Nuevo Le\u00f3n.<\/p>\n<p>Por lo pronto, la p\u00e9rdida de esas tres posiciones, resta al partido oficial la capacidad de emprender cambios a la Constituci\u00f3n como los que requieren algunos de los cambios que pretende el presidente de la Rep\u00fablica, incluidos las desapariciones del propio TEPJF y el INE.<\/p>\n<p>Con los anunciados cambios, el n\u00famero de diputados federales del PAN a la LXV Legislatura que entra en funciones el 1 de septiembre pasa de 113 a 116. Por contrapartida, Morena ver\u00e1 reducida su participaci\u00f3n de 203 a s\u00f3lo 200.<\/p>\n<p>Esto porque el TEPJF valid\u00f3 las victorias de Wendy Cordero, en el distrito 3 de Nuevo Le\u00f3n; Marco Antonio Almend\u00e1riz Puppo, en el 1 de Baja California Sur; y Wendy Gonz\u00e1lez, en 3 de Azcapotzalco, en la Ciudad de M\u00e9xico, en respuesta a denuncias de la Coalici\u00f3n Va por M\u00e9xico y por el PAN en las elecciones federales del pasado 6 de junio, la Sala Superior del TEPJF determin\u00f3 revocar las victorias de la Coalici\u00f3n Juntos Haremos Historia en dichos distritos electorales.<\/p>\n<p>El PAN se fortalece con su triunfo \u00a1Muchas Felicidades!, escribi\u00f3 el dirigente nacional panista, Marko Cort\u00e9s en su cuenta de Twitter.<\/p>\n<p>Por su parte, el presidente de Morena, Mario Delgado, descalific\u00f3 la determinaci\u00f3n del TEPJF y retom\u00f3 la propuesta del presidente L\u00f3pez Obrador de separar de sus cargos a todos los magistrados el tribunal electoral.<\/p>\n<p>\u201c\u00bfQui\u00e9n gana con el conflicto interno del Tribunal Electoral? Hoy acaban de quitarle tres diputaciones federales a nuestra coalici\u00f3n. El caso de Azcapotzalco, un verdadero robo \u00bfCu\u00e1ntos veremos en estos d\u00edas? Que se vayan todos \u00a1Urge una reforma electoral!\u201d, indic\u00f3 Delgado en sus redes sociales.<\/p>\n<p>La jefa de Gobierno de la Ciudad de M\u00e9xico, Claudia Sheinbaum trat\u00f3 de justificar su condici\u00f3n de precandidata presidencial de Morena al descalificar la decisi\u00f3n de los magistrados electorales.<\/p>\n<p>Durante un encuentro con reporteros, Sheinbaum calific\u00f3 de \u201crobo\u201d la resoluci\u00f3n del TEPJF, por la cual la \u201cmorena\u201d Gabriela Jim\u00e9nez perdi\u00f3 una diputaci\u00f3n y esa curul se otorg\u00f3 a la alianza Va por M\u00e9xico, conformada por PAN, PRI y PRD.<\/p>\n<p>A cambio, en comisiones, a pesar del voto en contra del PT, PRI y MC y la abstenci\u00f3n del PAN y PRD, la mayor\u00eda de Morena y el PES aprob\u00f3, en lo general, la Ley Federal de Revocaci\u00f3n de Mandato, que tanto le interesa al presidente L\u00f3pez Obrador para tratar de reactivar la simpat\u00eda popular para su proyecto.<\/p>\n<p>Morena y PES rechazaron la propuesta del bloque opositor de posponer el an\u00e1lisis de la ley e instalar una mesa de trabajo.<\/p>\n<p>Lo notable fue la reacci\u00f3n en contra del PT, otrora aliado de Morena, pero que se distanci\u00f3 a partir del desafuero de su diputado Mauricio Toledo. La petista Nancy de la Sierra se\u00f1al\u00f3 que el proyecto de dictamen no es claro, pues no hay un texto terminado.<\/p>\n<p><a href=\"mailto:riparcangel@hotmail.com\" target=\"_blank\" rel=\"noopener noreferrer\"><em>riparcangel@hotmail.com<\/em><\/a><\/p>\n","protected":false},"excerpt":{"rendered":"<p><span style=\"color: #005497;\"><strong>Miguel \u00c1ngel Rivera<\/strong><\/span><\/p>\n","protected":false},"author":3,"featured_media":0,"comment_status":"open","ping_status":"open","sticky":false,"template":"","format":"standard","meta":{"_monsterinsights_skip_tracking":false,"_monsterinsights_sitenote_active":false,"_monsterinsights_sitenote_note":"","_monsterinsights_sitenote_category":0,"footnotes":""},"categories":[84119],"tags":[84120,84121,43674],"class_list":["post-517486","post","type-post","status-publish","format-standard","hentry","category-miguel-angel-rivera","tag-clase-politica","tag-miguel-angel-rivera","tag-opinion"],"_links":{"self":[{"href":"https:\/\/www.diarioimagen.net\/index.php?rest_route=\/wp\/v2\/posts\/517486","targetHints":{"allow":["GET"]}}],"collection":[{"href":"https:\/\/www.diarioimagen.net\/index.php?rest_route=\/wp\/v2\/posts"}],"about":[{"href":"https:\/\/www.diarioimagen.net\/index.php?rest_route=\/wp\/v2\/types\/post"}],"author":[{"embeddable":true,"href":"https:\/\/www.diarioimagen.net\/index.php?rest_route=\/wp\/v2\/users\/3"}],"replies":[{"embeddable":true,"href":"https:\/\/www.diarioimagen.net\/index.php?rest_route=%2Fwp%2Fv2%2Fcomments&post=517486"}],"version-history":[{"count":0,"href":"https:\/\/www.diarioimagen.net\/index.php?rest_route=\/wp\/v2\/posts\/517486\/revisions"}],"wp:attachment":[{"href":"https:\/\/www.diarioimagen.net\/index.php?rest_route=%2Fwp%2Fv2%2Fmedia&parent=517486"}],"wp:term":[{"taxonomy":"category","embeddable":true,"href":"https:\/\/www.diarioimagen.net\/index.php?rest_route=%2Fwp%2Fv2%2Fcategories&post=517486"},{"taxonomy":"post_tag","embeddable":true,"href":"https:\/\/www.diarioimagen.net\/index.php?rest_route=%2Fwp%2Fv2%2Ftags&post=517486"}],"curies":[{"name":"wp","href":"https:\/\/api.w.org\/{rel}","templated":true}]}}