{"id":517563,"date":"2021-08-18T00:01:18","date_gmt":"2021-08-18T05:01:18","guid":{"rendered":"https:\/\/www.diarioimagen.net\/?p=517563"},"modified":"2021-08-18T05:24:28","modified_gmt":"2021-08-18T10:24:28","slug":"interpol-busca-en-190-paises-al-empresario-aleman-magnani","status":"publish","type":"post","link":"https:\/\/www.diarioimagen.net\/?p=517563","title":{"rendered":"Interpol busca en 190 pa\u00edses al empresario Alem\u00e1n Magnani"},"content":{"rendered":"<p>&nbsp;<\/p>\n<ul>\n<li><strong><em>Confirman ficha roja<\/em><\/strong><\/li>\n<\/ul>\n<p>&nbsp;<\/p>\n<div id=\"attachment_517650\" style=\"width: 470px\" class=\"wp-caption aligncenter\"><a href=\"https:\/\/www.diarioimagen.net\/?attachment_id=517650\" rel=\"attachment wp-att-517650\"><img loading=\"lazy\" decoding=\"async\" aria-describedby=\"caption-attachment-517650\" class=\"size-full wp-image-517650\" src=\"https:\/\/www.diarioimagen.net\/wp-content\/uploads\/2021\/08\/ALEMAN-MAGNANI.jpg\" alt=\"\" width=\"460\" height=\"270\" \/><\/a><p id=\"caption-attachment-517650\" class=\"wp-caption-text\">El empresario Miguel Alem\u00e1n Magnani est\u00e1 acusado de defraudaci\u00f3n fiscal por m\u00e1s de 66 millones de pesos.<\/p><\/div>\n<p>&nbsp;<\/p>\n<p>La Fiscal\u00eda General de la Rep\u00fablica (FGR) confirm\u00f3 que la Interpol emiti\u00f3 la ficha roja para buscar y detener al empresario mexicano Miguel Alem\u00e1n Magnani, acusado de defraudaci\u00f3n fiscal por 66 millones 285 mil pesos.<\/p>\n<p>La FGR busca con esto cumplimentar la orden de aprehensi\u00f3n emitida contra Alem\u00e1n Magnani por defraudaci\u00f3n fiscal derivada de una querella presentada por la Procuradur\u00eda Fiscal de la Federaci\u00f3n en la que tambi\u00e9n se denunci\u00f3 a Miguel Alem\u00e1n Velasco, padre de Alem\u00e1n Magnani, pero contra \u00e9ste no solicit\u00f3 orden de captura.<\/p>\n<p>Hace d\u00edas, el abogado de Alem\u00e1n Magnani, Javier Mondrag\u00f3n, se\u00f1al\u00f3 que el empresario se encontraba en Francia y sali\u00f3 de M\u00e9xico desde finales del a\u00f1o pasado para buscar, presuntamente, recursos para reactivar la empresa.<\/p>\n<p>Seg\u00fan Mondrag\u00f3n, Alem\u00e1n Magnani cuenta tambi\u00e9n con pasaporte europeo, pues su madre, la Miss Universo, Christiane Magnani Martel, es francesa de nacimiento.<\/p>\n<p>A Alem\u00e1n Magnani se le acusa, en M\u00e9xico, de no haber entregado el Impuesto Sobre la Renta por un total de 66 millones de pesos correspondiente al ejercicio fiscal 2018.<\/p>\n<p>El gobierno mexicano busca que Alem\u00e1n Magnani haga frente a sus obligaciones como propietario de Interjet, empresa que adeuda, adem\u00e1s, alrededor de 5 mil millones de pesos en impuestos al fisco mexicano.<\/p>\n<p>La empresa a\u00e9rea comenz\u00f3 a tener problemas de operaci\u00f3n durante el primer trimestre del 2019, cuando cancel\u00f3 m\u00faltiples vuelos por no contar con aviones disponibles ni tripulaciones suficientes. Aunado a ello, la dificultad para encontrar piezas y mantenimiento para los aviones rusos Superjet100, complic\u00f3 a\u00fan m\u00e1s la operaci\u00f3n de la aerol\u00ednea, que, entonces, pertenec\u00eda completamente a la familia Alem\u00e1n.<\/p>\n<p>Interjet se fue quedando relegada y el flujo de efectivo escase\u00f3. Desde 2019 el empresario mexicano busc\u00f3 un pr\u00e9stamo de la banca de desarrollo para evitar que Interjet quebrara, pero no lo obtuvo.<\/p>\n<p>Despu\u00e9s, con la llegada de la pandemia, los problemas aumentaron. Interjet perdi\u00f3 casi la totalidad de sus aviones, pas\u00f3 de m\u00e1s de 60 a solo 4, y una planta laboral de m\u00e1s de 5 mil empleados, que no pudo mantener en activo y a los que no les paga desde agosto del a\u00f1o pasado.<\/p>\n<p>Ante esto, la familia Alem\u00e1n vendi\u00f3 el 90.4 por ciento de las acciones a Alejandro del Valle, un empresario desconocido en el mundo de la aviaci\u00f3n y que se comprometi\u00f3 a inyectar 150 millones de d\u00f3lares para salvar a la empresa. Pero no solo no se ingresaron esos recursos a la l\u00ednea a\u00e9rea, sino que los adeudos aumentaron e hicieron impostergable la puesta a tierra de Interjet, que no vuela desde el 11 de diciembre.<\/p>\n<p>A partir del 8 de enero de este a\u00f1o, la secci\u00f3n 15 de la CTM, que representa a la mayor parte de colaboradores de la Interjet, estall\u00f3 una huelga que se mantiene hasta ahora.<\/p>\n<p>Los pasivos de Interjet superan los mil 250 millones de d\u00f3lares.<\/p>\n","protected":false},"excerpt":{"rendered":"<p>La Fiscal\u00eda General de la Rep\u00fablica (FGR) confirm\u00f3 que la Interpol emiti\u00f3 la ficha roja para buscar y detener al empresario mexicano Miguel Alem\u00e1n Magnani, acusado de defraudaci\u00f3n fiscal por 66 millones 285 mil pesos.<\/p>\n","protected":false},"author":3,"featured_media":517650,"comment_status":"open","ping_status":"open","sticky":false,"template":"","format":"standard","meta":{"_monsterinsights_skip_tracking":false,"_monsterinsights_sitenote_active":false,"_monsterinsights_sitenote_note":"","_monsterinsights_sitenote_category":0,"footnotes":""},"categories":[3],"tags":[85343,65036,4207,93316],"class_list":["post-517563","post","type-post","status-publish","format-standard","has-post-thumbnail","hentry","category-nacional","tag-fgr","tag-fiscalia-general-de-la-republica","tag-interpol","tag-miguel-aleman-magnani"],"_links":{"self":[{"href":"https:\/\/www.diarioimagen.net\/index.php?rest_route=\/wp\/v2\/posts\/517563","targetHints":{"allow":["GET"]}}],"collection":[{"href":"https:\/\/www.diarioimagen.net\/index.php?rest_route=\/wp\/v2\/posts"}],"about":[{"href":"https:\/\/www.diarioimagen.net\/index.php?rest_route=\/wp\/v2\/types\/post"}],"author":[{"embeddable":true,"href":"https:\/\/www.diarioimagen.net\/index.php?rest_route=\/wp\/v2\/users\/3"}],"replies":[{"embeddable":true,"href":"https:\/\/www.diarioimagen.net\/index.php?rest_route=%2Fwp%2Fv2%2Fcomments&post=517563"}],"version-history":[{"count":0,"href":"https:\/\/www.diarioimagen.net\/index.php?rest_route=\/wp\/v2\/posts\/517563\/revisions"}],"wp:featuredmedia":[{"embeddable":true,"href":"https:\/\/www.diarioimagen.net\/index.php?rest_route=\/wp\/v2\/media\/517650"}],"wp:attachment":[{"href":"https:\/\/www.diarioimagen.net\/index.php?rest_route=%2Fwp%2Fv2%2Fmedia&parent=517563"}],"wp:term":[{"taxonomy":"category","embeddable":true,"href":"https:\/\/www.diarioimagen.net\/index.php?rest_route=%2Fwp%2Fv2%2Fcategories&post=517563"},{"taxonomy":"post_tag","embeddable":true,"href":"https:\/\/www.diarioimagen.net\/index.php?rest_route=%2Fwp%2Fv2%2Ftags&post=517563"}],"curies":[{"name":"wp","href":"https:\/\/api.w.org\/{rel}","templated":true}]}}