{"id":517578,"date":"2021-08-18T00:01:10","date_gmt":"2021-08-18T05:01:10","guid":{"rendered":"https:\/\/www.diarioimagen.net\/?p=517578"},"modified":"2021-08-18T05:37:10","modified_gmt":"2021-08-18T10:37:10","slug":"por-2-mil-700-millones-de-dolares-la-hotelera-estadounidense-hyatt-hotels-corporation-comprara-apple-leisure-group","status":"publish","type":"post","link":"https:\/\/www.diarioimagen.net\/?p=517578","title":{"rendered":"Por 2 mil 700 millones de d\u00f3lares la hotelera estadounidense <em>Hyatt Hotels Corporation<\/em> comprar\u00e1 <em>Apple Leisure Group <\/em>"},"content":{"rendered":"<h2>De cinco estrellas<\/h2>\n<h5>Victoria Gonz\u00e1lez Prado<\/h5>\n<p>&nbsp;<\/p>\n<ul>\n<li><strong><em>Oaxaca ser\u00e1 sede de la cuarta versi\u00f3n del Tianguis Tur\u00edstico de Pueblos M\u00e1gicos y el Encuentro Nacional de Turismo<\/em><\/strong><\/li>\n<li><strong>Air Canada<em>a\u00f1ade m\u00e1s vuelos a dos de los destinos m\u00e1s populares del Caribe: Punta Cana, Rep\u00fablica Dominicana y, Canc\u00fan, M\u00e9xico<\/em><\/strong><\/li>\n<\/ul>\n<p>&nbsp;<\/p>\n<div id=\"attachment_517660\" style=\"width: 470px\" class=\"wp-caption aligncenter\"><a href=\"https:\/\/www.diarioimagen.net\/?attachment_id=517660\" rel=\"attachment wp-att-517660\"><img loading=\"lazy\" decoding=\"async\" aria-describedby=\"caption-attachment-517660\" class=\"size-full wp-image-517660\" src=\"https:\/\/www.diarioimagen.net\/wp-content\/uploads\/2021\/08\/turismo-7.jpg\" alt=\"\" width=\"460\" height=\"270\" \/><\/a><p id=\"caption-attachment-517660\" class=\"wp-caption-text\">El <em>Secrets Vallarta Bay.<\/em><\/p><\/div>\n<p>&nbsp;<\/p>\n<p>Por 2 mil 700 millones de d\u00f3lares la hotelera estadounidense <em>Hyatt Hotels Corporation<\/em> lleg\u00f3 a acuerdo para comprar <em>Apple Leisure Group<\/em> (ALG) los fondos <em>KKR y KSL Capital Partners<\/em>, actuales propietarios de la cadena hotelera especializada en <em>resorts<\/em> y tambi\u00e9n con sede en EU.<\/p>\n<p>Los compradores esperan que la operaci\u00f3n se complete en el cuarto trimestre de este a\u00f1o, dependiendo de las condiciones y de las aprobaciones pertinentes por parte de los supervisores del mercado para la adquisici\u00f3n. El negocio de ALG continuar\u00e1 estando dirigido por su actual consejero delegado, <strong>Alejandro Reynal<\/strong>, que se convertir\u00e1 en miembro del equipo de liderazgo ejecutivo de <em>Hyatt<\/em> y reportar\u00e1 directamente al consejero delegado de <em>Hyatt,<\/em> <strong>Mark Hoplamazian<\/strong>.<\/p>\n<p>Con la compra, <em>Hyatt<\/em> espera ampliar su liderazgo en el segmento de todo incluido de lujo y el alcance en los diferentes mercados, en especial en Europa, seg\u00fan destaca el comunicado.<\/p>\n<p>ALG opera en el mercado a trav\u00e9s de varias firmas, entre las que destaca la gestora <em>AMResorts,<\/em> en centros vacacionales de lujo. Estos se comercializan bajo marcas: <em>Dreams<\/em> o <em>Secrets,<\/em> ambas presentes en Espa\u00f1a con establecimientos en Canarias y Baleares. Aunque, la marca Alua es la que tiene mayor presencia en Europa, con 35 establecimientos en Espa\u00f1a.<\/p>\n<p>En total, la cartera de ALG suma m\u00e1s de 33 mil habitaciones y ha crecido de nueve <em>resorts <\/em>en 2007 a aproximadamente 100 propiedades para finales del 2021, con cartera de otros 24 proyectos en desarrollo. Su principal escenario de operaciones es el Caribe. <em>Unlimited Vacation Club<\/em>, programa de fidelizaci\u00f3n de clientes, cuenta con m\u00e1s de 110 mll miembros, con tasa 18 por ciento de crecimiento anual compuesto en los \u00faltimos cinco a\u00f1os. En 2017, la empresa fue adquirida por <em>KKR<\/em> y <em>KSL<\/em> a otro fondo, <em>Bain Capital,<\/em> por precio que no trascendi\u00f3.<\/p>\n<p>As\u00ed, <em>Hyatt <\/em>ofrecer\u00e1, la cartera \u201cm\u00e1s grande de <em>resorts <\/em>todo incluido de lujo en el mundo\u201d, seg\u00fan el comunicado difundido por la cadena hotelera. Concretamente, destaca que duplicar\u00e1 su huella global de <em>resorts<\/em>, convirti\u00e9ndose en el operador m\u00e1s grande de hoteles de lujo en M\u00e9xico y el Caribe. Tambi\u00e9n ampliar\u00e1 60 por ciento su presencia en Europa. La\u00a0 adquisici\u00f3n extender\u00e1 la presencia de la marca <em>Hyatt<\/em> a 11 nuevas localizaciones.<\/p>\n<p>Cabe destacar que m\u00e1s del 80 por ciento de la compra se financiar\u00e1 con combinaci\u00f3n de efectivo disponible \u2014alrededor de mil millones de d\u00f3lares\u2014 y\u00a0 refinanciaci\u00f3n de la deuda de la compa\u00f1\u00eda que, al mismo tiempo, igualmente dispone de unos 500 millones de d\u00f3lares de financiaci\u00f3n de capital y que ha logrado un compromiso de financiaci\u00f3n de hasta mil 700 millones de d\u00f3lares con el banco J.P. Morgan.<\/p>\n<p><em>Hyatt Hotels Corporation,<\/em> con sede en Chicago, es una de las mayores cadenas mundiales. Al cierre del primer semestre de este a\u00f1o, contaba con m\u00e1s de mil hoteles y complejos\u00a0 todo incluido en 68 pa\u00edses, repartidos en los cinco continentes. La pandemia y sus consecuencias sobre el sector tur\u00edstico han favorecido la efervescencia de operaciones corporativas en el sector hotelero en los \u00faltimos meses.<\/p>\n<p>Por otra parte, Hyatt, mantiene su plan de vender propiedades (manteniendo la marca y la gesti\u00f3n de los hoteles) por hasta mil 500 millones de d\u00f3lares solo en 2021.<\/p>\n<p>\u2730\u2730\u2730\u2730\u2730 Oaxaca ser\u00e1 sede de dos de los eventos del sector tur\u00edstico programados para el pr\u00f3ximo a\u00f1o: el Tianguis Tur\u00edstico de Pueblos M\u00e1gicos y el Encuentro Nacional de Turismo, as\u00ed lo dieron a conocer <strong>Miguel Torruco Marqu\u00e9s<\/strong>, secretario de turismo federal y <strong>Alejandro Murat Hinojosa,<\/strong> gobernador de la entidad.<\/p>\n<p><strong>Torruco Marqu\u00e9s<\/strong> dijo que se otorg\u00f3 la sede de estos dos eventos a Oaxaca por su importante riqueza cultural, hist\u00f3rica y gastron\u00f3mica, que les dar\u00e1 sustento y ser\u00e1 el marco ideal para proyectar las m\u00e1ximas expresiones de los 132 Pueblos M\u00e1gicos del pa\u00eds. \u201cEstoy convencido que ser\u00e1n todo un \u00e9xito porque contamos con el compromiso y entusiasmo del gobernador Alejandro Murat\u201d.<\/p>\n<p>Por lo pronto, no se mencion\u00f3 ninguna fecha para la realizaci\u00f3n del Tianguis Tur\u00edstico de Pueblos M\u00e1gicos y se determinar\u00e1 indic\u00f3: \u201ctan pronto vaya cediendo el color del sem\u00e1foro epidemiol\u00f3gico que nos tiene atados\u201d.<\/p>\n<p>Sin embargo, asegur\u00f3 que el segundo Encuentro Nacional de Turismo se tiene programado para el primer bimestre del a\u00f1o pr\u00f3ximo en la ciudad de Oaxaca. Este evento,\u00a0 \u201cser\u00e1 un foro para que autoridades de los tres \u00f3rdenes de gobierno y legisladores locales y federales analicen los retos y desaf\u00edos que presenta este sector ante el arribo de la pandemia y las acciones a implementarse para su pronto recuperaci\u00f3n. Contamos con el compromiso y entusiasmo del gobernador del estado, que ve al turismo como una actividad estrat\u00e9gica para el desarrollo de cada entidad federativa\u201d, agreg\u00f3.<\/p>\n<p>En su oportunidad, el gobernador <strong>Alejandro Murat<\/strong> asegur\u00f3: \u201cel turismo es uno de los principales motores del crecimiento de Oaxaca, y la m\u00e1s grande riqueza de nuestra entidad son los oaxaque\u00f1os, guardianes de la enorme diversidad cultural y natural que nos distingue. Adem\u00e1s, han sabido actuar con gran responsabilidad ante la contingencia sanitaria, lo que nos permiti\u00f3 conservar la confianza de visitantes de todo el mundo que se saben cuidados con los estrictos protocolos de seguridad y la inigualable hospitalidad oaxaque\u00f1a\u201d.<\/p>\n<p>Sobre este Encuentro Nacional de Turismo, su coordinador general, <strong>Carlos Mora \u00c1lvarez<\/strong>, detall\u00f3 que entre las novedades que tendr\u00e1 se integrar\u00e1 al cuerpo acreditado de diplom\u00e1ticos en el pa\u00eds para que participen. \u201cTenemos un universo de 125 embajadores que estar\u00e1n confirmando y asistiendo a ese bello espacio que es Oaxaca\u201d.<\/p>\n<p>Del Tianguis de Pueblos M\u00e1gicos, el secretario de Turismo de Oaxaca, <strong>Carlos Rivera Castellanos<\/strong>, puntualiz\u00f3 que el anuncio es aliciente para seguir con la reactivaci\u00f3n segura y responsable en el estado. \u201cNos llena de j\u00fabilo recibir a los 132 Pueblos M\u00e1gicos que encontrar\u00e1n en nuestro estado el lugar ideal para compartir su riqueza\u201d.<\/p>\n<p>Para concluir, dijo que est\u00e1n listos con propuesta hotelera en la ciudad de Oaxaca con m\u00e1s de siete mil cuartos y han preparado diferentes protocolos de seguridad e higiene para cuidar de todos los visitantes.<\/p>\n<p>\u2730\u2730\u2730\u2730\u2730 <em>Air Canada<\/em> a\u00f1adir\u00e1 vuelos a dos de los destinos m\u00e1s populares del Caribe: Punta Cana, en Rep\u00fablica Dominicana, y Canc\u00fan, en M\u00e9xico.<\/p>\n<p>A partir del 5 de diciembre, la compa\u00f1\u00eda operar\u00e1 dos vuelos semanales entre la ciudad de Qu\u00e9bec y Punta Cana, en Rep\u00fablica Dominicana y, a partir del 4 de diciembre, habr\u00e1 dos vuelos semanales entre Qu\u00e9bec y Canc\u00fan, M\u00e9xico.<\/p>\n<p>\u201cPunta Cana y Canc\u00fan est\u00e1n entre los destinos tropicales m\u00e1s populares, y estamos contentos de poder recuperar estas conexiones\u201d, dijo <strong>Mark Galardo<\/strong>, vicepresidente Senior de Planificaci\u00f3n de Red y Gesti\u00f3n de Ingresos de <em>Air Canada<\/em>. \u201cEstas rutas no s\u00f3lo proporcionar\u00e1n opciones de vuelo diversas para los residentes de Qu\u00e9bec, sino que tambi\u00e9n reforzar\u00e1n nuestra posici\u00f3n en un mercado en crecimiento y servir\u00e1n mejor al Aeropuerto Internacional Jean Lesage, nuestro socio desde hace mucho tiempo.\u201d<\/p>\n<p>La aerol\u00ednea operar\u00e1 ambas rutas en aviones <em>Airbus A319 Rouge<\/em> con capacidad para 136 pasajeros.<\/p>\n<p>&nbsp;<\/p>\n<blockquote>\n<p style=\"text-align: right;\">\u201c<strong>El<\/strong> <strong>\u00e1ngel de la fama tiene sus alas hechas de papel&#8230; peri\u00f3dico\u201d.<br \/>\n<\/strong><\/p>\n<\/blockquote>\n<p>&nbsp;<\/p>\n<p><em><span class=\"Apple-converted-space\"><a href=\"mailto:victoriagprado@gmail.com\" target=\"_blank\" rel=\"noopener noreferrer\">victoriagprado@gmail.com<\/a><br \/>\nTwitter: <a href=\"https:\/\/twitter.com\/victoriagprado\" target=\"_blank\" rel=\"noopener noreferrer\">@victoriagprado<\/a><\/span><\/em><\/p>\n","protected":false},"excerpt":{"rendered":"<p>Por 2 mil 700 millones de d\u00f3lares la hotelera estadounidense <em>Hyatt Hotels Corporation<\/em> lleg\u00f3 a acuerdo para comprar <em>Apple Leisure Group<\/em> (ALG) los fondos <em>KKR y KSL Capital Partners<\/em>, actuales propietarios de la cadena hotelera especializada en <em>resorts<\/em> y tambi\u00e9n con sede en EU.<\/p>\n","protected":false},"author":3,"featured_media":517660,"comment_status":"open","ping_status":"open","sticky":false,"template":"","format":"standard","meta":{"_monsterinsights_skip_tracking":false,"_monsterinsights_sitenote_active":false,"_monsterinsights_sitenote_note":"","_monsterinsights_sitenote_category":0,"footnotes":""},"categories":[11],"tags":[107,43674,43681,106],"class_list":["post-517578","post","type-post","status-publish","format-standard","has-post-thumbnail","hentry","category-turismo","tag-de-cinco-estrellas","tag-opinion","tag-turismo","tag-victoria-gonzalez-prado"],"_links":{"self":[{"href":"https:\/\/www.diarioimagen.net\/index.php?rest_route=\/wp\/v2\/posts\/517578","targetHints":{"allow":["GET"]}}],"collection":[{"href":"https:\/\/www.diarioimagen.net\/index.php?rest_route=\/wp\/v2\/posts"}],"about":[{"href":"https:\/\/www.diarioimagen.net\/index.php?rest_route=\/wp\/v2\/types\/post"}],"author":[{"embeddable":true,"href":"https:\/\/www.diarioimagen.net\/index.php?rest_route=\/wp\/v2\/users\/3"}],"replies":[{"embeddable":true,"href":"https:\/\/www.diarioimagen.net\/index.php?rest_route=%2Fwp%2Fv2%2Fcomments&post=517578"}],"version-history":[{"count":0,"href":"https:\/\/www.diarioimagen.net\/index.php?rest_route=\/wp\/v2\/posts\/517578\/revisions"}],"wp:featuredmedia":[{"embeddable":true,"href":"https:\/\/www.diarioimagen.net\/index.php?rest_route=\/wp\/v2\/media\/517660"}],"wp:attachment":[{"href":"https:\/\/www.diarioimagen.net\/index.php?rest_route=%2Fwp%2Fv2%2Fmedia&parent=517578"}],"wp:term":[{"taxonomy":"category","embeddable":true,"href":"https:\/\/www.diarioimagen.net\/index.php?rest_route=%2Fwp%2Fv2%2Fcategories&post=517578"},{"taxonomy":"post_tag","embeddable":true,"href":"https:\/\/www.diarioimagen.net\/index.php?rest_route=%2Fwp%2Fv2%2Ftags&post=517578"}],"curies":[{"name":"wp","href":"https:\/\/api.w.org\/{rel}","templated":true}]}}