{"id":517581,"date":"2021-08-18T00:03:53","date_gmt":"2021-08-18T05:03:53","guid":{"rendered":"https:\/\/www.diarioimagen.net\/?p=517581"},"modified":"2021-08-18T07:24:36","modified_gmt":"2021-08-18T12:24:36","slug":"van-141-mil-880-naucalpenses-de-18-a-29-anos-vacunados-contra-coronavirus","status":"publish","type":"post","link":"https:\/\/www.diarioimagen.net\/?p=517581","title":{"rendered":"Van 141 mil 880 naucalpenses, de 18 a 29 a\u00f1os, vacunados contra coronavirus"},"content":{"rendered":"<p><strong>\u00a0<\/strong><\/p>\n<p><a href=\"https:\/\/www.diarioimagen.net\/?attachment_id=517682\" rel=\"attachment wp-att-517682\"><img loading=\"lazy\" decoding=\"async\" class=\"aligncenter size-full wp-image-517682\" src=\"https:\/\/www.diarioimagen.net\/wp-content\/uploads\/2021\/08\/naucalpan-7.jpg\" alt=\"\" width=\"460\" height=\"270\" \/><\/a><\/p>\n<p>&nbsp;<\/p>\n<p><strong>Naucalpan, Estado de M\u00e9xico.-<\/strong> Miles de j\u00f3venes acudieron a los cinco m\u00f3dulos de vacunaci\u00f3n que el gobierno municipal instal\u00f3 en el territorio para recibir la primera dosis contra Covid-19.<\/p>\n<p>Al final del sexto d\u00eda de la jornada, 20 mil 80 j\u00f3venes fueron por su inyecci\u00f3n, por lo que en Naucalpan, al d\u00eda lunes, 141 mil 880 ciudadanos de este sector poblacional han iniciado su esquema de inmunizaci\u00f3n.<\/p>\n<p>La juventud Naucalpense ha demostrado un alto sentido de responsabilidad, pues las sedes han presentado un flujo importante, principalmente el Parque Naucalli y el estacionamiento de la UVM Lomas Verdes, que son los puntos con mayor demanda.<\/p>\n","protected":false},"excerpt":{"rendered":"<p>Miles de j\u00f3venes acudieron a los cinco m\u00f3dulos de vacunaci\u00f3n que el gobierno municipal instal\u00f3 en el territorio para recibir la primera dosis contra Covid-19.<\/p>\n","protected":false},"author":3,"featured_media":517682,"comment_status":"open","ping_status":"open","sticky":false,"template":"","format":"standard","meta":{"_monsterinsights_skip_tracking":false,"_monsterinsights_sitenote_active":false,"_monsterinsights_sitenote_note":"","_monsterinsights_sitenote_category":0,"footnotes":""},"categories":[5],"tags":[89658,43675,260,970,92812],"class_list":["post-517581","post","type-post","status-publish","format-standard","has-post-thumbnail","hentry","category-estado-de-mexico","tag-coronavirus","tag-estado-de-mexico","tag-jovenes","tag-naucalpan","tag-vacunados"],"_links":{"self":[{"href":"https:\/\/www.diarioimagen.net\/index.php?rest_route=\/wp\/v2\/posts\/517581","targetHints":{"allow":["GET"]}}],"collection":[{"href":"https:\/\/www.diarioimagen.net\/index.php?rest_route=\/wp\/v2\/posts"}],"about":[{"href":"https:\/\/www.diarioimagen.net\/index.php?rest_route=\/wp\/v2\/types\/post"}],"author":[{"embeddable":true,"href":"https:\/\/www.diarioimagen.net\/index.php?rest_route=\/wp\/v2\/users\/3"}],"replies":[{"embeddable":true,"href":"https:\/\/www.diarioimagen.net\/index.php?rest_route=%2Fwp%2Fv2%2Fcomments&post=517581"}],"version-history":[{"count":0,"href":"https:\/\/www.diarioimagen.net\/index.php?rest_route=\/wp\/v2\/posts\/517581\/revisions"}],"wp:featuredmedia":[{"embeddable":true,"href":"https:\/\/www.diarioimagen.net\/index.php?rest_route=\/wp\/v2\/media\/517682"}],"wp:attachment":[{"href":"https:\/\/www.diarioimagen.net\/index.php?rest_route=%2Fwp%2Fv2%2Fmedia&parent=517581"}],"wp:term":[{"taxonomy":"category","embeddable":true,"href":"https:\/\/www.diarioimagen.net\/index.php?rest_route=%2Fwp%2Fv2%2Fcategories&post=517581"},{"taxonomy":"post_tag","embeddable":true,"href":"https:\/\/www.diarioimagen.net\/index.php?rest_route=%2Fwp%2Fv2%2Ftags&post=517581"}],"curies":[{"name":"wp","href":"https:\/\/api.w.org\/{rel}","templated":true}]}}