{"id":517582,"date":"2021-08-18T00:02:09","date_gmt":"2021-08-18T05:02:09","guid":{"rendered":"https:\/\/www.diarioimagen.net\/?p=517582"},"modified":"2021-08-18T07:25:11","modified_gmt":"2021-08-18T12:25:11","slug":"el-gobierno-de-huixquilucan-supervisa-cumplimiento-de-las-medidas-sanitarias","status":"publish","type":"post","link":"https:\/\/www.diarioimagen.net\/?p=517582","title":{"rendered":"El gobierno de Huixquilucan supervisa cumplimiento de\u00a0 las medidas sanitarias"},"content":{"rendered":"<p>&nbsp;<\/p>\n<ul>\n<li><strong><em>Operativos en comercios y en el transporte p\u00fablico<\/em><\/strong><\/li>\n<\/ul>\n<p>&nbsp;<\/p>\n<div id=\"attachment_517685\" style=\"width: 470px\" class=\"wp-caption aligncenter\"><a href=\"https:\/\/www.diarioimagen.net\/?attachment_id=517685\" rel=\"attachment wp-att-517685\"><img loading=\"lazy\" decoding=\"async\" aria-describedby=\"caption-attachment-517685\" class=\"size-full wp-image-517685\" src=\"https:\/\/www.diarioimagen.net\/wp-content\/uploads\/2021\/08\/huixquilucan-5.jpg\" alt=\"\" width=\"460\" height=\"270\" \/><\/a><p id=\"caption-attachment-517685\" class=\"wp-caption-text\">Se realizan operativos de manera permanente tanto en comercios fijos, semifijos y en el transporte p\u00fablico para verificar el cumplimiento de medidas sanitarias.<\/p><\/div>\n<p>&nbsp;<\/p>\n<p><strong>Huixquilucan, Estado de M\u00e9xico<\/strong>.- El gobierno municipal de Huixquilucan, que encabeza Enrique Vargas del Villar, realiza operativos de manera permanente tanto en comercios fijos, semifijos y en el transporte p\u00fablico, a fin de verificar el cumplimiento de las medidas sanitarias.<\/p>\n<p>En los tianguis, personal de Gobierno y Desarrollo Econ\u00f3mico acuden a verificar que se cumpla con el aforo permitido en sem\u00e1foro naranja, uso de cubrebocas, toma de temperatura al entrar y aplicaci\u00f3n de gel, conservar la sana distancia, colocaci\u00f3n barreras f\u00edsicas en cada puesto, as\u00ed como evitar que menores de edad acudan a estos lugares.<\/p>\n<p>En comercios establecidos, adem\u00e1s de las medidas mencionadas se estar\u00e1 verificando la colocaci\u00f3n del tapete sanitizante en la entrada y el respeto a los horarios establecidos.<\/p>\n<p>Cabe recordar, que por el incumplimiento de estas medidas, los comercios pueden ser clausurados, ya que desde el gobierno municipal habr\u00e1 cero tolerancia para quienes no acaten las medidas de sanidad ante el alto ritmo de contagios de Covid-19.<\/p>\n<p>Asimismo, en el transporte p\u00fablico se lleva a cabo el operativo \u201cPasajero responsable\u201d, con el cual se verifica que choferes y usuarios porten cubrebocas.<\/p>\n<p>Con estas acciones, el gobierno municipal de Huixquilucan encabezado por Enrique Vargas del Villar, protege la salud de las y los huixquiluquenses, por lo que se invita a la poblaci\u00f3n a que en la medida de lo posible se\u00a0 queden en casa y en caso de salir, respetar las medidas de sanidad.<\/p>\n","protected":false},"excerpt":{"rendered":"<p>El gobierno municipal de Huixquilucan, que encabeza Enrique Vargas del Villar, realiza operativos de manera permanente tanto en comercios fijos, semifijos y en el transporte p\u00fablico, a fin de verificar el cumplimiento de las medidas sanitarias.<\/p>\n","protected":false},"author":3,"featured_media":517685,"comment_status":"open","ping_status":"open","sticky":false,"template":"","format":"standard","meta":{"_monsterinsights_skip_tracking":false,"_monsterinsights_sitenote_active":false,"_monsterinsights_sitenote_note":"","_monsterinsights_sitenote_category":0,"footnotes":""},"categories":[5],"tags":[72882,47218,43675,1097],"class_list":["post-517582","post","type-post","status-publish","format-standard","has-post-thumbnail","hentry","category-estado-de-mexico","tag-cumplimiento","tag-enrique-vargas-del-villar","tag-estado-de-mexico","tag-huixquilucan"],"_links":{"self":[{"href":"https:\/\/www.diarioimagen.net\/index.php?rest_route=\/wp\/v2\/posts\/517582","targetHints":{"allow":["GET"]}}],"collection":[{"href":"https:\/\/www.diarioimagen.net\/index.php?rest_route=\/wp\/v2\/posts"}],"about":[{"href":"https:\/\/www.diarioimagen.net\/index.php?rest_route=\/wp\/v2\/types\/post"}],"author":[{"embeddable":true,"href":"https:\/\/www.diarioimagen.net\/index.php?rest_route=\/wp\/v2\/users\/3"}],"replies":[{"embeddable":true,"href":"https:\/\/www.diarioimagen.net\/index.php?rest_route=%2Fwp%2Fv2%2Fcomments&post=517582"}],"version-history":[{"count":0,"href":"https:\/\/www.diarioimagen.net\/index.php?rest_route=\/wp\/v2\/posts\/517582\/revisions"}],"wp:featuredmedia":[{"embeddable":true,"href":"https:\/\/www.diarioimagen.net\/index.php?rest_route=\/wp\/v2\/media\/517685"}],"wp:attachment":[{"href":"https:\/\/www.diarioimagen.net\/index.php?rest_route=%2Fwp%2Fv2%2Fmedia&parent=517582"}],"wp:term":[{"taxonomy":"category","embeddable":true,"href":"https:\/\/www.diarioimagen.net\/index.php?rest_route=%2Fwp%2Fv2%2Fcategories&post=517582"},{"taxonomy":"post_tag","embeddable":true,"href":"https:\/\/www.diarioimagen.net\/index.php?rest_route=%2Fwp%2Fv2%2Ftags&post=517582"}],"curies":[{"name":"wp","href":"https:\/\/api.w.org\/{rel}","templated":true}]}}