{"id":517585,"date":"2021-08-18T00:01:35","date_gmt":"2021-08-18T05:01:35","guid":{"rendered":"https:\/\/www.diarioimagen.net\/?p=517585"},"modified":"2021-08-18T07:25:55","modified_gmt":"2021-08-18T12:25:55","slug":"apoyo-para-pago-de-derechos-por-uso-de-fosas-en-panteones-de-tlalnepantla","status":"publish","type":"post","link":"https:\/\/www.diarioimagen.net\/?p=517585","title":{"rendered":"Apoyo para pago de derechos por uso de fosas en panteones de Tlalnepantla"},"content":{"rendered":"<p>&nbsp;<\/p>\n<ul>\n<li><strong><em>Programa \u201cRegularizaci\u00f3n de Refrendos Vencidos\u201d<\/em><\/strong><\/li>\n<\/ul>\n<p>&nbsp;<\/p>\n<div id=\"attachment_517687\" style=\"width: 470px\" class=\"wp-caption aligncenter\"><a href=\"https:\/\/www.diarioimagen.net\/?attachment_id=517687\" rel=\"attachment wp-att-517687\"><img loading=\"lazy\" decoding=\"async\" aria-describedby=\"caption-attachment-517687\" class=\"size-full wp-image-517687\" src=\"https:\/\/www.diarioimagen.net\/wp-content\/uploads\/2021\/08\/tlalnepantla-8.jpg\" alt=\"\" width=\"460\" height=\"206\" \/><\/a><p id=\"caption-attachment-517687\" class=\"wp-caption-text\">En sesi\u00f3n Ordinaria del Cabildo de Tlalnepantla, se aprob\u00f3 el programa \u201cRegularizaci\u00f3n de Refrendos Vencidos\u201d.<\/p><\/div>\n<p>&nbsp;<\/p>\n<p><strong>Tlalnepantla, Estado de M\u00e9xico<\/strong>.- Durante la Nonag\u00e9sima Tercera Sesi\u00f3n Ordinaria de cabildo, ediles aprobaron el programa \u201cRegularizaci\u00f3n de Refrendos Vencidos\u201d.<\/p>\n<p>El objetivo es condonar multas y recargos en el pago extempor\u00e1neo de los derechos por el uso de fosas en los 17 panteones municipales de Tlalnepantla.<\/p>\n<p>El alcalde, Raciel P\u00e9rez Cruz indic\u00f3 que con el fin de apoyar a la ciudadan\u00eda ante la pandemia de Covid-19 se implementa este programa que autoriza la condonaci\u00f3n del 100 por ciento de los accesorios que se generen en los pagos vencidos por refrendo de fosas que no han sido ocupadas, as\u00ed como el mantenimiento anual por metro cuadrado, del 17 de octubre al 17 de noviembre del 2021.<\/p>\n<p>En la misma sesi\u00f3n, fue autorizado otorgar un est\u00edmulo econ\u00f3mico a la directora del Coro Infantil Municipal de Tlalnepantla, Elda Belem Reyes Guti\u00e9rrez.<\/p>\n<p>Adem\u00e1s, se guard\u00f3 un minuto de silencio en memoria de Juan Coca Corona, Suboficial de Seguridad P\u00fablica, y Martha Escare\u00f1o Rom\u00e1n, servidora de la Coordinaci\u00f3n de Espacios P\u00fablicos.<\/p>\n","protected":false},"excerpt":{"rendered":"<p>Durante la Nonag\u00e9sima Tercera Sesi\u00f3n Ordinaria de cabildo, ediles aprobaron el programa \u201cRegularizaci\u00f3n de Refrendos Vencidos\u201d.<\/p>\n","protected":false},"author":3,"featured_media":517687,"comment_status":"open","ping_status":"open","sticky":false,"template":"","format":"standard","meta":{"_monsterinsights_skip_tracking":false,"_monsterinsights_sitenote_active":false,"_monsterinsights_sitenote_note":"","_monsterinsights_sitenote_category":0,"footnotes":""},"categories":[5],"tags":[43675,93505,169],"class_list":["post-517585","post","type-post","status-publish","format-standard","has-post-thumbnail","hentry","category-estado-de-mexico","tag-estado-de-mexico","tag-regularizacion-de-refrendos-vencidos","tag-tlalnepantla"],"_links":{"self":[{"href":"https:\/\/www.diarioimagen.net\/index.php?rest_route=\/wp\/v2\/posts\/517585","targetHints":{"allow":["GET"]}}],"collection":[{"href":"https:\/\/www.diarioimagen.net\/index.php?rest_route=\/wp\/v2\/posts"}],"about":[{"href":"https:\/\/www.diarioimagen.net\/index.php?rest_route=\/wp\/v2\/types\/post"}],"author":[{"embeddable":true,"href":"https:\/\/www.diarioimagen.net\/index.php?rest_route=\/wp\/v2\/users\/3"}],"replies":[{"embeddable":true,"href":"https:\/\/www.diarioimagen.net\/index.php?rest_route=%2Fwp%2Fv2%2Fcomments&post=517585"}],"version-history":[{"count":0,"href":"https:\/\/www.diarioimagen.net\/index.php?rest_route=\/wp\/v2\/posts\/517585\/revisions"}],"wp:featuredmedia":[{"embeddable":true,"href":"https:\/\/www.diarioimagen.net\/index.php?rest_route=\/wp\/v2\/media\/517687"}],"wp:attachment":[{"href":"https:\/\/www.diarioimagen.net\/index.php?rest_route=%2Fwp%2Fv2%2Fmedia&parent=517585"}],"wp:term":[{"taxonomy":"category","embeddable":true,"href":"https:\/\/www.diarioimagen.net\/index.php?rest_route=%2Fwp%2Fv2%2Fcategories&post=517585"},{"taxonomy":"post_tag","embeddable":true,"href":"https:\/\/www.diarioimagen.net\/index.php?rest_route=%2Fwp%2Fv2%2Ftags&post=517585"}],"curies":[{"name":"wp","href":"https:\/\/api.w.org\/{rel}","templated":true}]}}