{"id":517615,"date":"2021-08-18T00:10:25","date_gmt":"2021-08-18T05:10:25","guid":{"rendered":"https:\/\/www.diarioimagen.net\/?p=517615"},"modified":"2021-08-18T02:04:56","modified_gmt":"2021-08-18T07:04:56","slug":"donde-quedaron-los-federalistas","status":"publish","type":"post","link":"https:\/\/www.diarioimagen.net\/?p=517615","title":{"rendered":"\u00bfD\u00f3nde quedaron los federalistas?"},"content":{"rendered":"<h2>De frente y de perfil<\/h2>\n<h5>Ram\u00f3n Zurita Sahag\u00fan<\/h5>\n<p>&nbsp;<\/p>\n<p>Nacidos como un grupo que presentar\u00eda gran resistencia a diversas acciones del gobierno federal y que demandaban mayor atenci\u00f3n para sus entidades, los gobernadores que conformaron la Alianza Federalista llegaron en el momento preciso en que se requer\u00eda un grupo de oposici\u00f3n con presencia.<\/p>\n<p>Integrada por mandatarios estatales panistas, principalmente, priistas, un emecista, un perredista y un independiente, la alianza comenz\u00f3 con el pie derecho, fue bien vista por los opositores de Morena, aunque pronto se fue desdibujando y sus miembros fueron relegados a sus entidades.<\/p>\n<p>Amenazaban con salirse del pacto federal, exig\u00edan mayor equidad en la distribuci\u00f3n del erario, se reun\u00edan con alguna frecuencia y pronto fueron captando la atenci\u00f3n p\u00fablica, especialmente en las distintas entidades que gobiernan.<\/p>\n<p>Esa relativa fuerza que consiguieron en un inicio los manten\u00eda unidos para hacer un frente com\u00fan y anteponerse a algunas decisiones de la administraci\u00f3n p\u00fablica federal.<\/p>\n<p>Y aunque nunca consiguieron grandes cosas, hac\u00edan una f\u00e9rrea defensa de lo que ellos consideraban su verdad.<\/p>\n<p>Los comicios del a\u00f1o pasado reforzaron al grupo, ya que Coahuila, gobernado por uno de los aliancistas que iniciaron el grupo, Miguel Riquelme, obtuvo resultados para el partido gobernante, abriendo esperanzas para lo que vendr\u00eda despu\u00e9s, la gran elecci\u00f3n de la C\u00e1mara de Diputados y 15 gubernaturas.<\/p>\n<p>De los que formaron la Alianza Federalista, cuatro estados tendr\u00edan elecciones de gobernador y los otros seis solamente renovaci\u00f3n de los diputados federales y algunos comicios municipales.<\/p>\n<p>Un priista, un perredista, un panista y un independiente, terminan su ciclo como gobernantes durante este a\u00f1o y aunque no eran las figuras relevantes en el grupo aliancista, si dejan una merma que disminuir\u00e1 los efectos que buscan esos gobernantes.<\/p>\n<p>Colima, gobernada por Ignacio Peralta y Michoac\u00e1n, donde todav\u00eda se mantiene Silvano Aureoles, ser\u00e1n gobernadas por militantes de Morena, mientras en Nuevo Le\u00f3n se termin\u00f3 el tiempo de Jaime Rodr\u00edguez Calder\u00f3n, el <em>Bronco <\/em>y llega el emecista Samuel Garc\u00eda. Los panistas retuvieron Chihuahua, aunque le pes\u00f3 al gobernador del blanquiazul la victoria de Maru Campos.<\/p>\n<p>El cambio de gobierno acarrear\u00e1 que Indira Vizca\u00edno y Alfredo Ram\u00edrez Bedolla, ambos de Morena\u00a0dejen coja la alianza, al igual que la panista de Chihuahua Maru Campos y solamente Samuel Garc\u00eda podr\u00eda integrarse a instancias de Enrique Alfaro que se asume como su tutor.<\/p>\n<p>Los otros componentes de la relegada alianza poco podr\u00e1n hacer, al no encontrarse en su mejor momento. Es cierto que Alfaro consigui\u00f3 algunos triunfos importantes en su estado, donde mantuvo los principales ayuntamientos en manos emecistas, pero tambi\u00e9n sufri\u00f3 dolorosas derrotas, incluido Puerto Vallarta y otros ayuntamientos y en lo federal solamente gan\u00f3 7 diputaciones federales de 20. A Riquelme le fue mejor, ya que cinco de las siete diputaciones federales fueron ganados por el partido tricolor.<\/p>\n<p>Al que le fue terriblemente mal es a Francisco Javier Cabeza de Vaca de Tamaulipas, ya que perdieron mayor\u00eda en el Congreso local, los principales ayuntamientos y una gran merma en diputaciones federales.<\/p>\n<p>Los panistas Jos\u00e9 Rosas Aispuro, Mart\u00edn Orozco y Diego Sinhu\u00e9 Rodr\u00edguez de Durango, Aguascalientes y Guanajuato, entregaron buenas cuentas.<\/p>\n<p>Jaime Rodr\u00edguez Calder\u00f3n, de Nuevo Le\u00f3n, se cuece aparte por ser independiente, figura que desaparece de los gobernadores que entrar\u00e1n en funciones pr\u00f3ximamente.<\/p>\n<p>De los 15 nuevos gobernadores los de Morena que son 11, l\u00f3gicamente no formar\u00e1n parte de este grupo de mandatarios opositores. El doce es militante del Verde, partido vinculado a la alianza alrededor de Morena, dos son panistas, Quer\u00e9taro con Mauricio Kuri y Chihuahua con Maru Campos y el otro es emecista.<\/p>\n<p>Las cuatro bajas de la alianza no ser\u00e1 posible reponerlas y se duda que se integren algunos de los gobernantes en funciones, por lo que la fuerza que se supone dar\u00eda la Alianza Federalista a uno de sus fundadores, Enrique Alfaro Ram\u00edrez, se desvanece con el paso del tiempo.<\/p>\n<p style=\"text-align: center;\"><strong>*****<\/strong><\/p>\n<p>Nuevamente el gobierno mexicano recurre a la Interpol para la b\u00fasqueda de uno de los tantos pr\u00f3fugos de la justicia. Se trata en esta ocasi\u00f3n de un personaje con apellido rimbombante, ya que su abuelo fue Presidente de la Rep\u00fablica y su padre gobernador de Veracruz. Miguel Alem\u00e1n Magnani ser\u00e1 buscado en 190 pa\u00edses, acusado de fraude fiscal.<\/p>\n<p><a href=\"mailto:ramonzurita44@hotmail.com\" target=\"_blank\" rel=\"noopener noreferrer\"><em>ramonzurita44@hotmail.com<\/em><\/a><\/p>\n","protected":false},"excerpt":{"rendered":"<p><span style=\"color: #005497;\"><strong>Ram\u00f3n Zurita Sahag\u00fan<\/strong><\/span><br \/>\n<br \/>\nNacidos como un grupo que presentar\u00eda gran resistencia a diversas acciones del gobierno federal y que demandaban mayor atenci\u00f3n para sus entidades, los gobernadores que conformaron la Alianza Federalista llegaron en el momento preciso en que se requer\u00eda un grupo de oposici\u00f3n con presencia.\u00a0<\/p>\n","protected":false},"author":3,"featured_media":0,"comment_status":"open","ping_status":"open","sticky":false,"template":"","format":"standard","meta":{"_monsterinsights_skip_tracking":false,"_monsterinsights_sitenote_active":false,"_monsterinsights_sitenote_note":"","_monsterinsights_sitenote_category":0,"footnotes":""},"categories":[234],"tags":[304,43674,43687],"class_list":["post-517615","post","type-post","status-publish","format-standard","hentry","category-ramon-zurita-sahagun","tag-de-frente-y-de-perfil","tag-opinion","tag-ramon-zurita-sahagun"],"_links":{"self":[{"href":"https:\/\/www.diarioimagen.net\/index.php?rest_route=\/wp\/v2\/posts\/517615","targetHints":{"allow":["GET"]}}],"collection":[{"href":"https:\/\/www.diarioimagen.net\/index.php?rest_route=\/wp\/v2\/posts"}],"about":[{"href":"https:\/\/www.diarioimagen.net\/index.php?rest_route=\/wp\/v2\/types\/post"}],"author":[{"embeddable":true,"href":"https:\/\/www.diarioimagen.net\/index.php?rest_route=\/wp\/v2\/users\/3"}],"replies":[{"embeddable":true,"href":"https:\/\/www.diarioimagen.net\/index.php?rest_route=%2Fwp%2Fv2%2Fcomments&post=517615"}],"version-history":[{"count":0,"href":"https:\/\/www.diarioimagen.net\/index.php?rest_route=\/wp\/v2\/posts\/517615\/revisions"}],"wp:attachment":[{"href":"https:\/\/www.diarioimagen.net\/index.php?rest_route=%2Fwp%2Fv2%2Fmedia&parent=517615"}],"wp:term":[{"taxonomy":"category","embeddable":true,"href":"https:\/\/www.diarioimagen.net\/index.php?rest_route=%2Fwp%2Fv2%2Fcategories&post=517615"},{"taxonomy":"post_tag","embeddable":true,"href":"https:\/\/www.diarioimagen.net\/index.php?rest_route=%2Fwp%2Fv2%2Ftags&post=517615"}],"curies":[{"name":"wp","href":"https:\/\/api.w.org\/{rel}","templated":true}]}}