{"id":517702,"date":"2021-08-19T00:01:06","date_gmt":"2021-08-19T05:01:06","guid":{"rendered":"https:\/\/www.diarioimagen.net\/?p=517702"},"modified":"2021-08-19T07:08:46","modified_gmt":"2021-08-19T12:08:46","slug":"firman-convenio-alcalde-y-la-escuela-preparatoria-particular-de-cuautitlan","status":"publish","type":"post","link":"https:\/\/www.diarioimagen.net\/?p=517702","title":{"rendered":"Firman convenio alcalde y la Escuela Preparatoria Particular de Cuautitl\u00e1n"},"content":{"rendered":"<p>&nbsp;<\/p>\n<ul>\n<li><strong><em>Otorgamiento de becas y descuentos<\/em><\/strong><\/li>\n<\/ul>\n<p>&nbsp;<\/p>\n<div id=\"attachment_517799\" style=\"width: 470px\" class=\"wp-caption aligncenter\"><a href=\"https:\/\/www.diarioimagen.net\/?attachment_id=517799\" rel=\"attachment wp-att-517799\"><img loading=\"lazy\" decoding=\"async\" aria-describedby=\"caption-attachment-517799\" class=\"size-full wp-image-517799\" src=\"https:\/\/www.diarioimagen.net\/wp-content\/uploads\/2021\/08\/cuautitlan-7.jpg\" alt=\"\" width=\"460\" height=\"270\" \/><\/a><p id=\"caption-attachment-517799\" class=\"wp-caption-text\">El alcalde Ariel Ju\u00e1rez Rodr\u00edguez firm\u00f3 un convenio de colaboraci\u00f3n con la Escuela Preparatoria Particular de Cuautitl\u00e1n S.C.<\/p><\/div>\n<p>&nbsp;<\/p>\n<p><strong>Cuautitl\u00e1n, Estado de M\u00e9xico<\/strong>.- El presidente municipal Ariel Ju\u00e1rez Rodr\u00edguez firm\u00f3 un convenio de colaboraci\u00f3n con la Escuela Preparatoria Particular de Cuautitl\u00e1n S.C., para que los trabajadores empleados de la administraci\u00f3n p\u00fablica y sus familiares, puedan recibir apoyos educativos a trav\u00e9s del otorgamiento de becas y descuentos en todos los niveles escolares.<\/p>\n<p>Esta firma de convenio permite acercar beneficios a los funcionarios, servidores p\u00fablicos y sus familiares en l\u00ednea directa, en una instituci\u00f3n con muchos a\u00f1os de experiencia y que forma parte importante de Cuautitl\u00e1n, se\u00f1al\u00f3 el alcalde al signar el convenio del Programa Educativo de esta escuela.<\/p>\n<p>Durante este\u00a0\u00a0 de convenio se cont\u00f3 con la presencia del la novena regidora, el secretario del Ayuntamiento, as\u00ed como de la directora corporativa del Grupo Educativo Palma, S.C., Dra. Ver\u00f3nica A. Palma Esteves y directivos de la instituci\u00f3n.<\/p>\n<p>En el a\u00f1o de 1964, la Escuela Preparatoria Particular de Cuautitl\u00e1n, se funda en el Fraccionamiento Santa Mar\u00eda y hoy apoya a la educaci\u00f3n, para que los estudiantes puedan obtener en inscripciones el 50 por ciento de descuento y becas en colegiaturas en todos sus niveles, con el 50 por ciento y\/o beca m\u00e1s un 10 por ciento adicional a los servidores p\u00fablicos, funcionarios y familiares en l\u00ednea directa de los trabajadores.<\/p>\n<p>Los descuentos se conservar\u00e1n dentro del transcurso de su educaci\u00f3n b\u00e1sica, media, superior o posgrados y tambi\u00e9n este programa de apoyos se da a la poblaci\u00f3n en general con el 50 por ciento de descuento en inscripci\u00f3n y el 50 por ciento y\/o beca, m\u00e1s un 5 por ciento de beca en colegiaturas.<\/p>\n<p>Los descuentos aplicables se otorgar\u00e1n en: primaria, secundaria, preparatoria plan semestral turno matutino; preparatoria plan cuatrimestral, turno matutino; preparatoria plan cuatrimestral, turno nocturno, universidad turno matutino; universidad plan semestral (ingenier\u00eda civil); universidad plan cuatrimestral (turno ejecutivo y turno sabatino) y maestr\u00edas.<\/p>\n","protected":false},"excerpt":{"rendered":"<p>El presidente municipal Ariel Ju\u00e1rez Rodr\u00edguez firm\u00f3 un convenio de colaboraci\u00f3n con la Escuela Preparatoria Particular de Cuautitl\u00e1n S.C., para que los trabajadores empleados de la administraci\u00f3n p\u00fablica y sus familiares, puedan recibir apoyos educativos a trav\u00e9s del otorgamiento de becas y descuentos en todos los niveles escolares.<\/p>\n","protected":false},"author":3,"featured_media":517799,"comment_status":"open","ping_status":"open","sticky":false,"template":"","format":"standard","meta":{"_monsterinsights_skip_tracking":false,"_monsterinsights_sitenote_active":false,"_monsterinsights_sitenote_note":"","_monsterinsights_sitenote_category":0,"footnotes":""},"categories":[5],"tags":[85236,681,43675],"class_list":["post-517702","post","type-post","status-publish","format-standard","has-post-thumbnail","hentry","category-estado-de-mexico","tag-ariel-juarez-rodriguez","tag-cuautitlan","tag-estado-de-mexico"],"_links":{"self":[{"href":"https:\/\/www.diarioimagen.net\/index.php?rest_route=\/wp\/v2\/posts\/517702","targetHints":{"allow":["GET"]}}],"collection":[{"href":"https:\/\/www.diarioimagen.net\/index.php?rest_route=\/wp\/v2\/posts"}],"about":[{"href":"https:\/\/www.diarioimagen.net\/index.php?rest_route=\/wp\/v2\/types\/post"}],"author":[{"embeddable":true,"href":"https:\/\/www.diarioimagen.net\/index.php?rest_route=\/wp\/v2\/users\/3"}],"replies":[{"embeddable":true,"href":"https:\/\/www.diarioimagen.net\/index.php?rest_route=%2Fwp%2Fv2%2Fcomments&post=517702"}],"version-history":[{"count":0,"href":"https:\/\/www.diarioimagen.net\/index.php?rest_route=\/wp\/v2\/posts\/517702\/revisions"}],"wp:featuredmedia":[{"embeddable":true,"href":"https:\/\/www.diarioimagen.net\/index.php?rest_route=\/wp\/v2\/media\/517799"}],"wp:attachment":[{"href":"https:\/\/www.diarioimagen.net\/index.php?rest_route=%2Fwp%2Fv2%2Fmedia&parent=517702"}],"wp:term":[{"taxonomy":"category","embeddable":true,"href":"https:\/\/www.diarioimagen.net\/index.php?rest_route=%2Fwp%2Fv2%2Fcategories&post=517702"},{"taxonomy":"post_tag","embeddable":true,"href":"https:\/\/www.diarioimagen.net\/index.php?rest_route=%2Fwp%2Fv2%2Ftags&post=517702"}],"curies":[{"name":"wp","href":"https:\/\/api.w.org\/{rel}","templated":true}]}}