{"id":517706,"date":"2021-08-19T00:03:19","date_gmt":"2021-08-19T05:03:19","guid":{"rendered":"https:\/\/www.diarioimagen.net\/?p=517706"},"modified":"2021-08-19T07:05:52","modified_gmt":"2021-08-19T12:05:52","slug":"el-gobierno-de-huixquilucan-amplia-la-campana-juntos-por-nuestros-comerciantes","status":"publish","type":"post","link":"https:\/\/www.diarioimagen.net\/?p=517706","title":{"rendered":"El gobierno de Huixquilucan ampl\u00eda la campa\u00f1a \u201cJuntos por nuestros comerciantes\u201d"},"content":{"rendered":"<p>&nbsp;<\/p>\n<ul>\n<li><strong><em>Para incentivar la econom\u00eda popular<\/em><\/strong><\/li>\n<\/ul>\n<p>&nbsp;<\/p>\n<div id=\"attachment_517793\" style=\"width: 470px\" class=\"wp-caption aligncenter\"><a href=\"https:\/\/www.diarioimagen.net\/?attachment_id=517793\" rel=\"attachment wp-att-517793\"><img loading=\"lazy\" decoding=\"async\" aria-describedby=\"caption-attachment-517793\" class=\"size-full wp-image-517793\" src=\"https:\/\/www.diarioimagen.net\/wp-content\/uploads\/2021\/08\/huixquilucan-6.jpg\" alt=\"\" width=\"460\" height=\"270\" \/><\/a><p id=\"caption-attachment-517793\" class=\"wp-caption-text\">El pleno del Cabildo de Huixquilucan aprob\u00f3 extender la campa\u00f1a \u201cJuntos por nuestros comerciantes\u201d, hasta el 30 de noviembre de 2021.<\/p><\/div>\n<p>&nbsp;<\/p>\n<p><strong>Huixquilucan, Estado de M\u00e9xico<\/strong>.- Con el objetivo de incentivar la econom\u00eda de la poblaci\u00f3n del municipio de Huixquilucan, el pleno del Cabildo aprob\u00f3 extender la campa\u00f1a \u201cJuntos por nuestros comerciantes\u201d, hasta el 30 de noviembre de 2021.<\/p>\n<p>Por unanimidad, los integrantes del cuerpo edilicio aprobaron que la Tesorer\u00eda realice la bonificaci\u00f3n del 100 por ciento de multas y recargos generados por la omisi\u00f3n en el pago de derechos por el uso de v\u00edas, plazas p\u00fablicas, mercados p\u00fablicos municipales o \u00e1reas de uso com\u00fan para realizar actividades o de servicios, del ejercicio fiscal 2021\u00a0 y anteriores.<\/p>\n<p>Ante la situaci\u00f3n econ\u00f3mica por la que atraviesa este sector de la poblaci\u00f3n derivado de la pandemia por el SARS-Cov-2, el gobierno municipal, encabezado por Enrique Vargas del Villar, otorgar\u00e1 este beneficio a los comerciantes que no est\u00e9n al corriente en el pago de derechos para realizar su actividad.<\/p>\n<p>A nombre del cuerpo edilicio, la cuarta regidora Mar\u00eda de Jes\u00fas Mendoza Ca\u00f1as, reconoci\u00f3 la sensibilidad del Alcalde y del Cabildo, ya que ante la pandemia este gremio sufri\u00f3 graves afectaciones en sus ingresos y en su calidad de vida.<\/p>\n<p>Cabe recordar, que desde el a\u00f1o 2020, el gobierno municipal de Huixquilucan ha impulsado la reactivaci\u00f3n econ\u00f3mica local a trav\u00e9s de proyectos exitosos como \u201cHaz paro\u201d y promocionando servicios a trav\u00e9s de las cuentas oficiales en redes sociales.<\/p>\n","protected":false},"excerpt":{"rendered":"<p>Con el objetivo de incentivar la econom\u00eda de la poblaci\u00f3n del municipio de Huixquilucan, el pleno del Cabildo aprob\u00f3 extender la campa\u00f1a \u201cJuntos por nuestros comerciantes\u201d, hasta el 30 de noviembre de 2021.<\/p>\n","protected":false},"author":3,"featured_media":517793,"comment_status":"open","ping_status":"open","sticky":false,"template":"","format":"standard","meta":{"_monsterinsights_skip_tracking":false,"_monsterinsights_sitenote_active":false,"_monsterinsights_sitenote_note":"","_monsterinsights_sitenote_category":0,"footnotes":""},"categories":[5],"tags":[6185,43675,1097],"class_list":["post-517706","post","type-post","status-publish","format-standard","has-post-thumbnail","hentry","category-estado-de-mexico","tag-campana","tag-estado-de-mexico","tag-huixquilucan"],"_links":{"self":[{"href":"https:\/\/www.diarioimagen.net\/index.php?rest_route=\/wp\/v2\/posts\/517706","targetHints":{"allow":["GET"]}}],"collection":[{"href":"https:\/\/www.diarioimagen.net\/index.php?rest_route=\/wp\/v2\/posts"}],"about":[{"href":"https:\/\/www.diarioimagen.net\/index.php?rest_route=\/wp\/v2\/types\/post"}],"author":[{"embeddable":true,"href":"https:\/\/www.diarioimagen.net\/index.php?rest_route=\/wp\/v2\/users\/3"}],"replies":[{"embeddable":true,"href":"https:\/\/www.diarioimagen.net\/index.php?rest_route=%2Fwp%2Fv2%2Fcomments&post=517706"}],"version-history":[{"count":0,"href":"https:\/\/www.diarioimagen.net\/index.php?rest_route=\/wp\/v2\/posts\/517706\/revisions"}],"wp:featuredmedia":[{"embeddable":true,"href":"https:\/\/www.diarioimagen.net\/index.php?rest_route=\/wp\/v2\/media\/517793"}],"wp:attachment":[{"href":"https:\/\/www.diarioimagen.net\/index.php?rest_route=%2Fwp%2Fv2%2Fmedia&parent=517706"}],"wp:term":[{"taxonomy":"category","embeddable":true,"href":"https:\/\/www.diarioimagen.net\/index.php?rest_route=%2Fwp%2Fv2%2Fcategories&post=517706"},{"taxonomy":"post_tag","embeddable":true,"href":"https:\/\/www.diarioimagen.net\/index.php?rest_route=%2Fwp%2Fv2%2Ftags&post=517706"}],"curies":[{"name":"wp","href":"https:\/\/api.w.org\/{rel}","templated":true}]}}