{"id":517721,"date":"2021-08-19T00:02:32","date_gmt":"2021-08-19T05:02:32","guid":{"rendered":"https:\/\/www.diarioimagen.net\/?p=517721"},"modified":"2021-08-19T04:06:10","modified_gmt":"2021-08-19T09:06:10","slug":"no-a-periodo-extraordinario-para-revocacion-de-mandato","status":"publish","type":"post","link":"https:\/\/www.diarioimagen.net\/?p=517721","title":{"rendered":"No a per\u00edodo extraordinario para Revocaci\u00f3n de Mandato"},"content":{"rendered":"<h2>La Retaguardia<\/h2>\n<h5>Adriana Moreno Cordero<\/h5>\n<p><em>\u00a0<\/em><\/p>\n<ul>\n<li><strong><em>Morena intenta \u201cpatada de ahogado\u201d; Bloque Opositor cerr\u00f3 filas y PT se la cobr\u00f3 a Morena<\/em><\/strong><\/li>\n<\/ul>\n<p>&nbsp;<\/p>\n<p>El presidente <strong>Andr\u00e9s Manuel L\u00f3pez Obrador<\/strong> ha de estar, como dice un conocido refr\u00e1n, \u201cque trina\u201d porque justo en el cumplea\u00f1os ni m\u00e1s ni menos que del ex presidente <strong>Felipe Calder\u00f3n<\/strong> y por esos extra\u00f1os azares que tiene el destino, en una primera votaci\u00f3n, no pudo obtener la tan indispensable mayor\u00eda calificada -le falt\u00f3 un solo voto, nada m\u00e1s uno-, para que la Comisi\u00f3n Permanente aprobara la realizaci\u00f3n de un per\u00edodo extraordinario -muy apretado, por cierto-, con el \u00fanico objetivo de aprobar la tan ansiada Revocaci\u00f3n de Mandato que el de Tepetit\u00e1n quiere sacar adelante al precio que sea.<\/p>\n<p>Sin embargo, la historia no estaba definitivamente escrita, Morena intentaba una \u00faltima \u201cpatada de ahogado\u201d al regresar el tema de la Revocaci\u00f3n de Mandato a Comisiones y ese \u00fanico voto de parte del petista Joel Padilla, parec\u00eda marcar la diferencia.<\/p>\n<p>Y como dicen los legisladores pri\u00edstas, al igual que el resto del Bloque Opositor, como los del PAN y del PRD, \u00bfpara qu\u00e9 tanta prisa?, \u00bfcon qu\u00e9 objeto realizar un per\u00edodo extraordinario cuando estamos a poco m\u00e1s de una semana para que el primer d\u00eda de septiembre empiece el ordinario con el en\u00e9simo informe de Gobierno de L\u00f3pez Obrador?<\/p>\n<p>Antes de que iniciaran los trabajos de la Permanente, L\u00f3pez Obrador envi\u00f3 ni m\u00e1s ni menos que a la flamante secretaria de Gobernaci\u00f3n, <strong>Olga S\u00e1nchez Cordero<\/strong> a reunirse con los legisladores de todos los partidos e intentar convencerlos de la viabilidad de ese hasta absurdo per\u00edodo extraordinario. La oposici\u00f3n no estuvo presente por desaire a la funcionaria o m\u00e1s bien porque no fueron convocados.<\/p>\n<p>Qu\u00e9 bien, por un lado que el presidente L\u00f3pez Obrador se haya decidido a que sea la Segob la instancia adecuada -como antes-, para establecer enlaces con el Legislativo, pero, parad\u00f3jicamente, qu\u00e9 mal, porque la responsable de la pol\u00edtica interna del pa\u00eds, carece de capacidad de convocatoria e interlocuci\u00f3n con ese otro poder y ah\u00ed est\u00e1 lo ocurrido en la Permanente como contundente prueba; no en balde, por las \u201cex benditas redes sociales\u201d y a\u00fan en los corrillos pol\u00edticos, mucho se comenta que la se\u00f1ora ministra en retiro, no es capaz de cumplir ni siquiera, la labor de ornato.<\/p>\n<p>Por otra parte, y con una sonrisa bien plantada una vez transcurrida la dram\u00e1tica votaci\u00f3n, <strong>Dulce Mar\u00eda Sauri<\/strong>, presidenta de la Mesa Directiva de la C\u00e1mara de Diputados habl\u00f3 de lo que indudablemente es una derrota m\u00e1s del inquilino de Palacio Nacional: \u201cno creo que tenga viabilidad (el per\u00edodo extraordinario) porque es innecesario, es precipitado y en el dictamen que fue aprobado con un procedimiento dudoso, much\u00edsimas deficiencias y no contempla lo que es indispensable que es la reforma de la Ley Org\u00e1nica del Congreso de la Uni\u00f3n en el caso que el S\u00ed por la revocaci\u00f3n de mandato sea el que triunfe\u201d.<\/p>\n<p>Dicha derrota fue producto en buena parte de que el denominado Bloque Opositor cerr\u00f3 filas y no dej\u00f3 pasar el capricho del Presidente, sin embargo, desde la v\u00edspera de este momento culminante, se ve\u00eda que L\u00f3pez Obrador y el PT ten\u00edan facturas pendientes, espec\u00edficamente por el caso del desafuero del diputado del PT, <strong>Mauricio Toledo<\/strong>, toda una \u201cfichita\u201d a la que hasta su compa\u00f1ero diputado, <strong>Gerardo Fern\u00e1ndez Noro\u00f1a<\/strong> defendi\u00f3 y ahora, una vez fugado a Chile el ex delegado de Coyoac\u00e1n, curiosamente el voto faltante para aprobar el per\u00edodo extraordinario fue el del senador petista <strong>Joel Padilla<\/strong>, que simplemente, no se present\u00f3.<\/p>\n<p>Con ello, el mensaje que deja una de las r\u00e9moras del partido oficial, es que no pueden esperar el apoyo del PT, \u00bfciegamente?, cuando en Morena no han sido rec\u00edprocos.<\/p>\n<p>En una entrevista, la senadora del PAN, <strong>Kenia L\u00f3pez Rabad\u00e1n<\/strong> se\u00f1al\u00f3, y no sin raz\u00f3n, que: \u201cLa ley es muy clara. Se requer\u00edan dos terceras partes y Morena no obtuvo las dos terceras partes. Es evidente que no les gusta perder y hoy han perdido\u201d.<\/p>\n<p>Incluso, la legisladora panista, record\u00f3 aquella accidentada y vergonzosa sesi\u00f3n en la que la titular de la Comisi\u00f3n Nacional de Derechos Humanos, <strong>Rosario Piedra<\/strong> rindi\u00f3 protesta y en la que presuntamente, los legisladores de Morena habr\u00edan hecho trampa: \u201ces lamentable porque esta Legislatura va a quedar marcada por el robo de dos votos de la CNDH, \u00bfrecuerdan?\u201d.<\/p>\n<p>Por lo dem\u00e1s, en la sesi\u00f3n de ayer de la Permanente, qued\u00f3 perfectamente claro que muchos legisladores de Morena no tienen ni la menor idea de lo que est\u00e1n haciendo en sus respectivos cargos. Una vez que el presidente de la Mesa Directiva del Senado de la Rep\u00fablica, <strong>Eduardo Ram\u00edrez<\/strong>, hizo p\u00fablica la votaci\u00f3n con la que los morenistas recibieron tremenda cubetada de agua helada, con agresivos gritos pidieron la reposici\u00f3n del procedimiento y que se diera un debate sobre la apremiante necesidad que ten\u00edan para sacar adelante un apretado per\u00edodo extraordinario para complacer a su jefe y l\u00edder, lo cual no permite el reglamento del Congreso y as\u00ed, ante tal impotencia, todo se les fue en se\u00f1alar al senador chiapaneco Ram\u00edrez y acusarlo hasta de deslealtad a su partido. As\u00ed el nivel de ignorancia.<\/p>\n<p>Al momento de escribir estas l\u00edneas Morena intentaba una \u00faltima \u201cpatada de ahogado\u201d y convoc\u00f3 a una nueva y extraordinaria sesi\u00f3n en Comisiones a las 7 de la noche, en la que de \u201cmanera excepcional\u201d, la presidenta de la Primera Comisi\u00f3n de Trabajo de Gobernaci\u00f3n y Puntos Constitucionales y de Justicia de la Comisi\u00f3n Permanente, <strong>Ana Lilia Rivera<\/strong>, hac\u00eda un \u00faltimo intento por sacar adelante un tercer per\u00edodo extraordinario e intentar colarlo como de \u201curgente y obvia resoluci\u00f3n\u201d e intentar convencer a la oposici\u00f3n, algo que se ve\u00eda muy dif\u00edcil porque no hay consenso.<\/p>\n<p style=\"text-align: center;\"><strong>Municiones<\/strong><\/p>\n<p>*** Y en eso de los enojos del inquilino de Palacio Nacional en los que busca, no quien se la haga sino quien se la pague, un d\u00eda fue la secretaria de Educaci\u00f3n P\u00fablica, Delfina G\u00f3mez, a quien sigue trayendo en la mira y ayer arremeti\u00f3 en contra del vicegobernador del Banco de M\u00e9xico, <strong>Gerardo Esquivel<\/strong>, a quien calific\u00f3 de ultra tecn\u00f3crata \u201cdiciendo no se puede lo que plantea el Presidente (las reservas de Banxico) no se puede porque no se quiere porque son muy cuadrados\u201d, aqu\u00ed cabr\u00eda subrayar, \u00bfporque no se cumplen sus deseos, ocurrencias o caprichos o como se les quiera llamar? Lo que pide el Presidente es pr\u00e1cticamente imposible, tendr\u00eda que reformar la Ley del Banco de M\u00e9xico y ese camino es muy largo, m\u00e1s para el tabasque\u00f1o que se nota que no tiene la menor idea en los temas financieros y como no acepta consejos ni correcciones, pues peor.<\/p>\n<p>*** Tan s\u00f3lo unas horas pasaron para que por las ex benditas redes, Gerardo Esquivel respondiera: \u201cEn democracia, el disenso no es siempre confrontaci\u00f3n. La deliberaci\u00f3n p\u00fablica siempre ser\u00e1 bienvenida\u201d. Lo cierto es que la tentaci\u00f3n de L\u00f3pez Obrador de echar mano de las reservas internacionales para pagar deuda, habla un poco, o m\u00e1s bien un mucho, de esta intromisi\u00f3n en la autonom\u00eda del banco central.<\/p>\n<p><u><a href=\"mailto:morcora@gmail.com\" target=\"_blank\" rel=\"noopener noreferrer\"><em>morcora@gmail.com<\/em><\/a><\/u><\/p>\n","protected":false},"excerpt":{"rendered":"<p><span style=\"color: #005497;\"><strong>Adriana Moreno Cordero<\/strong><\/span><\/p>\n","protected":false},"author":3,"featured_media":0,"comment_status":"open","ping_status":"open","sticky":false,"template":"","format":"standard","meta":{"_monsterinsights_skip_tracking":false,"_monsterinsights_sitenote_active":false,"_monsterinsights_sitenote_note":"","_monsterinsights_sitenote_category":0,"footnotes":""},"categories":[69370],"tags":[69369,69368,43674],"class_list":["post-517721","post","type-post","status-publish","format-standard","hentry","category-adriana-moreno-cordero","tag-adriana-moreno-cordero","tag-la-retaguardia","tag-opinion"],"_links":{"self":[{"href":"https:\/\/www.diarioimagen.net\/index.php?rest_route=\/wp\/v2\/posts\/517721","targetHints":{"allow":["GET"]}}],"collection":[{"href":"https:\/\/www.diarioimagen.net\/index.php?rest_route=\/wp\/v2\/posts"}],"about":[{"href":"https:\/\/www.diarioimagen.net\/index.php?rest_route=\/wp\/v2\/types\/post"}],"author":[{"embeddable":true,"href":"https:\/\/www.diarioimagen.net\/index.php?rest_route=\/wp\/v2\/users\/3"}],"replies":[{"embeddable":true,"href":"https:\/\/www.diarioimagen.net\/index.php?rest_route=%2Fwp%2Fv2%2Fcomments&post=517721"}],"version-history":[{"count":0,"href":"https:\/\/www.diarioimagen.net\/index.php?rest_route=\/wp\/v2\/posts\/517721\/revisions"}],"wp:attachment":[{"href":"https:\/\/www.diarioimagen.net\/index.php?rest_route=%2Fwp%2Fv2%2Fmedia&parent=517721"}],"wp:term":[{"taxonomy":"category","embeddable":true,"href":"https:\/\/www.diarioimagen.net\/index.php?rest_route=%2Fwp%2Fv2%2Fcategories&post=517721"},{"taxonomy":"post_tag","embeddable":true,"href":"https:\/\/www.diarioimagen.net\/index.php?rest_route=%2Fwp%2Fv2%2Ftags&post=517721"}],"curies":[{"name":"wp","href":"https:\/\/api.w.org\/{rel}","templated":true}]}}