{"id":517758,"date":"2021-08-19T00:09:53","date_gmt":"2021-08-19T05:09:53","guid":{"rendered":"https:\/\/www.diarioimagen.net\/?p=517758"},"modified":"2021-08-19T05:13:45","modified_gmt":"2021-08-19T10:13:45","slug":"los-celulares-idiotas","status":"publish","type":"post","link":"https:\/\/www.diarioimagen.net\/?p=517758","title":{"rendered":"Los celulares, \u00a1idiotas!"},"content":{"rendered":"<h2>Poder y dinero<\/h2>\n<h5>V\u00edctor S\u00e1nchez Ba\u00f1os<\/h5>\n<p>&nbsp;<\/p>\n<ul>\n<li><strong><em>Hipocres\u00eda legislativa; protegen a forajidos<\/em><\/strong><\/li>\n<li><strong><em>Asaltos en transporte por tel\u00e9fonos<\/em><\/strong><\/li>\n<li><strong><em>Asesinatos por lucrativo \u201cmercado negro\u201d<\/em><\/strong><\/li>\n<li><strong><em>Diputados de Morena, de pena ajena<\/em><\/strong><\/li>\n<\/ul>\n<p>&nbsp;<\/p>\n<p style=\"text-align: right;\"><em>Las democracias observan m\u00e1s cuidadosamente<br \/>\n<\/em><em>\u00a0las manos que las mentes de qui\u00e9nes las gobiernan<br \/>\n<\/em><strong>Alphonse de Lamartine<\/strong> (1790-1869) Historiador, pol\u00edtico y poeta franc\u00e9s<\/p>\n<p>&nbsp;<\/p>\n<p>Durante el siglo XIX, los asaltos en los caminos eran cotidianos y no distingu\u00edan a nadie; ni curas, ni presidiarios, ni potentados, ni pol\u00edticos, ni mujeres, ni ancianos. Todos por igual, como en una democracia.<\/p>\n<p>Las medidas que se adoptaron y que quedaron plasmadas en la Constituci\u00f3n del 17, fue la pena de muerte para los salteadores de caminos.<\/p>\n<p>Al abrogarse la pena de muerte en M\u00e9xico, simplemente les imponen a los criminales penas m\u00ednimas, cuando nuestros polic\u00edas logran la detenci\u00f3n de cualquier forajido.<\/p>\n<p>Ese delito lo arrastramos del pasado y, ahora, todo tipo de camino es usado por la delincuencia para asaltar a todo tipo de ciudadano. Aqu\u00ed no distinguen al pobre del rico, ni del enfermo y el sano, ni del polic\u00eda y el estudiante.<\/p>\n<p>Democr\u00e1ticamente, la delincuencia ejecuta por igual, ante la pasividad de nuestro gobierno que prefiere hacerse de la vista gorda y, seguramente, de los bolsillos gordos, con la complicidad de las mafias delictivas.<\/p>\n<p>Los asaltos en los transportes p\u00fablicos son escandalosos. Y, aqu\u00ed, los poderes Ejecutivo, Legislativo y Judicial ven como parte del paisaje estos actos criminales. Parecen c\u00f3mplices de delincuentes que con una pistola humillan y despojan de sus pertenencias a miles de personas diariamente. No es una exageraci\u00f3n.<\/p>\n<p>Claro, no hay denuncias, ya que s\u00f3lo les quitan el poco dinero que llevan en sus bolsas y, aqu\u00ed la clave de todo: sus celulares. Es tan cotidiano, que hay personas que ya se saben el protocolo y les dan los celulares y el dinero. Ya no se fijan en los relojes, ni en las cadenitas de oro o plata. \u00a1Los celulares!<\/p>\n<p>Esto lo saben en el gobierno (y sus poderes), pero no hacen nada. Saben que esos delincuentes son como la humedad y se meten por todos lados. Son tan c\u00ednicos, que en mercados sobre ruedas y los mercados de computaci\u00f3n, en la vil calle, venden esos tel\u00e9fonos celulares a precios muy bajos, pero no dejan de ser negocio sucio para esas mafias de criminales.<\/p>\n<p>\u00bfC\u00f3mo actuar para frenar esos delitos?<\/p>\n<p>Aqu\u00ed la responsabilidad del Poder Legislativo.<\/p>\n<p>Nuestros diputados y senadores, tanto federales como locales, deben imponer a los fabricantes de tel\u00e9fonos una serie de medidas tecnol\u00f3gicas para la destrucci\u00f3n del aparato en cuanto sea robado. Asimismo, crear una p\u00e1gina en internet para que se cheque el n\u00famero de serie de un aparato que haya sido robado y el seguimiento de los aparatos en donde se vieron involucrados asesinatos.<\/p>\n<p>Hay herramientas tecnol\u00f3gicas, que tienen las empresas que proporcionan el servicio de telefon\u00eda.<\/p>\n<p>El gobierno, en lugar de estar pidiendo datos biom\u00e9tricos al due\u00f1o de los aparatos, deber\u00edan enfocarse en los celulares.<\/p>\n<p>El \u201cmercado negro\u201d de \u00e9stos es tan grande que sirve para pagar protecci\u00f3n de la polic\u00eda y, de paso, genera utilidades a las empresas de celulares que venden m\u00e1s aparato; la gente necesita comunicarse.<\/p>\n<p>Diputados y senadores, dejen de atender los caprichos del Ejecutivo federal y atiendan las demandas del pueblo, de los ciudadanos, que viven en la angustia cotidiana cada vez que salen de sus casas. Piden al Cielo, regresar vivos y sin que se topen con la delincuencia.<\/p>\n<p style=\"text-align: center;\"><strong>PODEROSOS CABALLEROS<\/strong><\/p>\n<p><strong>SUPINA IGNORANCIA DE <\/strong><strong>DIPUTADOS DE MORENA: <\/strong>Un diputado de medio pelo en el Congreso de Veracruz, afirm\u00f3 tal galimat\u00edas que, si no lo hubiera hecho en la tribuna de ese \u00f3rgano colegiado, pensar\u00edamos que era una broma. Pero el legislador impulsado por Morena, Rub\u00e9n R\u00edos Uribe, propuso tal galimat\u00edas que es de pena ajena: \u201cHay que invadir Espa\u00f1a y llevarles la Rep\u00fablica. No puede ser que sigan teniendo un rey en pleno siglo XXI\u201d. Ese legislador local, adem\u00e1s de ignorante, se atreve a decir tales sandeces que insultan la inteligencia de cualquiera.<\/p>\n<p><strong>CABAL- INTERJET: <\/strong>Grupo Cabal, por conducto de su abogado Javier D\u00edaz de Le\u00f3n, dice que no tiene ninguna participaci\u00f3n directa o indirecta en Interjet desde noviembre de 2020. Esto se lo informaron a las autoridades federales y de la asamblea general de accionistas de la empresa. No tienen conocimiento de alguna investigaci\u00f3n penal o auditor\u00eda fiscal, aunque la empresa se prepara para aclarar y colaborar con la FGR.<\/p>\n<p><strong>VENDEN AYUDA DE M\u00c9XICO<\/strong><strong> A CUBA: <\/strong>Lo que faltaba. El gobierno de Miguel D\u00edaz-Canel, est\u00e1 vendiendo la ayuda que humanitariamente le entreg\u00f3 el gobierno de M\u00e9xico. Se trata de frijol que bur\u00f3cratas del gobierno cubano le dan bolsas de un kilo de frijol al pueblo a cambio de dinero. Lo mismo hacen con la later\u00eda de productos rusos, as\u00ed como otra ayuda de Venezuela. Otro crimen contra el pueblo cubano.<\/p>\n<p><strong>GENERAL MOTORS: <\/strong>Ayer termin\u00f3 la reposici\u00f3n de legitimaci\u00f3n del contrato colectivo de la planta de General Motors en Silao, Guanajuato. La elecci\u00f3n estuvo a cargo del sindicato, mientras que la Secretar\u00eda de Trabajo valid\u00f3 el proceso, mientras el INE sirvi\u00f3 como observador. Esta segunda edici\u00f3n del proceso tiene lugar despu\u00e9s de que, en abril, se llev\u00f3 a cabo un primer ejercicio de legitimaci\u00f3n de dicho contrato. Sin embargo, dicho proceso de consulta se suspendi\u00f3 por parte de la STPS al documentar diversas irregularidades. Los ojos del T-MC, est\u00e1n puestos en la situaci\u00f3n laboral de las empresas de esas 3 naciones.<\/p>\n<p style=\"text-align: center;\"><strong>RESPONSABILIDAD SOCIAL <\/strong><strong>CORPORATIVA<\/strong><\/p>\n<p><strong>CCIMA: <\/strong>Bajo el liderazgo de Ricardo Medina, Grupo CCIMA con presencia en 13 estados del pa\u00eds con m\u00e1s de 1800 obras de construcci\u00f3n, impulsa macro desarrollos residenciales en Quer\u00e9taro y en San Luis Potos\u00ed, donde tiene, adem\u00e1s, 7 parques industriales en los mismos estados. Su objetivos en los pr\u00f3ximos cuatro a\u00f1os es crear nuevos proyectos industriales y residenciales en varias ciudades del Baj\u00edo y expandirse al sureste del pa\u00eds. En Estados Unidos, en Colorado, en breve, iniciar\u00e1 negocios internacionales, enfocados en el desarrollo de naves industriales, para el e-commerce.<\/p>\n<p>&nbsp;<\/p>\n<blockquote>\n<p style=\"text-align: right;\"><strong>Esc\u00fachame de lunes a viernes, de 21 a 22 horas,<br \/>\nen \u201cV\u00edctor S\u00e1nchez Ba\u00f1os en MVS\u201d<\/strong><\/p>\n<\/blockquote>\n<p>&nbsp;<\/p>\n<p><a href=\"https:\/\/mvsnoticias.com\/\" target=\"_blank\" rel=\"noopener noreferrer\"><em>MVSnoticias.com<\/em><\/a><br \/>\n<a href=\"http:\/\/poderydinero.mx\" target=\"_blank\" rel=\"noopener noreferrer\"><em>poderydinero.mx<\/em><\/a><em><b><br \/>\n<\/b><a href=\"mailto:vsb@poderydinero.mx\" target=\"_blank\" rel=\"noopener noreferrer\">vsb@poderydinero.mx<\/a><a href=\"mailto:vsanchezb@gmail.com\" target=\"_blank\" rel=\"noopener noreferrer\"><br \/>\n<\/a><strong>Twitter:<\/strong><a href=\"https:\/\/twitter.com\/vsanchezbanos\" target=\"_blank\" rel=\"noopener noreferrer\">@vsanchezbanos<br \/>\n<\/a><strong>Facebook: <\/strong><a href=\"https:\/\/www.facebook.com\/vsanchezbanos?fref=ts\" target=\"_blank\" rel=\"noopener noreferrer\">vsanchezbanos<\/a><\/em><\/p>\n","protected":false},"excerpt":{"rendered":"<p><span style=\"color: #005497;\"><strong>V\u00edctor S\u00e1nchez Ba\u00f1os<\/strong><\/span><\/p>\n","protected":false},"author":3,"featured_media":0,"comment_status":"open","ping_status":"open","sticky":false,"template":"","format":"standard","meta":{"_monsterinsights_skip_tracking":false,"_monsterinsights_sitenote_active":false,"_monsterinsights_sitenote_note":"","_monsterinsights_sitenote_category":0,"footnotes":""},"categories":[38844],"tags":[43674,38847,38848],"class_list":["post-517758","post","type-post","status-publish","format-standard","hentry","category-victor-sanchez-banos","tag-opinion","tag-poder-y-dinero","tag-victor-sanchez-banos"],"_links":{"self":[{"href":"https:\/\/www.diarioimagen.net\/index.php?rest_route=\/wp\/v2\/posts\/517758","targetHints":{"allow":["GET"]}}],"collection":[{"href":"https:\/\/www.diarioimagen.net\/index.php?rest_route=\/wp\/v2\/posts"}],"about":[{"href":"https:\/\/www.diarioimagen.net\/index.php?rest_route=\/wp\/v2\/types\/post"}],"author":[{"embeddable":true,"href":"https:\/\/www.diarioimagen.net\/index.php?rest_route=\/wp\/v2\/users\/3"}],"replies":[{"embeddable":true,"href":"https:\/\/www.diarioimagen.net\/index.php?rest_route=%2Fwp%2Fv2%2Fcomments&post=517758"}],"version-history":[{"count":0,"href":"https:\/\/www.diarioimagen.net\/index.php?rest_route=\/wp\/v2\/posts\/517758\/revisions"}],"wp:attachment":[{"href":"https:\/\/www.diarioimagen.net\/index.php?rest_route=%2Fwp%2Fv2%2Fmedia&parent=517758"}],"wp:term":[{"taxonomy":"category","embeddable":true,"href":"https:\/\/www.diarioimagen.net\/index.php?rest_route=%2Fwp%2Fv2%2Fcategories&post=517758"},{"taxonomy":"post_tag","embeddable":true,"href":"https:\/\/www.diarioimagen.net\/index.php?rest_route=%2Fwp%2Fv2%2Ftags&post=517758"}],"curies":[{"name":"wp","href":"https:\/\/api.w.org\/{rel}","templated":true}]}}