{"id":517861,"date":"2021-08-20T00:01:07","date_gmt":"2021-08-20T05:01:07","guid":{"rendered":"https:\/\/www.diarioimagen.net\/?p=517861"},"modified":"2021-08-20T02:36:42","modified_gmt":"2021-08-20T07:36:42","slug":"los-ladrones-de-palacio","status":"publish","type":"post","link":"https:\/\/www.diarioimagen.net\/?p=517861","title":{"rendered":"Los ladrones de Palacio"},"content":{"rendered":"<h2>De pe a pa<\/h2>\n<h5>Alberto Vieyra G.<\/h5>\n<p>&nbsp;<\/p>\n<p><em>En este pueblo no hay ladrones<\/em>. Con ese t\u00edtulo, Gabriel Garc\u00eda M\u00e1rquez hac\u00eda sus pininos como escritor en 1965 y en ese cuento narraba la aventura y el \u201cinfierno\u201d en que se halla un peque\u00f1o pueblo, al descubrir que hab\u00edan desaparecido misteriosamente las bolas de billar del \u00fanico centro de diversi\u00f3n.<\/p>\n<p>Y parafraseando a Garc\u00eda M\u00e1rquez, Andr\u00e9s Manuel L\u00f3pez Obrador se presenta en sociedad promocionando su d\u00e9cimo o tercer informe de gobierno en el que jura y perjura que \u201cen Palacio Nacional ya no hay ladrones\u201d y que su gobierno es la pureza de la democracia mexicana.<\/p>\n<p>\u00bfY qui\u00e9n dijo que en Palacio Nacional estaban los ladrones, si el \u00faltimo que vivi\u00f3 en la sede del Poder Ejecutivo nacional fue el archi condecorado Porfirio de la Cruz D\u00edaz Mori?<\/p>\n<p>No, mire usted: La mayor\u00eda de los Presidentes ladrones han saqueado al pa\u00eds desde la casa presidencial, es decir, el Castillo de Chapultepec, primero, y luego la Residencia Oficial de Los Pinos. El primer saqueo lo llevar\u00eda a cabo en el siglo XX desde su casa en la colonia Ju\u00e1rez, Venustiano Carranza Garza y la depredaci\u00f3n realizada por el Grupo Sonora, encabezado por Plutarco El\u00edas Calles y \u00c1lvaro Obregon Salido se llevar\u00eda a cabo tambi\u00e9n desde el Castillo de Chapultepec y de ah\u00ed pal\u00b4 real, los grandes saqueos de la naci\u00f3n han ocurrido desde la Secretar\u00eda de Hacienda y por \u00f3rdenes expresas de los Presidentes de la Rep\u00fablica en turno desde la residencia de Los Pinos.<\/p>\n<p>Pero para no ir muy lejos, los actos de corrupci\u00f3n que hemos visto en el actual sexenio de AMLO no han ocurrido en Palacio Nacional, como sucedi\u00f3 con sus hermanos los L\u00f3pez Obrador recibiendo talegas de billetes del gobierno chiapaneco para vaya usted a saber qu\u00e9 infames prop\u00f3sitos de L\u00f3pez Obrador. Tambi\u00e9n, fuera de Palacio se han visto los trinquetes de la prima hermana del presidente, Felipa Guadalupe Obrador Ol\u00e1n, amasando contratos millonarios con Pemex por m\u00e1s de 50 millones de pesos y desde Palacio Nacional saldr\u00eda la orden para \u201cprestarle\u201d 300 millones de pesos al ide\u00f3logo sexenal, Epigmenio Ibarra, para oxigenar su empresa <em>Argos Media Group<\/em> que estaba en quiebra total a la llegada de L\u00f3pez Obrador al poder. Hoy, es un flamante empresario, igual que Jos\u00e9 Mar\u00eda Riob\u00f3o propietario del <em>Grupo Rioboo<\/em>, el empresario consentido de AMLO que ha amasado millonarios contratos en el gobierno federal sin licitaci\u00f3n alguna. \u00bfEso c\u00f3mo se llama, corrupci\u00f3n?<\/p>\n<p>La corrupci\u00f3n no se ha acabado. Quien le crea a L\u00f3pez Obrador que no hay corrupci\u00f3n en su sexenio y que \u201cen Palacio ya no hay ladrones\u201d es seguro que todav\u00eda cree en los Reyes Magos o en los huevos de gallo. Para que en M\u00e9xico se acabe ese c\u00e1ncer, necesitar\u00edan pasar 50 o 100 a\u00f1os, durante los cuales se echara a andar una educaci\u00f3n de calidad para que M\u00e9xico sea como Finlandia, una educaci\u00f3n basada en valores y no en ocurrencias sexenales como esa de \u201cllueva, truene o relampaguee\u201d hay que volver a clases presenciales en agosto.<\/p>\n<p>No, mire usted el promocional de AMLO para su informe del 1 de septiembre es puro choro mareador, puro jarabe de pico, puro jarabe endulzante para los o\u00eddos de los ingenuos. No pasar\u00e1 mucho tiempo en que AMLO se ver\u00e1 envuelto en los peores esc\u00e1ndalos presidenciales en la historia y vaya que le sobran patrocinadores en la oposici\u00f3n, sobre todo entre los llamados \u201cconservadores fif\u00eds\u201d, a menos que lleguen a aplicar aquella m\u00e1xima de la pol\u00edtica azteca de \u201ctapaos los unos a los otros\u201d. Al tiempo.<\/p>\n<p><a href=\"mailto:info@agenciamn.com\" target=\"_blank\" rel=\"noopener noreferrer\"><em>info@agenciamn.com<\/em><\/a><\/p>\n","protected":false},"excerpt":{"rendered":"<p><span style=\"color: #005497;\"><strong>Alberto Vieyra G.<\/strong><\/span><\/p>\n","protected":false},"author":3,"featured_media":0,"comment_status":"open","ping_status":"open","sticky":false,"template":"","format":"standard","meta":{"_monsterinsights_skip_tracking":false,"_monsterinsights_sitenote_active":false,"_monsterinsights_sitenote_note":"","_monsterinsights_sitenote_category":0,"footnotes":""},"categories":[4596],"tags":[43697,4597,43674],"class_list":["post-517861","post","type-post","status-publish","format-standard","hentry","category-alberto-vieyra-g","tag-alberto-vieyra-g","tag-de-pe-a-pa","tag-opinion"],"_links":{"self":[{"href":"https:\/\/www.diarioimagen.net\/index.php?rest_route=\/wp\/v2\/posts\/517861","targetHints":{"allow":["GET"]}}],"collection":[{"href":"https:\/\/www.diarioimagen.net\/index.php?rest_route=\/wp\/v2\/posts"}],"about":[{"href":"https:\/\/www.diarioimagen.net\/index.php?rest_route=\/wp\/v2\/types\/post"}],"author":[{"embeddable":true,"href":"https:\/\/www.diarioimagen.net\/index.php?rest_route=\/wp\/v2\/users\/3"}],"replies":[{"embeddable":true,"href":"https:\/\/www.diarioimagen.net\/index.php?rest_route=%2Fwp%2Fv2%2Fcomments&post=517861"}],"version-history":[{"count":0,"href":"https:\/\/www.diarioimagen.net\/index.php?rest_route=\/wp\/v2\/posts\/517861\/revisions"}],"wp:attachment":[{"href":"https:\/\/www.diarioimagen.net\/index.php?rest_route=%2Fwp%2Fv2%2Fmedia&parent=517861"}],"wp:term":[{"taxonomy":"category","embeddable":true,"href":"https:\/\/www.diarioimagen.net\/index.php?rest_route=%2Fwp%2Fv2%2Fcategories&post=517861"},{"taxonomy":"post_tag","embeddable":true,"href":"https:\/\/www.diarioimagen.net\/index.php?rest_route=%2Fwp%2Fv2%2Ftags&post=517861"}],"curies":[{"name":"wp","href":"https:\/\/api.w.org\/{rel}","templated":true}]}}