{"id":517977,"date":"2021-08-23T00:05:36","date_gmt":"2021-08-23T05:05:36","guid":{"rendered":"https:\/\/www.diarioimagen.net\/?p=517977"},"modified":"2021-08-24T05:33:55","modified_gmt":"2021-08-24T10:33:55","slug":"disciplina-valor-indispensable-para-transcender-en-justas-olimpicas-alfredo-penaloza-carmona","status":"publish","type":"post","link":"https:\/\/www.diarioimagen.net\/?p=517977","title":{"rendered":"Disciplina, valor indispensable para transcender en justas ol\u00edmpicas: Alfredo Pe\u00f1aloza Carmona"},"content":{"rendered":"<p>&nbsp;<\/p>\n<ul>\n<li><strong><em>Particip\u00f3 en los Juegos Ol\u00edmpicos de M\u00e9xico 1968, obteniendo el lugar decimotercero en la prueba de marat\u00f3n.<\/em><\/strong><\/li>\n<\/ul>\n<p>&nbsp;<\/p>\n<div id=\"attachment_518066\" style=\"width: 470px\" class=\"wp-caption aligncenter\"><a href=\"https:\/\/www.diarioimagen.net\/?attachment_id=518066\" rel=\"attachment wp-att-518066\"><img loading=\"lazy\" decoding=\"async\" aria-describedby=\"caption-attachment-518066\" class=\"size-full wp-image-518066\" src=\"https:\/\/www.diarioimagen.net\/wp-content\/uploads\/2021\/08\/uaem-12.jpg\" alt=\"\" width=\"460\" height=\"270\" \/><\/a><p id=\"caption-attachment-518066\" class=\"wp-caption-text\">Tras retirarse del atletismo competitivo, Pe\u00f1aloza Carmona realiz\u00f3 la carrera de t\u00e9cnico en deporte para iniciar como entrenador universitario.<\/p><\/div>\n<p>&nbsp;<\/p>\n<p><strong>Toluca, Estado de M\u00e9xico.- <\/strong>La historia de Alfredo Pe\u00f1aloza Carmona est\u00e1 construida con emoci\u00f3n, compromiso, esfuerzo, pero, sobre todo, disciplina. El corredor de fondo ex ol\u00edmpico y entrenador de atletismo en la Universidad Aut\u00f3noma del Estado de M\u00e9xico (UAEM), rememor\u00f3 sus intervenciones en las m\u00e1s representativas competencias mundiales.<\/p>\n<p>\u201cQuiero platicarles un poquito de mi vida deportiva: tuve la oportunidad de representar a M\u00e9xico en la prueba de marat\u00f3n. Compet\u00ed en dos Centroamericanos, dos Panamericanos y dos ediciones de los Juegos Ol\u00edmpicos\u201d.<\/p>\n<p>Pe\u00f1aloza Carmona particip\u00f3 en los Juegos Centroamericanos realizados en Panam\u00e1 (1970) en los que obtuvo medalla de oro y los correspondientes a Rep\u00fablica Dominicana (1974) donde qued\u00f3 en s\u00e9ptimo lugar. Las dos participaciones de los Juegos Panamericanos fueron en 1967 en Winnipeg, Canad\u00e1 y en 1971, en Cali, Colombia.<\/p>\n<p>Adem\u00e1s, de los Juegos Ol\u00edmpicos de M\u00e9xico 1968, \u201cobteniendo el lugar decimotercero que en ese tiempo era el mejor lugar que hab\u00eda obtenido un mexicano dentro de la prueba de marat\u00f3n\u201d, y en la edici\u00f3n de 1972 en la ciudad de M\u00fanich, Alemania.<\/p>\n<p>El entrenador de la comunidad universitaria refiri\u00f3 su gratitud porque tuvo la oportunidad de representar a nuestro pa\u00eds en competencias mundiales. \u201cEs un compromiso muy grande. La verdad que todav\u00eda recuerdo cuando por primera vez me puse la camiseta de M\u00e9xico; no hay fiesta m\u00e1s grande que unos Juegos Ol\u00edmpicos y creo que todos los deportistas aspiran a llegar a este nivel de competencias\u201d, agreg\u00f3.<\/p>\n<p>Sin embargo, record\u00f3 que para formar parte de una delegaci\u00f3n o representar a un pa\u00eds en justas mundiales \u201cse requiere de mucho trabajo y de mucho esfuerzo\u201d. Y subray\u00f3: \u201cEspero que la juventud est\u00e9 consciente de que para llegar a unos juegos mundiales se requiere de a\u00f1os de trabajo, pero, sobre todo, de disciplina\u201d.<\/p>\n<p>Durante su intervenci\u00f3n en las Olimpiadas de 1968, Alfredo Pe\u00f1aloza, conocido cari\u00f1osamente como el Chivo, fue entrenado por uno de los m\u00e1s notables formadores de atletas: el neozeland\u00e9s Arthur Lydiard (1917- 2004) considerado como el primer entrenador de corredores fondistas y quien tuvo a su cargo el entrenamiento del equipo ol\u00edmpico mexicano.<\/p>\n<p>\u201cEra el mejor entrenador del mundo en las pruebas de medio fondo y fondo marat\u00f3n. Me dije a mi mismo: voy a llegar. Esta oportunidad no la voy a dejar pasar. No s\u00e9 c\u00f3mo le voy a hacer, pero voy a aprovecharla\u201d.<\/p>\n<p>Hijo predilecto de San Marcos Yachihuacaltepec, en Toluca, capital del Estado de M\u00e9xico, Alfredo Pe\u00f1aloza Carmona naci\u00f3 el 31 de marzo de 1947. Sus primeros encuentros con el deporte los realiz\u00f3 a ras de la cancha y tras el bal\u00f3n. \u201cSi no jugaba o asist\u00eda al futbol para m\u00ed no era domingo\u201d, record\u00f3.\u00a0 Pero despu\u00e9s, el entrenador Pe\u00f1aloza, quiso saber qu\u00e9 se sent\u00eda correr: \u201cfue una casualidad, un 15 de septiembre asistimos con amigos a la ciudad de Toluca y en el jard\u00edn de \u2018Los m\u00e1rtires\u2019 (hoy explanada) se estaba realizando una competencia de tres mil metros de atletismo y yo les dije a los amigos, me gustar\u00eda correr para ver qu\u00e9 se siente\u201d.<\/p>\n<p>A modo de broma, esos amigos lo inscribieron en la competencia estelar de los cinco mil metros planos. \u201cParticip\u00e9 y para mi buena suerte, qued\u00e9 en segundo lugar. Me sent\u00ed muy emocionado\u201d.<\/p>\n<p>Luego vinieron los entrenamientos, las intervenciones en justas internacionales y posteriormente una asidua participaci\u00f3n en reconocidos maratones del mundo: en Estados Unidos (Boston, Chicago, Nueva York, Los \u00c1ngeles), Puerto Rico, Guatemala y Jap\u00f3n. \u201cEn ese tiempo abrimos una brecha a nivel internacional para el deporte del atletismo mexicano, sobre todo, en pruebas de fondo\u201d.<\/p>\n<p>Tras retirarse del atletismo competitivo, Pe\u00f1aloza Carmona realiz\u00f3 la carrera de t\u00e9cnico en deporte para iniciar una nueva faceta: entrenador universitario.<\/p>\n<p>A inicio de la d\u00e9cada de 1990, Pe\u00f1aloza Carmona fue incluido en el programa gubernamental de Desarrollo de Atletas de Alto Rendimiento, integrado por deportistas mexiquenses que representaron a M\u00e9xico en alguna competici\u00f3n. \u201cAh\u00ed comenc\u00e9 a tener alumnos que destacaron dentro del deporte. Tuve excelentes resultados en mi trabajo y, posteriormente, la oportunidad de entrar a la universidad\u201d. El entrenador tiene m\u00e1s de 25 a\u00f1os trabajando para la instituci\u00f3n. \u201cMe siento bastante bien, muy contento, con mucho entusiasmo porque aqu\u00ed en la UAEM hay excelentes atletas en desarrollo\u201d.<\/p>\n<p>Al iniciarse un nuevo ciclo de clases en la UAEM, el entrenador Pe\u00f1aloza invit\u00f3 a las y los j\u00f3venes deportistas a acercarse al Estado Alberto \u201cChivo\u201d C\u00f3rdova o a los gimnasios, \u201ctenemos una pista hermosa, un estadio hermoso, los invito a que vengan a integrarse al equipo representativo de la universidad en el deporte como el atletismo\u201d.<\/p>\n<p>Para concluir esta entrevista, el ex ol\u00edmpico y entrenador universitario destac\u00f3 que la disciplina en el deporte es fundamental: \u201csi no hay disciplina es muy dif\u00edcil alcanzar los sue\u00f1os que uno tiene como objetivos en cualquier competencia\u201d.<\/p>\n","protected":false},"excerpt":{"rendered":"<p>La historia de Alfredo Pe\u00f1aloza Carmona est\u00e1 construida con emoci\u00f3n, compromiso, esfuerzo, pero, sobre todo, disciplina. El corredor de fondo ex ol\u00edmpico y entrenador de atletismo en la Universidad Aut\u00f3noma del Estado de M\u00e9xico (UAEM), rememor\u00f3 sus intervenciones en las m\u00e1s representativas competencias mundiales.<\/p>\n","protected":false},"author":3,"featured_media":518066,"comment_status":"open","ping_status":"open","sticky":false,"template":"","format":"standard","meta":{"_monsterinsights_skip_tracking":false,"_monsterinsights_sitenote_active":false,"_monsterinsights_sitenote_note":"","_monsterinsights_sitenote_category":0,"footnotes":""},"categories":[5],"tags":[43675,452],"class_list":["post-517977","post","type-post","status-publish","format-standard","has-post-thumbnail","hentry","category-estado-de-mexico","tag-estado-de-mexico","tag-toluca"],"_links":{"self":[{"href":"https:\/\/www.diarioimagen.net\/index.php?rest_route=\/wp\/v2\/posts\/517977","targetHints":{"allow":["GET"]}}],"collection":[{"href":"https:\/\/www.diarioimagen.net\/index.php?rest_route=\/wp\/v2\/posts"}],"about":[{"href":"https:\/\/www.diarioimagen.net\/index.php?rest_route=\/wp\/v2\/types\/post"}],"author":[{"embeddable":true,"href":"https:\/\/www.diarioimagen.net\/index.php?rest_route=\/wp\/v2\/users\/3"}],"replies":[{"embeddable":true,"href":"https:\/\/www.diarioimagen.net\/index.php?rest_route=%2Fwp%2Fv2%2Fcomments&post=517977"}],"version-history":[{"count":0,"href":"https:\/\/www.diarioimagen.net\/index.php?rest_route=\/wp\/v2\/posts\/517977\/revisions"}],"wp:featuredmedia":[{"embeddable":true,"href":"https:\/\/www.diarioimagen.net\/index.php?rest_route=\/wp\/v2\/media\/518066"}],"wp:attachment":[{"href":"https:\/\/www.diarioimagen.net\/index.php?rest_route=%2Fwp%2Fv2%2Fmedia&parent=517977"}],"wp:term":[{"taxonomy":"category","embeddable":true,"href":"https:\/\/www.diarioimagen.net\/index.php?rest_route=%2Fwp%2Fv2%2Fcategories&post=517977"},{"taxonomy":"post_tag","embeddable":true,"href":"https:\/\/www.diarioimagen.net\/index.php?rest_route=%2Fwp%2Fv2%2Ftags&post=517977"}],"curies":[{"name":"wp","href":"https:\/\/api.w.org\/{rel}","templated":true}]}}