{"id":518001,"date":"2021-08-23T00:03:35","date_gmt":"2021-08-23T05:03:35","guid":{"rendered":"https:\/\/www.diarioimagen.net\/?p=518001"},"modified":"2021-08-23T06:17:22","modified_gmt":"2021-08-23T11:17:22","slug":"huixquilucan-tiene-servicios-de-emergencia-de-primer-mundo-alcalde-vargas-del-villar","status":"publish","type":"post","link":"https:\/\/www.diarioimagen.net\/?p=518001","title":{"rendered":"Huixquilucan tiene servicios de emergencia de primer mundo: alcalde Vargas del Villar"},"content":{"rendered":"<p>&nbsp;<\/p>\n<ul>\n<li><strong><em>Entrega ambulancia y equipo<\/em><\/strong><\/li>\n<\/ul>\n<p>&nbsp;<\/p>\n<div id=\"attachment_518100\" style=\"width: 470px\" class=\"wp-caption aligncenter\"><a href=\"https:\/\/www.diarioimagen.net\/?attachment_id=518100\" rel=\"attachment wp-att-518100\"><img loading=\"lazy\" decoding=\"async\" aria-describedby=\"caption-attachment-518100\" class=\"size-full wp-image-518100\" src=\"https:\/\/www.diarioimagen.net\/wp-content\/uploads\/2021\/08\/huixquilucan-8.jpg\" alt=\"\" width=\"460\" height=\"270\" \/><\/a><p id=\"caption-attachment-518100\" class=\"wp-caption-text\">El alcalde de Huixquilucan, Enrique Vargas del Villar, hizo entrega de una ambulancia y equipo para el cuerpo de Bomberos.<\/p><\/div>\n<p>&nbsp;<\/p>\n<p><strong>Huixquilucan, Estado de M\u00e9xico<\/strong>.- \u201cHuixquilucan hoy,\u00a0 en servicios de emergencia somos del primer mundo\u201d, asegur\u00f3 el presidente municipal Enrique Vargas del Villar al hacer entrega de una ambulancia y equipo para el cuerpo de Bomberos.<\/p>\n<p>Ante el personal de emergencias, Vargas del Villar se\u00f1al\u00f3 que a\u00f1o con a\u00f1o se ha invertido en equipamiento y en mejorar las condiciones de trabajo. Record\u00f3 que al inicio de su gesti\u00f3n se ten\u00eda una ambulancia descompuesta con una camilla, situaci\u00f3n que contrasta con las 5 ambulancias de primer nivel con las que se cuenta actualmente.<\/p>\n<p>\u201cJuntos salvamos vidas, juntos siempre estuvimos las 24 horas viendo por Huixquilucan en incendios, con lluvias, con\u00a0 sequ\u00edas, siempre estuvimos ah\u00ed, siempre trabajando hombro a hombro y eso es un ejemplo de c\u00f3mo se debe trabajar en los municipios\u201d, enfatiz\u00f3 el Edil.<\/p>\n<p>Precis\u00f3 que sociedad y gobierno trabajaron de la mano, por lo que agradeci\u00f3 a los servidores p\u00fablicos que han estado dando lo mejor de s\u00ed por darle a la ciudadan\u00eda la mejor atenci\u00f3n, especialmente durante la pandemia, ya que se requiri\u00f3 de un alto esp\u00edritu de servicio.<\/p>\n<p>Anunci\u00f3, que ya se est\u00e1 revisando el equipo que se va a comprar para el siguiente a\u00f1o, porque Huixquilucan tiene un gobierno que invierte para cuidar a la sociedad. Asimismo agradeci\u00f3 al Cabildo por el respaldo durante los \u00faltimos a\u00f1os, en los que se entregan cuentas claras a la ciudadan\u00eda.<\/p>\n<p>Carlos Bahena Figueroa, subdirector de Bomberos, detall\u00f3 que los elementos necesitan el mejor equipo de protecci\u00f3n personal como es el traje de protecci\u00f3n compuesto por chamarra y pantal\u00f3n, aparato de respiraci\u00f3n aut\u00f3noma, casco, pasamonta\u00f1a o monja, guantes, botas de seguridad y herramientas varias; por lo que agradeci\u00f3 la preocupaci\u00f3n del Presidente por cubrir estas necesidades.<\/p>\n<p>A nombre de los bomberos Alberto Abelino L\u00f3pez, reconoci\u00f3 el trabajo del Presidente Municipal desde el 2016, ya que les dot\u00f3 de herramientas, uniformes, veh\u00edculos y capacitaci\u00f3n. Aunado al cuidado que ha tenido de su seguridad e integridad f\u00edsica. \u201cGracias se\u00f1or presidente porque se ha preocupado y ocupado por dignificar la labor de los cuerpos de emergencia de este gran municipio\u201d, puntualiz\u00f3.<\/p>\n","protected":false},"excerpt":{"rendered":"<p>\u201cHuixquilucan hoy,\u00a0 en servicios de emergencia somos del primer mundo\u201d, asegur\u00f3 el presidente municipal Enrique Vargas del Villar al hacer entrega de una ambulancia y equipo para el cuerpo de Bomberos.<\/p>\n","protected":false},"author":3,"featured_media":518100,"comment_status":"open","ping_status":"open","sticky":false,"template":"","format":"standard","meta":{"_monsterinsights_skip_tracking":false,"_monsterinsights_sitenote_active":false,"_monsterinsights_sitenote_note":"","_monsterinsights_sitenote_category":0,"footnotes":""},"categories":[5],"tags":[47218,43675,1097],"class_list":["post-518001","post","type-post","status-publish","format-standard","has-post-thumbnail","hentry","category-estado-de-mexico","tag-enrique-vargas-del-villar","tag-estado-de-mexico","tag-huixquilucan"],"_links":{"self":[{"href":"https:\/\/www.diarioimagen.net\/index.php?rest_route=\/wp\/v2\/posts\/518001","targetHints":{"allow":["GET"]}}],"collection":[{"href":"https:\/\/www.diarioimagen.net\/index.php?rest_route=\/wp\/v2\/posts"}],"about":[{"href":"https:\/\/www.diarioimagen.net\/index.php?rest_route=\/wp\/v2\/types\/post"}],"author":[{"embeddable":true,"href":"https:\/\/www.diarioimagen.net\/index.php?rest_route=\/wp\/v2\/users\/3"}],"replies":[{"embeddable":true,"href":"https:\/\/www.diarioimagen.net\/index.php?rest_route=%2Fwp%2Fv2%2Fcomments&post=518001"}],"version-history":[{"count":0,"href":"https:\/\/www.diarioimagen.net\/index.php?rest_route=\/wp\/v2\/posts\/518001\/revisions"}],"wp:featuredmedia":[{"embeddable":true,"href":"https:\/\/www.diarioimagen.net\/index.php?rest_route=\/wp\/v2\/media\/518100"}],"wp:attachment":[{"href":"https:\/\/www.diarioimagen.net\/index.php?rest_route=%2Fwp%2Fv2%2Fmedia&parent=518001"}],"wp:term":[{"taxonomy":"category","embeddable":true,"href":"https:\/\/www.diarioimagen.net\/index.php?rest_route=%2Fwp%2Fv2%2Fcategories&post=518001"},{"taxonomy":"post_tag","embeddable":true,"href":"https:\/\/www.diarioimagen.net\/index.php?rest_route=%2Fwp%2Fv2%2Ftags&post=518001"}],"curies":[{"name":"wp","href":"https:\/\/api.w.org\/{rel}","templated":true}]}}