{"id":518003,"date":"2021-08-23T00:02:02","date_gmt":"2021-08-23T05:02:02","guid":{"rendered":"https:\/\/www.diarioimagen.net\/?p=518003"},"modified":"2021-08-23T06:15:49","modified_gmt":"2021-08-23T11:15:49","slug":"dan-inicio-a-la-verdadera-defensa-de-cuautitlan-izcalli","status":"publish","type":"post","link":"https:\/\/www.diarioimagen.net\/?p=518003","title":{"rendered":"Dan inicio a la verdadera defensa de Cuautitl\u00e1n Izcalli"},"content":{"rendered":"<p>&nbsp;<\/p>\n<p><a href=\"https:\/\/www.diarioimagen.net\/?attachment_id=518098\" rel=\"attachment wp-att-518098\"><img loading=\"lazy\" decoding=\"async\" class=\"aligncenter size-full wp-image-518098\" src=\"https:\/\/www.diarioimagen.net\/wp-content\/uploads\/2021\/08\/izcalli-1.jpg\" alt=\"\" width=\"460\" height=\"270\" \/><\/a><\/p>\n<p>&nbsp;<\/p>\n<p><strong>Cuautitl\u00e1n Izcalli, Estado de M\u00e9xico<\/strong><strong>.-<\/strong> La alcaldesa electa de esta municipalidad, Karla Fiesco Garc\u00eda, solicit\u00f3 ante el Ejecutivo estatal ejercer su facultad de veto y no publicar el decreto emitido por la Comisi\u00f3n de L\u00edmites Territoriales, revirtiendo los efectos y alcances del mismo.<\/p>\n<p>Lo anterior. por afectar gravemente al pueblo, de San Mateo Ixtacalco, ejidos y comunidades de \u201cEl Sabino\u201d y \u201cLa Capilla\u201d, que se encuentran dentro de Cuautitl\u00e1n Izcalli.<\/p>\n","protected":false},"excerpt":{"rendered":"<p>La alcaldesa electa de esta municipalidad, Karla Fiesco Garc\u00eda, solicit\u00f3 ante el Ejecutivo estatal ejercer su facultad de veto y no publicar el decreto emitido por la Comisi\u00f3n de L\u00edmites Territoriales, revirtiendo los efectos y alcances del mismo.<\/p>\n","protected":false},"author":3,"featured_media":518098,"comment_status":"open","ping_status":"open","sticky":false,"template":"","format":"standard","meta":{"_monsterinsights_skip_tracking":false,"_monsterinsights_sitenote_active":false,"_monsterinsights_sitenote_note":"","_monsterinsights_sitenote_category":0,"footnotes":""},"categories":[5],"tags":[971,82433,43675],"class_list":["post-518003","post","type-post","status-publish","format-standard","has-post-thumbnail","hentry","category-estado-de-mexico","tag-cuautitlan-izcalli","tag-defensa","tag-estado-de-mexico"],"_links":{"self":[{"href":"https:\/\/www.diarioimagen.net\/index.php?rest_route=\/wp\/v2\/posts\/518003","targetHints":{"allow":["GET"]}}],"collection":[{"href":"https:\/\/www.diarioimagen.net\/index.php?rest_route=\/wp\/v2\/posts"}],"about":[{"href":"https:\/\/www.diarioimagen.net\/index.php?rest_route=\/wp\/v2\/types\/post"}],"author":[{"embeddable":true,"href":"https:\/\/www.diarioimagen.net\/index.php?rest_route=\/wp\/v2\/users\/3"}],"replies":[{"embeddable":true,"href":"https:\/\/www.diarioimagen.net\/index.php?rest_route=%2Fwp%2Fv2%2Fcomments&post=518003"}],"version-history":[{"count":0,"href":"https:\/\/www.diarioimagen.net\/index.php?rest_route=\/wp\/v2\/posts\/518003\/revisions"}],"wp:featuredmedia":[{"embeddable":true,"href":"https:\/\/www.diarioimagen.net\/index.php?rest_route=\/wp\/v2\/media\/518098"}],"wp:attachment":[{"href":"https:\/\/www.diarioimagen.net\/index.php?rest_route=%2Fwp%2Fv2%2Fmedia&parent=518003"}],"wp:term":[{"taxonomy":"category","embeddable":true,"href":"https:\/\/www.diarioimagen.net\/index.php?rest_route=%2Fwp%2Fv2%2Fcategories&post=518003"},{"taxonomy":"post_tag","embeddable":true,"href":"https:\/\/www.diarioimagen.net\/index.php?rest_route=%2Fwp%2Fv2%2Ftags&post=518003"}],"curies":[{"name":"wp","href":"https:\/\/api.w.org\/{rel}","templated":true}]}}