{"id":518031,"date":"2021-08-23T00:11:04","date_gmt":"2021-08-23T05:11:04","guid":{"rendered":"https:\/\/www.diarioimagen.net\/?p=518031"},"modified":"2021-08-23T04:01:34","modified_gmt":"2021-08-23T09:01:34","slug":"mala-racha-de-lopez-obrador","status":"publish","type":"post","link":"https:\/\/www.diarioimagen.net\/?p=518031","title":{"rendered":"Mala racha de L\u00f3pez Obrador"},"content":{"rendered":"<h2>\u00cdndice pol\u00edtico<\/h2>\n<h5>Francisco Rodr\u00edguez<\/h5>\n<p>&nbsp;<\/p>\n<ul>\n<li><strong><em>Acumula ya muchas derrotas<\/em><\/strong><\/li>\n<li><strong><em>Ricardo Anaya, incongruente<\/em><\/strong><\/li>\n<\/ul>\n<p>&nbsp;<\/p>\n<p>Aunque est\u00e1 hecho en la\u00a0<strong>derrota<\/strong> \u2014<em>remember<\/em>\u00a02006 y 2012\u2014, una a una \u00e9stas se <strong>acumulan<\/strong>\u00a0en el\u00a0<em>score <\/em>del Presidente de la Rep\u00fablica.<\/p>\n<p>Ya perdi\u00f3 en su lucha de \u201cabrazos y no balazos\u201d contra la\u00a0<strong>inseguridad<\/strong>.<\/p>\n<p>Vencido, tambi\u00e9n, por la\u00a0<strong>pandemia<\/strong>\u00a0y sus nocivas consecuencias.<\/p>\n<p>Y la\u00a0<strong>pobreza,<\/strong>\u00a0implacable, lo tiene sometido.<\/p>\n<p>Pero m\u00e1s all\u00e1 de ello, habr\u00eda que hacer un recuento de sus capitulaciones.<\/p>\n<p>Cuando menos algunas de las m\u00e1s recientes.<\/p>\n<p>Las de sus\u00a0<strong>afanes reeleccionistas<\/strong>, por ejemplo, cuando en mayo de 2019 la\u00a0<em>Corta<\/em>\u00a0de Justicia bate\u00f3 la posibilidad de que el gobernador de Baja California,\u00a0<strong>Jaime Bonilla<\/strong>, prolongara tres a\u00f1os su mandato de s\u00f3lo tres.<\/p>\n<p>Y la de hace unas semanas, cuando el mism\u00edsimo ministro presidente de la citada SCJN,\u00a0<strong>Arturo Zald\u00edvar<\/strong>, rindi\u00f3 la plaza ante la posibilidad de que\u00a0<strong>\u00e9l mismo violara la Constituci\u00f3n<\/strong>\u00a0ampliando un par de a\u00f1os m\u00e1s su estancia en el cargo.<\/p>\n<p>En su mala racha, a principios de mayo de 2020 el Presidente vio\u00a0<strong>frustrada su toma del Poder Legislativo<\/strong>, cuando quiso imponer una ley que le otorgaba facultades plenipotenciarias para cambiar el Presupuesto a su gusto.\u00a0<strong>L\u00f3pez-Gatell<\/strong>\u00a0le dio el pretexto arguyendo que estaba\u00a0<strong>muy fuerte<\/strong>\u00a0la pandemia y por tal suspendieron la sesi\u00f3n de la Comisi\u00f3n Permanente.<\/p>\n<p style=\"text-align: center;\"><strong>M\u00e9dicos y abogados<\/strong><\/p>\n<p>Profesionistas liberales tambi\u00e9n han dado respuesta a las invectivas de\u00a0<strong>L\u00f3pez Obrador<\/strong>.<\/p>\n<p>Y lo han dejado callado.<\/p>\n<p>Los m\u00e9dicos enrostraron al Presidente y su\u00a0<strong>desprecio<\/strong>\u00a0por esa noble profesi\u00f3n. Las federaciones y colegios de especialidades\u00a0<strong>exigieron una disculpa<\/strong>\u00a0p\u00fablica de AMLO por haberlos tratado como hampones de bata blanca.<\/p>\n<p>La\u00a0<strong>opini\u00f3n p\u00fablica se puso del lado de los m\u00e9dicos<\/strong>\u00a0y el inquilino de Palacio Nacional hubo de presentar, a rega\u00f1adientes, a medias, una disculpa. La unidad y el sentido del honor se impusieron.<\/p>\n<p>En otro caso, L\u00f3pez Obrador denunci\u00f3 que comenten \u201ctraici\u00f3n a la patria\u201d los\u00a0<strong>abogados que trabajan para empresas extranjeras<\/strong>\u00a0que \u201cquieren seguir saqueando a M\u00e9xico\u201d, al actuar contra decisiones de su gobiernito, como una reforma energ\u00e9tica que da prioridad a empresas estatales frente a las privadas, y que est\u00e1 paralizada en los tribunales.<\/p>\n<p>Foros, barras y colegios de togados dieron sendas\u00a0<strong>respuestas cr\u00edticas<\/strong>\u00a0a quien deber\u00eda ser mandatario de la Naci\u00f3n.<\/p>\n<p>Todos en tono a\u00fan m\u00e1s cr\u00edtico que el proferido por AMLO.<\/p>\n<p>Y \u00e9ste\u00a0<strong>no volvi\u00f3 a tocar el tema<\/strong>.<\/p>\n<p style=\"text-align: center;\"><strong>CDMX, Consulta y Revocaci\u00f3n<\/strong><\/p>\n<p>De junio a la fecha los dioses del Olimpo han sido cero benevolentes con AMLO.<\/p>\n<p>Primero, las\u00a0<strong>derrotas electorales<\/strong>\u00a0del primer domingo del mes dedicado a Juno, hermana y esposa de J\u00fapiter.<\/p>\n<p>Y aunque\u00a0<strong>quiso disfrazarlas de victoria<\/strong>, sus peroratas matutinas en contra de las clases medias ilustradas que votaron en contra de los candidatos de Morena -especialmente en la que fuera llamada Ciudad de los Palacios- revelaban en el fondo su\u00a0<strong>profundo enojo<\/strong>\u00a0por las p\u00e9rdidas en bastiones que \u00e9l consideraba propios.<\/p>\n<p>Vino despu\u00e9s la\u00a0<strong>consulta popular<\/strong>. Una magra asistencia a las mesas de votaci\u00f3n hizo manifiesta la <strong>reacci\u00f3n popular de desprecio<\/strong>\u00a0a la manipulaci\u00f3n de quienes despachan en el Palacio Nacional.<\/p>\n<p>Y la semana pasada, dos intentos, dos, de la mayor\u00eda parlamentaria en la Comisi\u00f3n Permanente -que despacha temporalmente- del Congreso de la Uni\u00f3n para legislar en torno a la Revocaci\u00f3n de Mandato frustrados por\u00a0<strong>las oposiciones que, juntas, \u201cvalen m\u00e1s que vos\u201d<\/strong>, cual citara\u00a0 <strong>Porfirio Mu\u00f1oz Ledo<\/strong>\u00a0all\u00e1 por 1997.<\/p>\n<p>Esas son las\u00a0<strong>derrotas p\u00fablicas<\/strong>.<\/p>\n<p>\u00bfCu\u00e1ntas m\u00e1s no le habr\u00e1n infligido en privado?<\/p>\n<p>\u00bfCu\u00e1ntas se ha anotado\u00a0<strong>Carlos Slim<\/strong>?<\/p>\n<p>\u00bfCu\u00e1ntas m\u00e1s los\u00a0<strong>barones del capital<\/strong>\u00a0con los que a menudo se re\u00fane?<\/p>\n<p>\u00bfUsted cu\u00e1ntas cree?<\/p>\n<p style=\"text-align: center;\"><strong>Indicios<\/strong><\/p>\n<p><strong>Otra derrota de la 4T<\/strong>: apenas el viernes anterior, los magistrados de la Sala Especializada en quejas administrativas en materia electoral, de manera un\u00e1nime ordenaron al \u00d3rgano Interno de Control de la Oficina de la Presidencia de la Rep\u00fablica sancionar al vocero presidencial,\u00a0<strong>Jes\u00fas Ram\u00edrez<\/strong>\u00a0y al director de Cepropie,\u00a0<strong>Erwin Sigfrid Frederick\u00a0<\/strong>Neumaier de Hoyos, por difundir propaganda gubernamental en tiempos prohibidos por la ley electoral. En el caso del presidente, la Sala orden\u00f3 hacerle un llamamiento, a trav\u00e9s de la Consejer\u00eda Jur\u00eddica, para que utilice adecuadamente los recursos p\u00fablicos a los que tiene alcance, al tener la obligaci\u00f3n de permanecer neutral durante los procesos comiciales. * * * Tiene raz\u00f3n mi amigo el acad\u00e9mico\u00a0<strong>Rafael Serrano<\/strong>\u00a0cuando recuerda que hace apenas unas semanas el\u00a0<strong>incongruente\u00a0Ricardo Anaya<\/strong>\u00a0declar\u00f3 \u201cSi alguien cometi\u00f3 un delito se le tiene que aplicar la ley&#8230; los delitos se persiguen, no se consultan\u201d. Pero cuando a \u00e9l le aplican la ley, magia, se convierte en \u201cperseguido pol\u00edtico\u201d. * * * \u00bfRecuerda alguien cuando se dec\u00eda que \u201cen el mes de agosto no se mov\u00edan ni las hojas de los \u00e1rboles, porque el se\u00f1or Presidente est\u00e1 escribiendo su informe de gobierno\u201d?\u00a0<em>O tempora, o mores<\/em>\u00a0o, lo que es lo mismo, \u00a1qu\u00e9 tiempos, qu\u00e9 costumbres! + + + Y por hoy es todo. Como siempre, le deseo que tenga \u00a1buenas gracias y muchos, muchos d\u00edas! \u00a1Feliz inicio de semana!<\/p>\n<p><em><u><a href=\"http:\/\/www.indicepolitico.com\" target=\"_blank\" rel=\"noopener noreferrer\">www.indicepolitico.com<\/a><\/u><u><br \/>\n<\/u><a href=\"mailto:indicepolitico@gmail.com\" target=\"_blank\" rel=\"noopener noreferrer\">indicepolitico@gmail.com<\/a><\/em><br \/>\n<em><a href=\"https:\/\/twitter.com\/indicepolitico?lang=es\" target=\"_blank\" rel=\"noopener noreferrer\">@IndicePolitico<\/a><\/em><br \/>\n<em><u><a href=\"https:\/\/twitter.com\/pacorodriguez\" target=\"_blank\" rel=\"noopener noreferrer\">@pacorodriguez<\/a><\/u><\/em><\/p>\n","protected":false},"excerpt":{"rendered":"<p><span style=\"color: #005497;\"><strong>Francisco Rodr\u00edguez<\/strong><\/span><br \/>\n<br \/>\nAunque est\u00e1 hecho en la <strong>derrota<\/strong> \u2014<em>remember<\/em> 2006 y 2012\u2014, una a una \u00e9stas se <strong>acumulan<\/strong> en el <em>score <\/em>del Presidente de la Rep\u00fablica.<\/p>\n","protected":false},"author":3,"featured_media":0,"comment_status":"open","ping_status":"open","sticky":false,"template":"","format":"standard","meta":{"_monsterinsights_skip_tracking":false,"_monsterinsights_sitenote_active":false,"_monsterinsights_sitenote_note":"","_monsterinsights_sitenote_category":0,"footnotes":""},"categories":[549],"tags":[43689,550,43674],"class_list":["post-518031","post","type-post","status-publish","format-standard","hentry","category-francisco-rodriguez","tag-francisco-rodriguez","tag-indice-politico","tag-opinion"],"_links":{"self":[{"href":"https:\/\/www.diarioimagen.net\/index.php?rest_route=\/wp\/v2\/posts\/518031","targetHints":{"allow":["GET"]}}],"collection":[{"href":"https:\/\/www.diarioimagen.net\/index.php?rest_route=\/wp\/v2\/posts"}],"about":[{"href":"https:\/\/www.diarioimagen.net\/index.php?rest_route=\/wp\/v2\/types\/post"}],"author":[{"embeddable":true,"href":"https:\/\/www.diarioimagen.net\/index.php?rest_route=\/wp\/v2\/users\/3"}],"replies":[{"embeddable":true,"href":"https:\/\/www.diarioimagen.net\/index.php?rest_route=%2Fwp%2Fv2%2Fcomments&post=518031"}],"version-history":[{"count":0,"href":"https:\/\/www.diarioimagen.net\/index.php?rest_route=\/wp\/v2\/posts\/518031\/revisions"}],"wp:attachment":[{"href":"https:\/\/www.diarioimagen.net\/index.php?rest_route=%2Fwp%2Fv2%2Fmedia&parent=518031"}],"wp:term":[{"taxonomy":"category","embeddable":true,"href":"https:\/\/www.diarioimagen.net\/index.php?rest_route=%2Fwp%2Fv2%2Fcategories&post=518031"},{"taxonomy":"post_tag","embeddable":true,"href":"https:\/\/www.diarioimagen.net\/index.php?rest_route=%2Fwp%2Fv2%2Ftags&post=518031"}],"curies":[{"name":"wp","href":"https:\/\/api.w.org\/{rel}","templated":true}]}}