{"id":518047,"date":"2021-08-23T00:12:37","date_gmt":"2021-08-23T05:12:37","guid":{"rendered":"https:\/\/www.diarioimagen.net\/?p=518047"},"modified":"2021-08-23T03:39:15","modified_gmt":"2021-08-23T08:39:15","slug":"fracturada-la-relacion-monreal-amlo","status":"publish","type":"post","link":"https:\/\/www.diarioimagen.net\/?p=518047","title":{"rendered":"\u00bfFracturada, la relaci\u00f3n Monreal-AMLO?"},"content":{"rendered":"<h2>Tras la puerta del poder<\/h2>\n<h5>Roberto Vizca\u00edno<\/h5>\n<p>&nbsp;<\/p>\n<p>La grosera y frustrada intervenci\u00f3n abierta del presidente <strong>Andr\u00e9s Manuel L\u00f3pez Obrador<\/strong> en la b\u00fasqueda de un extraordinario para promulgar la Ley Reglamentaria de la Revocaci\u00f3n de Mandato podr\u00eda haber da\u00f1ado definitivamente su relaci\u00f3n con el zacatecano <strong>Ricardo Monreal<\/strong>.<\/p>\n<p>Lo que parec\u00eda un tr\u00e1mite m\u00e1s, sin mayores consecuencias y bajo el control de <strong>Monreal<\/strong>, termin\u00f3 en una abierta derrota del mandatario mexicano.<\/p>\n<p>Absurdo, porque en realidad no hac\u00eda falta el extraordinario, ya que esa ley se puede aprobar con la sola mayor\u00eda de Morena y aliados apenas inicie el per\u00edodo en septiembre. Todo era producto de los apuros y caprichos de <strong>AMLO<\/strong>.<\/p>\n<p>Adem\u00e1s, el cuarto transitorio de la Reforma para la Revocaci\u00f3n de Mandato establece ya procedimientos y fechas.<\/p>\n<p>O sea&#8230;<\/p>\n<p>Pero con al parecer todo ya negociado por <strong>Monreal,<\/strong> <strong>AMLO<\/strong> -sin previo aviso-, envi\u00f3 a <strong>Olga S\u00e1nchez Cordero<\/strong> a intentar presionar a los coordinadores parlamentarios de PAN, PRI, PRD y MC, quienes la dejaron ahora s\u00ed de florero, plantada, y eso llev\u00f3 al zacatecano a hacerse a un lado. Desde ese momento desapareci\u00f3 de la escena. Ni mensajes por redes ni presencia en el pleno, y menos -como acostumbra en estos casos-, en tribuna.<\/p>\n<p>Los acuerdos internos se vinieron abajo. Y la oposici\u00f3n dio 2 reveses en dos d\u00edas consecutivos a <strong>AMLO<\/strong>. Y en tribuna se cansaron de exhibirlo, burlarse de \u00e9l.<\/p>\n<p>Sobre todo porque le echaron abajo su extraordinario con apenas 1 voto. Le mostraron lo d\u00e9bil que puede ser a pesar de vivir en Palacio Nacional. Pero sobre todo qued\u00f3 en evidencia cu\u00e1nto depende de <strong>Monreal<\/strong>.<\/p>\n<p style=\"text-align: center;\"><strong>El zacatecano le manda mensaje<\/strong><\/p>\n<p>Ayer, en lo que podr\u00eda ser una informaci\u00f3n normal en este momento de inicio de legislatura y de cambio de equilibrios en San L\u00e1zaro -donde el INE inform\u00f3 que Morena y aliados (es decir <strong>AMLO<\/strong>) quedan con 278 diputados (50 menos que la legislatura que termina) y la Alianza Opositora (PAN, PRI, PRD y MC) llegan con 222 diputados (50 m\u00e1s que los que ten\u00edan)-, la oficina de prensa del Senado emite un resumen de lo hecho en los 3 a\u00f1os anteriores (entre 2018 y 2021).<\/p>\n<p>En este lapso, el Senado -indica el documento-, aprob\u00f3 378 asuntos, entre ellos, 30 reformas a la Constituci\u00f3n Pol\u00edtica y 30 leyes de nueva creaci\u00f3n.<\/p>\n<p>Ello sin que Morena y aliados hayan tenido mayor\u00eda constitucional. Es decir, gracias a las negociaciones y acuerdos de <strong>Monreal<\/strong>. No se entiende de otra forma.<\/p>\n<p>Ninguna de esas 30 reformas constitucionales requiri\u00f3 de la intervenci\u00f3n o negociaci\u00f3n del Presidente de la Rep\u00fablica.<\/p>\n<p>Adem\u00e1s en este tiempo el Senado aprob\u00f3 30 leyes de nueva creaci\u00f3n, 270 cambios a diversos ordenamientos vigentes y 48 temas relacionados con otros decretos.<\/p>\n<p>Con estas reformas y emisi\u00f3n de nuevas leyes, afirma <strong>Monreal<\/strong>, se apoy\u00f3 una transformaci\u00f3n profunda de las instituciones como lo requer\u00eda AMLO y la 4T.<\/p>\n<p>Ah\u00ed es d\u00f3nde se realizaron \u201clas grandes reformas para el cambio de r\u00e9gimen\u201d.<\/p>\n<p>Igual, se aprobaron 30 instrumentos internacionales y se desahogaron mil 345 nombramientos, as\u00ed como 87 ratificaciones de personal diplom\u00e1tico.<\/p>\n<p>En estos 3 a\u00f1os se realizaron 195 sesiones, de ellas, 171 fueron ordinarias, 16 extraordinarias, 17 solemnes y 9 de Congreso General, con m\u00e1s de mil 137 horas de trabajo.<\/p>\n<p>La pandemia oblig\u00f3 a una transformaci\u00f3n dentro del Senado donde, por primera vez se estableci\u00f3 un sistema digital para ir a sesiones a distancia.<\/p>\n<p>Un mensaje claro para quien no entiende ni aprecia ning\u00fan mensaje.<\/p>\n<p>\u00bfHay ruptura?<\/p>\n<p>Lo veremos pronto.<\/p>\n<p style=\"text-align: center;\"><strong>Anaya inicia campa\u00f1a en EU<\/strong><\/p>\n<p>En una obvia estrategia electoral, el panista <strong>Ricardo Anaya<\/strong> aprovech\u00f3 un amago de la Fiscal\u00eda General de la Rep\u00fablica, para culpar a <strong>Andr\u00e9s Manuel L\u00f3pez Obrador<\/strong> de pretender iniciarle un proceso penal ama\u00f1ado con base en declaraciones de <strong>Emilio Lozoya<\/strong> y 2 testigos protegidos, y anunci\u00f3 su autoexilio a Estados Unidos donde comenzar\u00e1 su campa\u00f1a presidencial para 2024.<\/p>\n<p>La estrategia advierte enormes ventajas para el ex candidato presidencial queretano: no se ajustar\u00e1 a tiempos legales electorales en M\u00e9xico; tendr\u00e1 la atenci\u00f3n de medios norteamericanos y otros que repercutir\u00e1n sin ninguna duda en medios mexicanos; tendr\u00e1 a su disposici\u00f3n la fuerza de las redes sociales desde el imperio que es el centro de estos nuevos medios de comunicaci\u00f3n e informaci\u00f3n; no deber\u00e1 rendir cuentas a nadie por gastos de precampa\u00f1a porque actuar\u00e1 como perseguido pol\u00edtico no como pre o abierto candidato pero sobre todo ir\u00e1 delante de todos los otros aspirantes en especial los de Morena. Y ya comenz\u00f3 a tener la atenci\u00f3n y respuestas de <strong>L\u00f3pez Obra<\/strong>dor, quien apunta a ser su principal promotor. Interesante camino. Nuevos tiempos sin duda. <strong>Anaya<\/strong> apunta a ser <em>kriptonita<\/em> pura anti-lopezobradorista.<\/p>\n<p><em><a href=\"mailto:rvizcainoa@gmail.com\" target=\"_blank\" rel=\"noopener noreferrer\">rvizcainoa@gmail.com<\/a><br \/>\n<a href=\"http:\/\/endirecto.mx\" target=\"_blank\" rel=\"noopener noreferrer\">www.endirecto.mx<\/a><br \/>\n<a href=\"https:\/\/twitter.com\/_rvizcaino\" target=\"_blank\" rel=\"noopener noreferrer\">@_RVizcaino<\/a><br \/>\n<a href=\"https:\/\/www.facebook.com\/rvizcainoa\" target=\"_blank\" rel=\"noopener noreferrer\">facebook.com\/rvizcainoa<\/a><\/em><\/p>\n","protected":false},"excerpt":{"rendered":"<p><span style=\"color: #005497;\"><strong>Roberto Vizca\u00edno<\/strong><\/span><br \/>\n<br \/>\nLa grosera y frustrada intervenci\u00f3n abierta del presidente <strong>Andr\u00e9s Manuel L\u00f3pez Obrador<\/strong> en la b\u00fasqueda de un extraordinario para promulgar la Ley Reglamentaria de la Revocaci\u00f3n de Mandato podr\u00eda haber da\u00f1ado definitivamente su relaci\u00f3n con el zacatecano <strong>Ricardo Monreal<\/strong>.<\/p>\n","protected":false},"author":3,"featured_media":0,"comment_status":"open","ping_status":"open","sticky":false,"template":"","format":"standard","meta":{"_monsterinsights_skip_tracking":false,"_monsterinsights_sitenote_active":false,"_monsterinsights_sitenote_note":"","_monsterinsights_sitenote_category":0,"footnotes":""},"categories":[136],"tags":[43674,93,94],"class_list":["post-518047","post","type-post","status-publish","format-standard","hentry","category-roberto-vizcaino-opinion","tag-opinion","tag-roberto-vizcaino","tag-tras-la-puerta-del-poder"],"_links":{"self":[{"href":"https:\/\/www.diarioimagen.net\/index.php?rest_route=\/wp\/v2\/posts\/518047","targetHints":{"allow":["GET"]}}],"collection":[{"href":"https:\/\/www.diarioimagen.net\/index.php?rest_route=\/wp\/v2\/posts"}],"about":[{"href":"https:\/\/www.diarioimagen.net\/index.php?rest_route=\/wp\/v2\/types\/post"}],"author":[{"embeddable":true,"href":"https:\/\/www.diarioimagen.net\/index.php?rest_route=\/wp\/v2\/users\/3"}],"replies":[{"embeddable":true,"href":"https:\/\/www.diarioimagen.net\/index.php?rest_route=%2Fwp%2Fv2%2Fcomments&post=518047"}],"version-history":[{"count":0,"href":"https:\/\/www.diarioimagen.net\/index.php?rest_route=\/wp\/v2\/posts\/518047\/revisions"}],"wp:attachment":[{"href":"https:\/\/www.diarioimagen.net\/index.php?rest_route=%2Fwp%2Fv2%2Fmedia&parent=518047"}],"wp:term":[{"taxonomy":"category","embeddable":true,"href":"https:\/\/www.diarioimagen.net\/index.php?rest_route=%2Fwp%2Fv2%2Fcategories&post=518047"},{"taxonomy":"post_tag","embeddable":true,"href":"https:\/\/www.diarioimagen.net\/index.php?rest_route=%2Fwp%2Fv2%2Ftags&post=518047"}],"curies":[{"name":"wp","href":"https:\/\/api.w.org\/{rel}","templated":true}]}}