{"id":518130,"date":"2021-08-24T00:05:28","date_gmt":"2021-08-24T05:05:28","guid":{"rendered":"https:\/\/www.diarioimagen.net\/?p=518130"},"modified":"2021-08-25T07:15:34","modified_gmt":"2021-08-25T12:15:34","slug":"mantener-formacion-academica-de-medicos-principal-reto-ante-la-pandemia-hugo-mendieta-zeron","status":"publish","type":"post","link":"https:\/\/www.diarioimagen.net\/?p=518130","title":{"rendered":"Mantener formaci\u00f3n acad\u00e9mica de m\u00e9dicos, principal reto ante la pandemia: Hugo Mendieta Zer\u00f3n"},"content":{"rendered":"<p><em>\u00a0<\/em><\/p>\n<ul>\n<li><em><strong>El acad\u00e9mico universitario, quien curs\u00f3 la Maestr\u00eda en Ciencias M\u00e9dicas en la Universidad Nacional Aut\u00f3noma de M\u00e9xico (UNAM) y el Doctorado en Endocrinolog\u00eda en la Universidad de Santiago de Compostela, Espa\u00f1a, consider\u00f3 que la pandemia ha dejado como lecci\u00f3n el fortalecimiento de la salud y la educaci\u00f3n<\/strong> <\/em><\/li>\n<\/ul>\n<p>&nbsp;<\/p>\n<div id=\"attachment_518197\" style=\"width: 470px\" class=\"wp-caption aligncenter\"><a href=\"https:\/\/www.diarioimagen.net\/?attachment_id=518197\" rel=\"attachment wp-att-518197\"><img loading=\"lazy\" decoding=\"async\" aria-describedby=\"caption-attachment-518197\" class=\"size-full wp-image-518197\" src=\"https:\/\/www.diarioimagen.net\/wp-content\/uploads\/2021\/08\/uaem-13.jpg\" alt=\"\" width=\"460\" height=\"270\" \/><\/a><p id=\"caption-attachment-518197\" class=\"wp-caption-text\">Hugo Mendieta Zer\u00f3n, investigador de la Facultad de Medicina de la UAEM, mencion\u00f3 que entre otros retos se encuentra el estructural, ya que la existencia de diversas instituciones de salud tiene como consecuencia desorden administrativo.<\/p><\/div>\n<p>&nbsp;<\/p>\n<p><strong>Toluca, Estado de M\u00e9xico.- <\/strong>La formaci\u00f3n acad\u00e9mica del personal de salud ha sido uno de los grandes retos durante la pandemia, ya que es necesario que las y los estudiantes tengan contacto con pacientes y pr\u00e1cticas en laboratorios, consider\u00f3 el investigador de la Facultad de Medicina de la Universidad Aut\u00f3noma del Estado de M\u00e9xico (UAEM), Hugo Mendieta Zer\u00f3n.<\/p>\n<p>Resulta crucial idear estrategias para que el alumnado regrese a clases, porque el virus no va a desaparecer, afirm\u00f3 el reci\u00e9n galardonado con el Premio Estatal de Ciencia y Tecnolog\u00eda 2020 en el \u00c1rea de Ciencias de la Salud del Consejo Mexiquense de Ciencia y Tecnolog\u00eda (Comecyt).<\/p>\n<p>El miembro Nivel 2 del Sistema Nacional de Investigadores (SNI) del Consejo Nacional de Ciencia y Tecnolog\u00eda (Conacyt) mencion\u00f3 que entre otros retos se encuentra el estructural, ya que la existencia de diversas instituciones de salud tiene como consecuencia desorden administrativo, por lo que es necesario agruparlas para no duplicar esfuerzos.<\/p>\n<p>El egresado de la carrera de M\u00e9dico Cirujano de la UAEM apunt\u00f3 que las y los especialistas de la salud tambi\u00e9n deben ser generadores de conocimiento desde las universidades, centros m\u00e9dicos y hospitales.<\/p>\n<p>Destac\u00f3 que el \u00e1rea m\u00e9dica, apoyada por la enfermer\u00eda y laboratorios, han conformado el frente de batalla durante la pandemia. \u201cA pesar de la alta letalidad, el personal de salud sigue trabajando y manteniendo los hospitales en pie, a pesar de que muchas veces no se cuenta con los recursos necesarios\u201d.<\/p>\n<p>Mendieta Zer\u00f3n, quien curs\u00f3 la Maestr\u00eda en Ciencias M\u00e9dicas en la Universidad Nacional Aut\u00f3noma de M\u00e9xico (UNAM) y el Doctorado en Endocrinolog\u00eda en la Universidad de Santiago de Compostela, Espa\u00f1a, consider\u00f3 que la pandemia ha dejado como lecci\u00f3n el fortalecimiento de la salud y la educaci\u00f3n.<\/p>\n<p>Destac\u00f3 que las \u00e1reas que m\u00e1s le han interesado a lo largo de su carrera han sido el metabolismo y la endocrinolog\u00eda. \u201cMe apasiona combinar los conocimientos b\u00e1sicos de biolog\u00eda molecular con patolog\u00edas como preeclampsia, obesidad y diabetes\u201d.<\/p>\n<p>Actualmente enfoca sus estudios en las patolog\u00edas tiroideas, ya que involucran varias \u00e1reas como la gen\u00e9tica, la biolog\u00eda molecular, la epidemiolog\u00eda, entre otras.<\/p>\n<p>Cabe destacar que Hugo Mendieta Zer\u00f3n, ha publicado m\u00e1s de 170 art\u00edculos en revistas de 50 pa\u00edses. Se ha distinguido por crear y potencializar laboratorios especializados en investigaci\u00f3n m\u00e9dica, as\u00ed como por impulsar a nuevas generaciones de estudiantes. \u201cBusco formar mentes inquietas que nos den otro futuro y que se dediquen a aportar conocimiento valioso para la sociedad\u201d.<\/p>\n","protected":false},"excerpt":{"rendered":"<p>La formaci\u00f3n acad\u00e9mica del personal de salud ha sido uno de los grandes retos durante la pandemia, ya que es necesario que las y los estudiantes tengan contacto con pacientes y pr\u00e1cticas en laboratorios, consider\u00f3 el investigador de la Facultad de Medicina de la Universidad Aut\u00f3noma del Estado de M\u00e9xico (UAEM), Hugo Mendieta Zer\u00f3n.<\/p>\n","protected":false},"author":3,"featured_media":518197,"comment_status":"open","ping_status":"open","sticky":false,"template":"","format":"standard","meta":{"_monsterinsights_skip_tracking":false,"_monsterinsights_sitenote_active":false,"_monsterinsights_sitenote_note":"","_monsterinsights_sitenote_category":0,"footnotes":""},"categories":[5],"tags":[43675,452,1491],"class_list":["post-518130","post","type-post","status-publish","format-standard","has-post-thumbnail","hentry","category-estado-de-mexico","tag-estado-de-mexico","tag-toluca","tag-uaem"],"_links":{"self":[{"href":"https:\/\/www.diarioimagen.net\/index.php?rest_route=\/wp\/v2\/posts\/518130","targetHints":{"allow":["GET"]}}],"collection":[{"href":"https:\/\/www.diarioimagen.net\/index.php?rest_route=\/wp\/v2\/posts"}],"about":[{"href":"https:\/\/www.diarioimagen.net\/index.php?rest_route=\/wp\/v2\/types\/post"}],"author":[{"embeddable":true,"href":"https:\/\/www.diarioimagen.net\/index.php?rest_route=\/wp\/v2\/users\/3"}],"replies":[{"embeddable":true,"href":"https:\/\/www.diarioimagen.net\/index.php?rest_route=%2Fwp%2Fv2%2Fcomments&post=518130"}],"version-history":[{"count":0,"href":"https:\/\/www.diarioimagen.net\/index.php?rest_route=\/wp\/v2\/posts\/518130\/revisions"}],"wp:featuredmedia":[{"embeddable":true,"href":"https:\/\/www.diarioimagen.net\/index.php?rest_route=\/wp\/v2\/media\/518197"}],"wp:attachment":[{"href":"https:\/\/www.diarioimagen.net\/index.php?rest_route=%2Fwp%2Fv2%2Fmedia&parent=518130"}],"wp:term":[{"taxonomy":"category","embeddable":true,"href":"https:\/\/www.diarioimagen.net\/index.php?rest_route=%2Fwp%2Fv2%2Fcategories&post=518130"},{"taxonomy":"post_tag","embeddable":true,"href":"https:\/\/www.diarioimagen.net\/index.php?rest_route=%2Fwp%2Fv2%2Ftags&post=518130"}],"curies":[{"name":"wp","href":"https:\/\/api.w.org\/{rel}","templated":true}]}}