{"id":518145,"date":"2021-08-24T00:03:18","date_gmt":"2021-08-24T05:03:18","guid":{"rendered":"https:\/\/www.diarioimagen.net\/?p=518145"},"modified":"2021-08-24T05:38:57","modified_gmt":"2021-08-24T10:38:57","slug":"celebra-tlalnepantla-dia-del-bombero","status":"publish","type":"post","link":"https:\/\/www.diarioimagen.net\/?p=518145","title":{"rendered":"Celebra Tlalnepantla D\u00eda del Bombero"},"content":{"rendered":"<p>&nbsp;<\/p>\n<p><a href=\"https:\/\/www.diarioimagen.net\/?attachment_id=518233\" rel=\"attachment wp-att-518233\"><img loading=\"lazy\" decoding=\"async\" class=\"aligncenter size-full wp-image-518233\" src=\"https:\/\/www.diarioimagen.net\/wp-content\/uploads\/2021\/08\/tlalnepantla-11.jpg\" alt=\"\" width=\"460\" height=\"194\" \/><\/a><\/p>\n<p>&nbsp;<\/p>\n<p><strong>Tlalnepantla, Estado de M\u00e9xico<\/strong><strong>.-<\/strong> Raciel P\u00e9rez Cruz, presidente municipal de Tlalnepantla, reconoci\u00f3 la labor heroica que bomberas y bomberos realizan todos los d\u00edas al arriesgar su vida para salvaguardar la integridad f\u00edsica de los habitantes del municipio.<\/p>\n<p>En el marco del D\u00eda Nacional del Bombero y la Bombera, el edil asegur\u00f3 que \u201cser bombero es una noble labor, en la que se debe tener vocaci\u00f3n de servicio, aquella fuerza que nos gu\u00eda y nos hace enfrentar cualquier adversidad\u201d.<\/p>\n<p>Durante la ceremonia de conmemoraci\u00f3n recibieron obsequios como un s\u00edmbolo de agradecimiento por su noble labor.<\/p>\n","protected":false},"excerpt":{"rendered":"<p>Raciel P\u00e9rez Cruz, presidente municipal de Tlalnepantla, reconoci\u00f3 la labor heroica que bomberas y bomberos realizan todos los d\u00edas al arriesgar su vida para salvaguardar la integridad f\u00edsica de los habitantes del municipio.<\/p>\n","protected":false},"author":3,"featured_media":518233,"comment_status":"open","ping_status":"open","sticky":false,"template":"","format":"standard","meta":{"_monsterinsights_skip_tracking":false,"_monsterinsights_sitenote_active":false,"_monsterinsights_sitenote_note":"","_monsterinsights_sitenote_category":0,"footnotes":""},"categories":[5],"tags":[77464,43675,169],"class_list":["post-518145","post","type-post","status-publish","format-standard","has-post-thumbnail","hentry","category-estado-de-mexico","tag-dia-del-bombero","tag-estado-de-mexico","tag-tlalnepantla"],"_links":{"self":[{"href":"https:\/\/www.diarioimagen.net\/index.php?rest_route=\/wp\/v2\/posts\/518145","targetHints":{"allow":["GET"]}}],"collection":[{"href":"https:\/\/www.diarioimagen.net\/index.php?rest_route=\/wp\/v2\/posts"}],"about":[{"href":"https:\/\/www.diarioimagen.net\/index.php?rest_route=\/wp\/v2\/types\/post"}],"author":[{"embeddable":true,"href":"https:\/\/www.diarioimagen.net\/index.php?rest_route=\/wp\/v2\/users\/3"}],"replies":[{"embeddable":true,"href":"https:\/\/www.diarioimagen.net\/index.php?rest_route=%2Fwp%2Fv2%2Fcomments&post=518145"}],"version-history":[{"count":0,"href":"https:\/\/www.diarioimagen.net\/index.php?rest_route=\/wp\/v2\/posts\/518145\/revisions"}],"wp:featuredmedia":[{"embeddable":true,"href":"https:\/\/www.diarioimagen.net\/index.php?rest_route=\/wp\/v2\/media\/518233"}],"wp:attachment":[{"href":"https:\/\/www.diarioimagen.net\/index.php?rest_route=%2Fwp%2Fv2%2Fmedia&parent=518145"}],"wp:term":[{"taxonomy":"category","embeddable":true,"href":"https:\/\/www.diarioimagen.net\/index.php?rest_route=%2Fwp%2Fv2%2Fcategories&post=518145"},{"taxonomy":"post_tag","embeddable":true,"href":"https:\/\/www.diarioimagen.net\/index.php?rest_route=%2Fwp%2Fv2%2Ftags&post=518145"}],"curies":[{"name":"wp","href":"https:\/\/api.w.org\/{rel}","templated":true}]}}