{"id":518147,"date":"2021-08-24T00:01:29","date_gmt":"2021-08-24T05:01:29","guid":{"rendered":"https:\/\/www.diarioimagen.net\/?p=518147"},"modified":"2021-08-24T05:37:36","modified_gmt":"2021-08-24T10:37:36","slug":"suteym-y-gobierno-de-naucalpan-retoman-negociaciones-dice-tomas-palomares-parra","status":"publish","type":"post","link":"https:\/\/www.diarioimagen.net\/?p=518147","title":{"rendered":"SUTEyM y gobierno de Naucalpan retoman negociaciones, dice Tom\u00e1s Palomares Parra"},"content":{"rendered":"<p>&nbsp;<\/p>\n<ul>\n<li><strong><em>Para dirimir conflictos<\/em><\/strong><\/li>\n<\/ul>\n<p>&nbsp;<\/p>\n<div id=\"attachment_518228\" style=\"width: 470px\" class=\"wp-caption aligncenter\"><a href=\"https:\/\/www.diarioimagen.net\/?attachment_id=518228\" rel=\"attachment wp-att-518228\"><img loading=\"lazy\" decoding=\"async\" aria-describedby=\"caption-attachment-518228\" class=\"size-full wp-image-518228\" src=\"https:\/\/www.diarioimagen.net\/wp-content\/uploads\/2021\/08\/naucalpan-9.jpg\" alt=\"\" width=\"460\" height=\"270\" \/><\/a><p id=\"caption-attachment-518228\" class=\"wp-caption-text\">Tom\u00e1s Palomares Parra destac\u00f3 que fueron retomadas las negociaciones con la presidenta municipal, Patricia Dur\u00e1n Reveles para ir resolviendo los temas pendientes.<\/p><\/div>\n<p>&nbsp;<\/p>\n<p><strong>Naucalpan, Estado de M\u00e9xico<\/strong>.- El secretario general del Sindicato \u00danico de Trabajadores del Estado y sus Municipios (SUTEyM) secci\u00f3n Naucalpan, Tom\u00e1s Palomares Parra, inform\u00f3 a los agremiados de este sindicato, los acuerdos alcanzados con las autoridades municipales, y que tienen que ver con el cumplimiento del 50 por ciento restante a su quincena del mes que va corriendo el pr\u00f3ximo mi\u00e9rcoles 25 de agosto.<\/p>\n<p>Palomares Parra, destac\u00f3 que fueron retomadas las negociaciones con la presidenta municipal, Patricia Dur\u00e1n Reveles para ir resolviendo los temas pendientes como lo son las prestaciones de ley a que son sujetos como clase trabajadora.<\/p>\n<p>El l\u00edder sindical se dijo confiado en los acuerdos logrados, no obstante, dej\u00f3 claro que continuar\u00e1n con los procedimientos administrativos y legales para el cumplimento de sus salarios y prerrogativas a la que tienen derecho todos y cada uno de los trabajadores suteymistas.<\/p>\n<p>Palomares Parra, reiter\u00f3 su compromiso de seguir trabajando y operando todos y cada uno de los servicios b\u00e1sicos, conscientes de que la demarcaci\u00f3n no colapse por falta de ellos, atendiendo de manera profesional a los ciudadanos quien son quienes finalmente se deben.<\/p>\n<p>El dirigente del SUTEyM secci\u00f3n Naucalpan, agradeci\u00f3 la intervenci\u00f3n del gobernador del Estado de M\u00e9xico, Alfredo Del Mazo Maza para superar la crisis financiera que padece el ayuntamiento y solucionar la problem\u00e1tica.<\/p>\n<p>\u201cEl gobernador siempre nos ha visto como sus iguales. Reiteramos nuestro agradecimiento al gobernador Alfredo del Mazo por haber tomado en cuenta nuestro llamado para resolver la situaci\u00f3n en el municipio de Naucalpan\u201d.<\/p>\n","protected":false},"excerpt":{"rendered":"<p>El secretario general del Sindicato \u00danico de Trabajadores del Estado y sus Municipios (SUTEyM) secci\u00f3n Naucalpan, Tom\u00e1s Palomares Parra, inform\u00f3 a los agremiados de este sindicato, los acuerdos alcanzados con las autoridades municipales, y que tienen que ver con el cumplimiento del 50 por ciento restante a su quincena del mes que va corriendo el pr\u00f3ximo mi\u00e9rcoles 25 de agosto.<\/p>\n","protected":false},"author":3,"featured_media":518228,"comment_status":"open","ping_status":"open","sticky":false,"template":"","format":"standard","meta":{"_monsterinsights_skip_tracking":false,"_monsterinsights_sitenote_active":false,"_monsterinsights_sitenote_note":"","_monsterinsights_sitenote_category":0,"footnotes":""},"categories":[5],"tags":[43675,970,2572,56429],"class_list":["post-518147","post","type-post","status-publish","format-standard","has-post-thumbnail","hentry","category-estado-de-mexico","tag-estado-de-mexico","tag-naucalpan","tag-suteym","tag-tomas-palomares-parra"],"_links":{"self":[{"href":"https:\/\/www.diarioimagen.net\/index.php?rest_route=\/wp\/v2\/posts\/518147","targetHints":{"allow":["GET"]}}],"collection":[{"href":"https:\/\/www.diarioimagen.net\/index.php?rest_route=\/wp\/v2\/posts"}],"about":[{"href":"https:\/\/www.diarioimagen.net\/index.php?rest_route=\/wp\/v2\/types\/post"}],"author":[{"embeddable":true,"href":"https:\/\/www.diarioimagen.net\/index.php?rest_route=\/wp\/v2\/users\/3"}],"replies":[{"embeddable":true,"href":"https:\/\/www.diarioimagen.net\/index.php?rest_route=%2Fwp%2Fv2%2Fcomments&post=518147"}],"version-history":[{"count":0,"href":"https:\/\/www.diarioimagen.net\/index.php?rest_route=\/wp\/v2\/posts\/518147\/revisions"}],"wp:featuredmedia":[{"embeddable":true,"href":"https:\/\/www.diarioimagen.net\/index.php?rest_route=\/wp\/v2\/media\/518228"}],"wp:attachment":[{"href":"https:\/\/www.diarioimagen.net\/index.php?rest_route=%2Fwp%2Fv2%2Fmedia&parent=518147"}],"wp:term":[{"taxonomy":"category","embeddable":true,"href":"https:\/\/www.diarioimagen.net\/index.php?rest_route=%2Fwp%2Fv2%2Fcategories&post=518147"},{"taxonomy":"post_tag","embeddable":true,"href":"https:\/\/www.diarioimagen.net\/index.php?rest_route=%2Fwp%2Fv2%2Ftags&post=518147"}],"curies":[{"name":"wp","href":"https:\/\/api.w.org\/{rel}","templated":true}]}}