{"id":518149,"date":"2021-08-24T00:02:40","date_gmt":"2021-08-24T05:02:40","guid":{"rendered":"https:\/\/www.diarioimagen.net\/?p=518149"},"modified":"2021-08-24T05:38:32","modified_gmt":"2021-08-24T10:38:32","slug":"huixquilucan-seguira-siendo-referente-a-nivel-nacional-afirma-vargas-del-villar","status":"publish","type":"post","link":"https:\/\/www.diarioimagen.net\/?p=518149","title":{"rendered":"Huixquilucan seguir\u00e1 siendo referente a nivel nacional, afirma Vargas del Villar"},"content":{"rendered":"<p>&nbsp;<\/p>\n<ul>\n<li><strong><em>Gracias al trabajo de todos los servidores p\u00fablicos<\/em><\/strong><\/li>\n<\/ul>\n<p>&nbsp;<\/p>\n<div id=\"attachment_518231\" style=\"width: 470px\" class=\"wp-caption aligncenter\"><a href=\"https:\/\/www.diarioimagen.net\/?attachment_id=518231\" rel=\"attachment wp-att-518231\"><img loading=\"lazy\" decoding=\"async\" aria-describedby=\"caption-attachment-518231\" class=\"size-full wp-image-518231\" src=\"https:\/\/www.diarioimagen.net\/wp-content\/uploads\/2021\/08\/huixquilucan-9.jpg\" alt=\"\" width=\"460\" height=\"307\" \/><\/a><p id=\"caption-attachment-518231\" class=\"wp-caption-text\">El alcalde Enrique Vargas del Villar destac\u00f3 que Huixquilucan seguir\u00e1 siendo un referente a nivel nacional, gracias al trabajo de todos los servidores p\u00fablicos.<\/p><\/div>\n<p>&nbsp;<\/p>\n<p><strong>Huixquilucan, Estado de M\u00e9xico<\/strong>.- Durante 6 a\u00f1os, en Huixquilucan, se puso el ejemplo de c\u00f3mo se debe gobernar para llevar m\u00e1s y mejores servicios a la ciudadan\u00eda que han permitido elevar su calidad de vida, expuso el presidente municipal Enrique Vargas del Villar, quien destac\u00f3 que Huixquilucan seguir\u00e1 siendo un referente a nivel nacional, gracias al trabajo de todos los servidores p\u00fablicos.<\/p>\n<p>Destac\u00f3 que pese a lo complicado que fue el a\u00f1o pasado y este a causa de la pandemia por Covid-19, en Huixquilucan se sigue trabajando e invirtiendo en obra y equipo para los servidores p\u00fablicos en materia de salud,\u00a0 seguridad y emergencia,\u00a0 principalmente, lo que ha sido posible gracias al buen manejo del presupuesto.<\/p>\n<p>\u201cHoy Huixquilucan es un caso de \u00e9xito, todos los indicadores desde el\u00a0 a\u00f1o 2016 son positivos. Mientras que otros municipios est\u00e1n preocupados por ver c\u00f3mo van a\u00a0 pagar la n\u00f3mina, aqu\u00ed en Huixquilucan las finanzas est\u00e1n sanas y eso es producto de un manejo responsable de los recursos p\u00fablicos\u201d.<\/p>\n<p>Vargas del Villar record\u00f3, que durante las dos administraciones que encabez\u00f3 no se solicit\u00f3 ning\u00fan cr\u00e9dito y por lo tanto no se endeud\u00f3 al municipio, como lo hicieron muchos gobiernos. \u201cDemostramos que en Huixquilucan se sabe llevar un gobierno responsable y cercano a la ciudadan\u00eda\u201d.<\/p>\n<p>Puntualiz\u00f3, que el buen gobierno seguir\u00e1 con la pr\u00f3xima administraci\u00f3n y ya se trabaja con la Presidenta Municipal electa, Romina Contreras, en las obras y equipamiento que se va adquirir durante los pr\u00f3ximos 3 a\u00f1os y eso se puede hacer porque habr\u00e1 continuidad de un gobierno exitoso.<\/p>\n","protected":false},"excerpt":{"rendered":"<p>Durante 6 a\u00f1os, en Huixquilucan, se puso el ejemplo de c\u00f3mo se debe gobernar para llevar m\u00e1s y mejores servicios a la ciudadan\u00eda que han permitido elevar su calidad de vida, expuso el presidente municipal Enrique Vargas del Villar, quien destac\u00f3 que Huixquilucan seguir\u00e1 siendo un referente a nivel nacional, gracias al trabajo de todos los servidores p\u00fablicos.<\/p>\n","protected":false},"author":3,"featured_media":518231,"comment_status":"open","ping_status":"open","sticky":false,"template":"","format":"standard","meta":{"_monsterinsights_skip_tracking":false,"_monsterinsights_sitenote_active":false,"_monsterinsights_sitenote_note":"","_monsterinsights_sitenote_category":0,"footnotes":""},"categories":[5],"tags":[47218,43675,1097],"class_list":["post-518149","post","type-post","status-publish","format-standard","has-post-thumbnail","hentry","category-estado-de-mexico","tag-enrique-vargas-del-villar","tag-estado-de-mexico","tag-huixquilucan"],"_links":{"self":[{"href":"https:\/\/www.diarioimagen.net\/index.php?rest_route=\/wp\/v2\/posts\/518149","targetHints":{"allow":["GET"]}}],"collection":[{"href":"https:\/\/www.diarioimagen.net\/index.php?rest_route=\/wp\/v2\/posts"}],"about":[{"href":"https:\/\/www.diarioimagen.net\/index.php?rest_route=\/wp\/v2\/types\/post"}],"author":[{"embeddable":true,"href":"https:\/\/www.diarioimagen.net\/index.php?rest_route=\/wp\/v2\/users\/3"}],"replies":[{"embeddable":true,"href":"https:\/\/www.diarioimagen.net\/index.php?rest_route=%2Fwp%2Fv2%2Fcomments&post=518149"}],"version-history":[{"count":0,"href":"https:\/\/www.diarioimagen.net\/index.php?rest_route=\/wp\/v2\/posts\/518149\/revisions"}],"wp:featuredmedia":[{"embeddable":true,"href":"https:\/\/www.diarioimagen.net\/index.php?rest_route=\/wp\/v2\/media\/518231"}],"wp:attachment":[{"href":"https:\/\/www.diarioimagen.net\/index.php?rest_route=%2Fwp%2Fv2%2Fmedia&parent=518149"}],"wp:term":[{"taxonomy":"category","embeddable":true,"href":"https:\/\/www.diarioimagen.net\/index.php?rest_route=%2Fwp%2Fv2%2Fcategories&post=518149"},{"taxonomy":"post_tag","embeddable":true,"href":"https:\/\/www.diarioimagen.net\/index.php?rest_route=%2Fwp%2Fv2%2Ftags&post=518149"}],"curies":[{"name":"wp","href":"https:\/\/api.w.org\/{rel}","templated":true}]}}