{"id":518167,"date":"2021-08-24T00:06:36","date_gmt":"2021-08-24T05:06:36","guid":{"rendered":"https:\/\/www.diarioimagen.net\/?p=518167"},"modified":"2021-08-24T03:24:49","modified_gmt":"2021-08-24T08:24:49","slug":"el-pleito-de-amlo-con-los-organos-electorales","status":"publish","type":"post","link":"https:\/\/www.diarioimagen.net\/?p=518167","title":{"rendered":"El pleito de AMLO con los \u00f3rganos electorales"},"content":{"rendered":"<h2>As\u00ed las cosas&#8230;<\/h2>\n<h5>Humberto Mares N.<\/h5>\n<p>&nbsp;<\/p>\n<p>Sin duda, las diferencias entre el presidente Andr\u00e9s Manuel L\u00f3pez Obrador, con el Instituto Nacional Electoral (INE) y el Tribunal Electoral del Poder Judicial de la Federaci\u00f3n (TEPJF) es a fondo y todo parece que la decisi\u00f3n del gobierno de la 4T es exterminarlos y desaparecer bajo la propuesta de una reforma electoral profunda.<\/p>\n<p>Esto ya parece un pleito personal, porque los mensajes entre el presidente AMLO y el consejero presidente del INE, Lorenzo C\u00f3rdova, cada d\u00eda suben de tono y se vuelven m\u00e1s personales hasta llegar a los calificativos.<\/p>\n<p>En tanto el presidente AMLO insiste en la necesaria renovaci\u00f3n total del INE y del Tribunal, las dos organizaciones independientes del Poder Ejecutivo sean renovadas totalmente. El consejero presidente del INE, Lorenzo C\u00f3rdova declara que una \u201cpurga as\u00ed, hay miop\u00eda y rencor\u201d.<\/p>\n<p>Sin embargo, el morenista Ricardo Monreal, l\u00edder en la C\u00e1mara de Senadores confirm\u00f3 que la reforma electoral est\u00e1 lista y ser\u00e1 presentada al Legislativo en donde se contempla remover en su totalidad a los integrantes de ambas instituciones electorales y reducir a sus consejeros de 11 a 7 al INE y de 7 a 5 al Tribunal. Tan s\u00f3lo es un adelanto del contenido, pero falta por conocerla a fondo.<\/p>\n<p>Ante ello, el consejero C\u00f3rdova se\u00f1ala que una reforma de esa magnitud que plantea como objetivo principal la renovaci\u00f3n de los directivos de las autoridades electorales es una reforma \u201cmiope\u201d, alimentada m\u00e1s bien por los rencores, filias y fobias, personales que carece de altitud de miras y tiene como incentivo perverso tratar de acomodar las reglas en favor de un gobierno o un partido.<\/p>\n<p>Y bueno, lo cierto es que se han dado con todo entre gobierno y el INE, principalmente, y la raz\u00f3n es simple, porque C\u00f3rdova y un buen n\u00famero de consejeros han defendido con todo la independencia del instituto, que ha cumplido con su papel lo mejor posible, tal vez con algunos errores, pero ha cumplido.<\/p>\n<p>Tan es as\u00ed, que fue este INE que reconoci\u00f3 la victoria de AMLO en las presidenciales, la victoria de Morena en 9 gubernaturas y su mayor\u00eda de diputados en la \u00faltima elecci\u00f3n de junio, lo que demuestra que est\u00e1n cumpliendo con su trabajo, pero claro, buscando respetar la ley y atenerse en su totalidad a su independencia del poder ejecutivo como \u00f3rgano ciudadano.<\/p>\n<p>Este punto estimado lector, es lo m\u00e1s importante. Que siga siendo un \u00f3rgano ciudadano sin que el gobierno en turno sea el mandam\u00e1s, como durante muchos a\u00f1os lo fue, porque depend\u00eda de la Secretar\u00eda de Gobernaci\u00f3n.<\/p>\n<p>Recordamos la frase famosa de Manuel Bartlett D\u00edaz \u201cse cay\u00f3 el sistema\u201d en ese entonces, secretario de Gobernaci\u00f3n.<\/p>\n<p>El presidente AMLO insisti\u00f3 durante la semana en la necesidad de hacer una renovaci\u00f3n total del Instituto Nacional Electoral y del Tribunal Electoral del Poder Judicial de la Federaci\u00f3n. El mandatario explic\u00f3 que se tratar\u00e1 de una reforma integral, que incluir\u00e1 la organizaci\u00f3n de las elecciones, el papel del INE, del Tribunal Electoral, as\u00ed como las facilidades para que todos puedan participar, sin obst\u00e1culos y pueda haber una aut\u00e9ntica democracia. \u201cComo tengo esa facultad, como otros (actores) y tambi\u00e9n instituciones, yo voy a presentar la iniciativa\u201d, asegur\u00f3.<\/p>\n<p>El presidente del INE, Lorenzo C\u00f3rdova, dijo que una modificaci\u00f3n electoral ahora tendr\u00e1 como incentivo perverso tratar de acomodar las reglas en favor del gobierno o un partido. \u201cLa aplicaci\u00f3n inmediata de una reforma en una elecci\u00f3n presidencial siempre tendr\u00e1 como incentivo perverso tratar de acomodar las reglas en favor de tal fuerza pol\u00edtica o gobierno, con el fin de obtener ventaja en esa contienda\u201d, afirm\u00f3. Despu\u00e9s de estas declaraciones qued\u00f3 bien claro, que esto ya es personal.<\/p>\n<p>El regreso a clases es incierto, como es totalmente incierta el programa, tanto de Salud como de la SEP. Los padres de familia ser\u00e1n quienes decidan si regresan sus hijos a las aulas. Creo que s\u00ed deben regresar, pero con un programa claro en donde la autoridad escolar asuma su responsabilidad de dar garant\u00edas de seguridad sanitaria a los alumnos y no tratar de pasarlo a los padres de familia mediante la firma de una carta.<\/p>\n<p>La opini\u00f3n p\u00fablica y algunos m\u00e1s, consideran que habr\u00e1 mucho ausentismo. Veremos. As\u00ed las cosas, hasta pronto, qu\u00e9dese en casa, use cubrebocas.<\/p>\n<p><a href=\"mailto:hmares21@gmail.com\" target=\"_blank\" rel=\"noopener noreferrer\"><em>mares21@gmail.com<\/em><\/a><\/p>\n","protected":false},"excerpt":{"rendered":"<p><span style=\"color: #005497;\"><strong>Humberto Mares N.<\/strong><\/span><\/p>\n","protected":false},"author":3,"featured_media":0,"comment_status":"open","ping_status":"open","sticky":false,"template":"","format":"standard","meta":{"_monsterinsights_skip_tracking":false,"_monsterinsights_sitenote_active":false,"_monsterinsights_sitenote_note":"","_monsterinsights_sitenote_category":0,"footnotes":""},"categories":[15043],"tags":[92044,92045,43674],"class_list":["post-518167","post","type-post","status-publish","format-standard","hentry","category-humberto-mares-n","tag-asi-las-cosas","tag-humberto-mares-n","tag-opinion"],"_links":{"self":[{"href":"https:\/\/www.diarioimagen.net\/index.php?rest_route=\/wp\/v2\/posts\/518167","targetHints":{"allow":["GET"]}}],"collection":[{"href":"https:\/\/www.diarioimagen.net\/index.php?rest_route=\/wp\/v2\/posts"}],"about":[{"href":"https:\/\/www.diarioimagen.net\/index.php?rest_route=\/wp\/v2\/types\/post"}],"author":[{"embeddable":true,"href":"https:\/\/www.diarioimagen.net\/index.php?rest_route=\/wp\/v2\/users\/3"}],"replies":[{"embeddable":true,"href":"https:\/\/www.diarioimagen.net\/index.php?rest_route=%2Fwp%2Fv2%2Fcomments&post=518167"}],"version-history":[{"count":0,"href":"https:\/\/www.diarioimagen.net\/index.php?rest_route=\/wp\/v2\/posts\/518167\/revisions"}],"wp:attachment":[{"href":"https:\/\/www.diarioimagen.net\/index.php?rest_route=%2Fwp%2Fv2%2Fmedia&parent=518167"}],"wp:term":[{"taxonomy":"category","embeddable":true,"href":"https:\/\/www.diarioimagen.net\/index.php?rest_route=%2Fwp%2Fv2%2Fcategories&post=518167"},{"taxonomy":"post_tag","embeddable":true,"href":"https:\/\/www.diarioimagen.net\/index.php?rest_route=%2Fwp%2Fv2%2Ftags&post=518167"}],"curies":[{"name":"wp","href":"https:\/\/api.w.org\/{rel}","templated":true}]}}