{"id":518241,"date":"2021-08-25T00:13:56","date_gmt":"2021-08-25T05:13:56","guid":{"rendered":"https:\/\/www.diarioimagen.net\/?p=518241"},"modified":"2021-08-26T02:17:53","modified_gmt":"2021-08-26T07:17:53","slug":"la-pandemia-por-covid-tambien-trajo-mas-migrantes-indigentes-a-cancun","status":"publish","type":"post","link":"https:\/\/www.diarioimagen.net\/?p=518241","title":{"rendered":"La pandemia por Covid tambi\u00e9n trajo m\u00e1s migrantes indigentes a Canc\u00fan"},"content":{"rendered":"<h2>Derecho de r\u00e9plica<\/h2>\n<h5>Jos\u00e9 Luis Monta\u00f1ez<\/h5>\n<p>&nbsp;<\/p>\n<ul>\n<li><strong><em>Muchos no pueden llegar a EU y se quedan en las calles<\/em><\/strong><\/li>\n<\/ul>\n<p>&nbsp;<\/p>\n<div id=\"attachment_518355\" style=\"width: 470px\" class=\"wp-caption aligncenter\"><a href=\"https:\/\/www.diarioimagen.net\/?attachment_id=518355\" rel=\"attachment wp-att-518355\"><img loading=\"lazy\" decoding=\"async\" aria-describedby=\"caption-attachment-518355\" class=\"size-full wp-image-518355\" src=\"https:\/\/www.diarioimagen.net\/wp-content\/uploads\/2021\/08\/derecho-14.jpg\" alt=\"\" width=\"460\" height=\"270\" \/><\/a><p id=\"caption-attachment-518355\" class=\"wp-caption-text\">Se triplic\u00f3 el n\u00famero de migrantes indigentes en Canc\u00fan en 2020.<\/p><\/div>\n<p>&nbsp;<\/p>\n<p>La contingencia sanitaria por la Covid-19 trajo no s\u00f3lo miles de contagios y muertes a Quintana Roo, sino una grave ola de desempleo y pobreza, situaci\u00f3n que no es exclusiva del estado, ni de M\u00e9xico como tal, pues es un escenario que se repite, incluso, con mayor gravedad en otros pa\u00edses del sur, cuyos habitantes huyen de estas condiciones y van en busca del \u201csue\u00f1o americano\u201d.<\/p>\n<p>Lo dif\u00edcil de esta situaci\u00f3n es que muchos de los que tratan de llegar a Estados Unidos, lo intentan cruzando por M\u00e9xico y quienes no lo logran, se quedan vagando en diferentes estados de nuestro territorio, tales como Quintana Roo, donde el flujo de migrantes en la indigencia, al menos en Canc\u00fan se triplic\u00f3 durante el a\u00f1o pasado, esto seg\u00fan informaci\u00f3n que han captado organizaciones como el comedor y centro de capacitaci\u00f3n, Nuevo Coraz\u00f3n Villa de la Paz.<\/p>\n<p>El director del organismo citado, Juan Carlos Buz, explic\u00f3 que antes de la pandemia llegaban diariamente a las instalaciones, alrededor de 50 indigentes en busca de alimento, sin embargo, conforme avanz\u00f3 el n\u00famero de contagios y la p\u00e9rdida de empleos, el n\u00famero lleg\u00f3 hasta 150 por d\u00eda, la mayor\u00eda de ellos migrantes, que se quedaron varados por falta de dinero, papeles, entre otros problemas. Que les impidieron continuar con su camino a la frontera norte del pa\u00eds.<\/p>\n<p>En este marco, la organizaci\u00f3n les ayuda a trav\u00e9s de una comida caliente diaria, as\u00ed como de ropa limpia durante 30 d\u00edas, tiempo que consideran suficiente para que estos obtengan el impulso necesario de buscar un empleo y salir de su condici\u00f3n o en su defecto regresar a sus pa\u00edses de origen.<\/p>\n<p>Carlos Buz coment\u00f3 que no s\u00f3lo son migrantes extranjeros, sino algunos que tambi\u00e9n llegan de otras entidades del pa\u00eds y relat\u00f3 una historia de \u00e9xito entre tantas. \u201cTenemos historias de quienes han estado en la calle por diferentes situaciones. Hace seis meses recibimos la llamada de una persona que estuvo m\u00e1s de 20 a\u00f1os en la calle, pero ahora regres\u00f3 a su estado, Tabasco, se cas\u00f3, tiene un trabajo e incluso compr\u00f3 una casa\u201d, dijo.<\/p>\n<p>Asimismo, indic\u00f3 que previo a la pandemia operaban un programa en el que adem\u00e1s del comedor, los indigentes ten\u00edan acceso a capacitaci\u00f3n, clases de regularizaci\u00f3n, oportunidades para terminar sus estudios y otros beneficios, no obstante, con la llegada de la contingencia sanitaria la mayor\u00eda de estas ofertas quedaron en el olvido moment\u00e1neamente.<\/p>\n<p>Lo \u00fanico que se ha mantenido es la ayuda a la poblaci\u00f3n vulnerable al darles acceso a alimentos diarios y evitar que crezca el n\u00famero de personas con esta carencia, que actualmente es de 553 mil personas, seg\u00fan datos del Consejo Nacional de Evaluaci\u00f3n de la Pol\u00edtica de Desarrollo Social (Coneval).<\/p>\n<p>Por \u00faltimo, Juan Carlos Buz pidi\u00f3 a la ciudadan\u00eda: \u201cNo sean indiferentes a este tipo de personas, de repente tenemos una especie de rechazo, pero nosotros no sabemos cu\u00e1ndo podemos estar en su lugar, yo fui indigente, a mi me toc\u00f3 vivir en la calle y lo m\u00e1s triste es que la sociedad ejerza ese rechazo e indiferencia\u201d.<\/p>\n<p style=\"text-align: center;\"><strong>6 de 10 estudiantes piden clases presenciales<\/strong><\/p>\n<p>De acuerdo con \u2018#CaminitodelaEscuela, Consulta a Ni\u00f1as, Ni\u00f1os y Adolescentes\u2019, seis de cada 10 ni\u00f1os y adolescentes quintanarroenses prefieren regresar a la escuela a tomar clases de forma presencial en lugar de seguir a distancia, una vez que argumentan que quieren convivir con sus compa\u00f1eros.<\/p>\n<p>El ciclo 2021-2022 comenzar\u00e1 el pr\u00f3ximo 30 de agosto y augura ser la oportunidad para retomar parte de lo que era la vida antes de la pandemia en cuanto a la educaci\u00f3n escolar, no obstante, las opiniones a\u00fan est\u00e1n divididas sobre el hecho de regresar o no a las aulas.<\/p>\n<p>Seg\u00fan los hallazgos de la consulta, elaborada por la Comisi\u00f3n de Derechos Humanos de la Ciudad de M\u00e9xico, 57 por ciento de menores en edad escolar en Quintana Roo, prefieren la escuela presencial y no la modalidad a distancia.<\/p>\n<p>\u201cEn cuanto al nivel educativo, son las ni\u00f1as y los ni\u00f1os que cursan la primaria quienes refieren tener m\u00e1s ganas de regresar a clases presenciales en Quintana Roo, seguidos por los que cursan secundaria y preescolar; mientras que los que est\u00e1n en educaci\u00f3n media superior lo consideran en una proporci\u00f3n ligeramente inferior\u201d, detalla el documento.<\/p>\n<p>Asimismo, refieren que a nivel nacional, las entidades con mayor proporci\u00f3n de estudiantes que quieren regresar a la escuela son: Tabasco, 83 por ciento; Jalisco, 83 por ciento; San Luis Potos\u00ed, Sonora y Baja California, con 76 por ciento. Mientras que, los estados con menor proporci\u00f3n son: Colima, 42 por ciento; Campeche, 50 por ciento; Veracruz, 51 por ciento; Quintana Roo, 57 por ciento; y Quer\u00e9taro, 60 por ciento.<\/p>\n<p>Esto despu\u00e9s de que el presidente Andr\u00e9s Manuel L\u00f3pez Obrador anunci\u00f3 que el lunes 30 de agosto los estudiantes podr\u00e1n regresar a las aulas a tomar clases presenciales; sin olvidar, que la medida ser\u00e1 considerada opcional, es decir ,que quienes lo prefieran podr\u00e1n seguir a distancia.<\/p>\n<p>El reporte nacional refiere que casi la mitad de los encuestados se\u00f1alan que les har\u00eda m\u00e1s feliz del regreso a clases en su escuela es estar con sus amigos, seguido por el hecho de salir de su casa y que su maestro les d\u00e9 clases en su sal\u00f3n, lo que consideran podr\u00eda mejorar su desempe\u00f1o, ya que no se han podido adaptar del todo a la educaci\u00f3n a distancia.<\/p>\n<p><em>Escr\u00edbame a mi mail: <\/em><em><a href=\"mailto:montanezaguilar@gmail.com\" target=\"_blank\" rel=\"noopener noreferrer\">montanezaguilar@gmail.com<\/a><\/em><\/p>\n","protected":false},"excerpt":{"rendered":"<p><span style=\"color: #005497;\"><strong>Jos\u00e9 Luis Monta\u00f1ez<\/strong><\/span><br \/>\n<br \/>\nLa contingencia sanitaria por la Covid-19 trajo no s\u00f3lo miles de contagios y muertes a Quintana Roo, sino una grave ola de desempleo y pobreza, situaci\u00f3n que no es exclusiva del estado, ni de M\u00e9xico como tal, pues es un escenario que se repite, incluso, con mayor gravedad en otros pa\u00edses del sur, cuyos habitantes huyen de estas condiciones y van en busca del \u201csue\u00f1o americano\u201d.<\/p>\n","protected":false},"author":3,"featured_media":518355,"comment_status":"open","ping_status":"open","sticky":false,"template":"","format":"standard","meta":{"_monsterinsights_skip_tracking":false,"_monsterinsights_sitenote_active":false,"_monsterinsights_sitenote_note":"","_monsterinsights_sitenote_category":0,"footnotes":""},"categories":[11622,25512],"tags":[47840,54579,43674],"class_list":["post-518241","post","type-post","status-publish","format-standard","has-post-thumbnail","hentry","category-jose-luis-montanez-aguilar","category-nacional-nacional","tag-derecho-de-replica","tag-jose-luis-montanez","tag-opinion"],"_links":{"self":[{"href":"https:\/\/www.diarioimagen.net\/index.php?rest_route=\/wp\/v2\/posts\/518241","targetHints":{"allow":["GET"]}}],"collection":[{"href":"https:\/\/www.diarioimagen.net\/index.php?rest_route=\/wp\/v2\/posts"}],"about":[{"href":"https:\/\/www.diarioimagen.net\/index.php?rest_route=\/wp\/v2\/types\/post"}],"author":[{"embeddable":true,"href":"https:\/\/www.diarioimagen.net\/index.php?rest_route=\/wp\/v2\/users\/3"}],"replies":[{"embeddable":true,"href":"https:\/\/www.diarioimagen.net\/index.php?rest_route=%2Fwp%2Fv2%2Fcomments&post=518241"}],"version-history":[{"count":0,"href":"https:\/\/www.diarioimagen.net\/index.php?rest_route=\/wp\/v2\/posts\/518241\/revisions"}],"wp:featuredmedia":[{"embeddable":true,"href":"https:\/\/www.diarioimagen.net\/index.php?rest_route=\/wp\/v2\/media\/518355"}],"wp:attachment":[{"href":"https:\/\/www.diarioimagen.net\/index.php?rest_route=%2Fwp%2Fv2%2Fmedia&parent=518241"}],"wp:term":[{"taxonomy":"category","embeddable":true,"href":"https:\/\/www.diarioimagen.net\/index.php?rest_route=%2Fwp%2Fv2%2Fcategories&post=518241"},{"taxonomy":"post_tag","embeddable":true,"href":"https:\/\/www.diarioimagen.net\/index.php?rest_route=%2Fwp%2Fv2%2Ftags&post=518241"}],"curies":[{"name":"wp","href":"https:\/\/api.w.org\/{rel}","templated":true}]}}