{"id":518249,"date":"2021-08-25T00:01:27","date_gmt":"2021-08-25T05:01:27","guid":{"rendered":"https:\/\/www.diarioimagen.net\/?p=518249"},"modified":"2021-08-25T06:39:33","modified_gmt":"2021-08-25T11:39:33","slug":"stephen-hester-nombrado-nuevo-presidente-de-easyjet-tomara-posesion-en-diciembre","status":"publish","type":"post","link":"https:\/\/www.diarioimagen.net\/?p=518249","title":{"rendered":"Stephen Hester, nombrado nuevo presidente de <em>EasyJet<\/em> tomar\u00e1 posesi\u00f3n en diciembre"},"content":{"rendered":"<h2>De cinco estrellas<\/h2>\n<h5>Victoria Gonz\u00e1lez Prado<\/h5>\n<p>&nbsp;<\/p>\n<ul>\n<li><strong><em>El Fonatur el gobierno de Guerrero y empresarios impulsar\u00e1n IxtapaZihuatanejo<\/em><\/strong><\/li>\n<li><strong><em>Air France lanza nuevo vuelo entre Miami y el archipi\u00e9lago de Guadalupe<\/em><\/strong><\/li>\n<li><strong><em>Best Day, celebra el inicio de operaciones de su isla de venta en Metr\u00f3poli Patriotismo<\/em><\/strong><\/li>\n<\/ul>\n<p>&nbsp;<\/p>\n<div id=\"attachment_518343\" style=\"width: 470px\" class=\"wp-caption aligncenter\"><a href=\"https:\/\/www.diarioimagen.net\/?attachment_id=518343\" rel=\"attachment wp-att-518343\"><img loading=\"lazy\" decoding=\"async\" aria-describedby=\"caption-attachment-518343\" class=\"size-full wp-image-518343\" src=\"https:\/\/www.diarioimagen.net\/wp-content\/uploads\/2021\/08\/turismo-10.jpg\" alt=\"\" width=\"460\" height=\"270\" \/><\/a><p id=\"caption-attachment-518343\" class=\"wp-caption-text\">Stephen Hester.<\/p><\/div>\n<p>&nbsp;<\/p>\n<p><strong>Stephen Hester<\/strong>, fue nombrado nuevo presidente de <em>EasyJe<\/em><em>t <\/em>y se unir\u00e1 a la directiva de la aerol\u00ednea como director no ejecutivo a principios de septiembre. Posteriormente, el 1 de diciembre, suceder\u00e1 a <strong>John Barton<\/strong> como presidente de la aerol\u00ednea que que ostenta el cargo desde hace nueve a\u00f1os.<\/p>\n<p><strong>Hester<\/strong> &#8211;exdirector del Banco Real de Escocia&#8211; cuenta con 35 a\u00f1os de experiencia comercial. Fue director ejecutivo de <em>British Land<\/em> y de <em>Abbey National<\/em>. Tambi\u00e9n ocup\u00f3 cargos ejecutivos s\u00e9nior en <em>Credit Suisse First Boston<\/em> en Londres (Reino Unido) y Nueva York (Estados Unidos) y vicepresidente no ejecutivo de <em>Northen Rock.<\/em> Durante los \u00faltimos siete a\u00f1os, se ha desempe\u00f1ado como director ejecutivo del grupo <em>RSA Insurance<\/em> y actualmente es director independiente s\u00e9nior de la empresa de energ\u00eda Centrica.<\/p>\n<p>El director ejecutivo de <em>EasyJet,<\/em> <strong>Johan Lundgren<\/strong>, se\u00f1al\u00f3 que que la incorporaci\u00f3n de <strong>Hester<\/strong> se produce en \u201cmomento importante\u201d en la historia de la aerol\u00ednea, que busca aprovechar las oportunidades que surgen de la crisis del Covid. Tambi\u00e9n ha rendido homenaje a <strong>Barto<\/strong>n por su \u201csabio liderazgo\u201d y ha elogiado su \u201cdestacada contribuci\u00f3n\u201d a la compa\u00f1\u00eda durante casi una d\u00e9cada.<\/p>\n<p><strong>Stephen Hester<\/strong> asegur\u00f3 estar convencido de que la compa\u00f1\u00eda puede convertirse en ganadora en la industria a\u00e9rea europea del futuro. \u201cVeo muchas oportunidades para esta marca ic\u00f3nica en los pr\u00f3ximos a\u00f1os, todas respaldadas por su modelo comercial probado, con red incomparable y base de clientes leales\u201d.<\/p>\n<p>\u2730\u2730\u2730\u2730\u2730 Con la intenci\u00f3n de crear el Fideicomiso de Desarrollo para dise\u00f1ar, urbanizar, construir y operar lotes inmobiliarios para el desarrollo de proyectos tur\u00edsticos en el Centro Integralmente Planeado (CIP) de Ixtapa-Zihuatanejo, el Fondo Nacional de Fomento al Turismo (Fonatur), el Gobierno de Guerrero y empresarios se unieron al firmar alianza.<\/p>\n<p>Es importante se\u00f1alar que se identificaron dos proyectos inmobiliarios para la ejecuci\u00f3n de este plan: M\u00e9danos-Isla, Ixtapa y Majahua-Montecristo. En la constituci\u00f3n del Fideicomiso de Desarrollo participar\u00e1n los inversionistas propietarios de ambos lotes, quienes aportar\u00e1n los terrenos necesarios para la etapa de desarrollo, y los cuales estar\u00e1n bajo la administraci\u00f3n del Fonatur.<\/p>\n<p><strong>Rogelio<\/strong> <strong>Jim\u00e9nez<\/strong> <strong>Pons<\/strong>, director general del Fonatur, estableci\u00f3 que la federaci\u00f3n tiene que asumir el compromiso de consolidar modelos con visi\u00f3n integral y buscar nuevas formas de asociaci\u00f3n con los empresarios ya que no se puede permitir que en los centros tur\u00edsticos se deje de lado el sector social.<\/p>\n<p>Por su parte el gobernador de Guerrero, <strong>H\u00e9ctor Astudillo<\/strong> <strong>Flores<\/strong> indic\u00f3 que Ixtapa- Zihuatanejo vive etapa muy positiva donde se ha invertido en el turismo deportivo, donde hay buen mantenimiento por parte del Fonatur al CIP y el crecimiento en vuelos que provienen de Estados Unidos y Canad\u00e1.<\/p>\n<p>En el marco del acuerdo de colaboraci\u00f3n firmado con anterioridad entre el Fonatur y Zihuatanejo, tambi\u00e9n se acord\u00f3 que se crear\u00e1 Plan Maestro que deber\u00e1 establecer acciones, criterios, metas, la ruta cr\u00edtica y calendario para la etapa de desarrollo, obtenci\u00f3n de terrenos, las urbanizaciones de \u00e9stos, gesti\u00f3n de activos estrat\u00e9gicos y la realizaci\u00f3n de tr\u00e1mites necesarios.<\/p>\n<p>\u2730\u2730\u2730\u2730\u2730 Para llegar desde Miami al coraz\u00f3n del Caribe franc\u00e9s, <em>Air France<\/em> lanz\u00f3 nueva ruta sin escalas entre el Aeropuerto Internacional de Miami y Pointe-a-Pitre, en Guadalupe.<\/p>\n<p>Los vuelos sin escalas, &#8211;alrededor de tres horas y media\u2014operan dos veces por semana: martes y viernesen aviones <em>Airbus A320-200<\/em>.<\/p>\n<p>Cabe destacar que Guadalupe reabri\u00f3 sus fronteras al turismo a principios de este verano. Los visitantes deben presentar prueba de vacunaci\u00f3n y resultado negativo de PCR o ant\u00edgeno 72 horas antes del viaje. Eso, junto con otra prueba de ant\u00edgeno en las 48 horas previas al viaje.<\/p>\n<p>Los visitantes estadounidenses tambi\u00e9n tendr\u00e1n que presentar declaraci\u00f3n jurada de que no tienen s\u00edntomas de Covid-19 ni contacto con alguien con caso confirmado.<\/p>\n<p>Es gran impulso para el archipi\u00e9lago de Guadalupe, que sigue siendo uno de los secretos mejor guardados del Caribe, desde sus islas \u00abprincipales\u00bb de Basse-Terre y Grande-Terre hasta Les Saintes, una de las cadenas de islas m\u00e1s encantadoras de la regi\u00f3n y, Marie-Galante, la isla considerada gran destino del ron en el mundo.<\/p>\n<p>Por el momento es la \u00fanica forma de volar sin escalas desde Estados Unidos a Guadalupe que tendr\u00e1 m\u00e1s vuelos desde Estados Unidos en noviembre, cuando <em>American Airlines<\/em> relance su servicio desde Miami y <em>JetBlue<\/em> reanude sus vuelos desde Nueva York.<\/p>\n<p>\u2730\u2730\u2730\u2730\u2730 La agencia de viajes en l\u00ednea <em>Best Day<\/em><em>,<\/em> celebra el inicio de operaciones de su isla de venta, ubicada en el centro comercial Metr\u00f3poli Patriotismo en la Ciudad de M\u00e9xico que se convierte en la n\u00famero 47 de la zona metropolitana de la capital del pa\u00eds y el Estado de M\u00e9xico.<\/p>\n<p>Cabe destacar que en todos los puntos de venta del pa\u00eds, se aplican adecuados protocolos de higiene, seguridad, limpieza y desinfecci\u00f3n constante. Los asesores utilizan cubrebocas, caretas, gel antibacterial y mamparas, que evitan el contacto directo con los clientes.<\/p>\n<p><strong>Alejandro Calligaris<\/strong>, Country Manager de Despegar y <em>Best Day Travel Group<\/em> dijo: \u201cen la nueva isla encontrar\u00e1n extraordinarios paquetes, productos y servicios de viaje, atenci\u00f3n y asesor\u00eda especializada a los viajeros. Nuestro objetivo es impulsar la actividad de viajes en M\u00e9xico, as\u00ed como incrementar la derrama econ\u00f3mica y el empleo, en beneficio del sector turismo. En <em>BestDay<\/em> siempre estamos atentos a las necesidades de nuestros usuarios\u201d.<\/p>\n<p>Por su parte, <strong>Laura Mar\u00eda Rojas Campuzano, <\/strong><em>Channel Integration Director de Despegar<\/em> indic\u00f3: \u201ccon la apertura de esta nueva isla comercial extendemos, a una mayor cantidad de clientes, otra forma de acceso a las atractivas ofertas, promociones y valores agregados, disponibles en nuestro sitio <em>web<\/em>. Tenemos ofertas especiales y los mejores beneficios de pago, lo que motiva a muchos viajeros que desean disfrutar de destinos tur\u00edsticos en M\u00e9xico y el extranjero\u201d.<\/p>\n<p>&nbsp;<\/p>\n<blockquote>\n<p style=\"text-align: right;\">\u201c<strong>El<\/strong> <strong>\u00e1ngel de la fama tiene sus alas hechas de papel&#8230; peri\u00f3dico\u201d.<br \/>\n<\/strong><\/p>\n<\/blockquote>\n<p>&nbsp;<\/p>\n<p><em><span class=\"Apple-converted-space\"><a href=\"mailto:victoriagprado@gmail.com\" target=\"_blank\" rel=\"noopener noreferrer\">victoriagprado@gmail.com<\/a><br \/>\nTwitter: <a href=\"https:\/\/twitter.com\/victoriagprado\" target=\"_blank\" rel=\"noopener noreferrer\">@victoriagprado<\/a><\/span><\/em><\/p>\n","protected":false},"excerpt":{"rendered":"<p><strong>Stephen Hester<\/strong>, fue nombrado nuevo presidente de <em>EasyJe<\/em><em>t <\/em>y se unir\u00e1 a la directiva de la aerol\u00ednea como director no ejecutivo a principios de septiembre. Posteriormente, el 1 de diciembre, suceder\u00e1 a <strong>John Barton<\/strong> como presidente de la aerol\u00ednea que que ostenta el cargo desde hace nueve a\u00f1os.<\/p>\n","protected":false},"author":3,"featured_media":518343,"comment_status":"open","ping_status":"open","sticky":false,"template":"","format":"standard","meta":{"_monsterinsights_skip_tracking":false,"_monsterinsights_sitenote_active":false,"_monsterinsights_sitenote_note":"","_monsterinsights_sitenote_category":0,"footnotes":""},"categories":[11],"tags":[107,43674,90758,106],"class_list":["post-518249","post","type-post","status-publish","format-standard","has-post-thumbnail","hentry","category-turismo","tag-de-cinco-estrellas","tag-opinion","tag-tursimo","tag-victoria-gonzalez-prado"],"_links":{"self":[{"href":"https:\/\/www.diarioimagen.net\/index.php?rest_route=\/wp\/v2\/posts\/518249","targetHints":{"allow":["GET"]}}],"collection":[{"href":"https:\/\/www.diarioimagen.net\/index.php?rest_route=\/wp\/v2\/posts"}],"about":[{"href":"https:\/\/www.diarioimagen.net\/index.php?rest_route=\/wp\/v2\/types\/post"}],"author":[{"embeddable":true,"href":"https:\/\/www.diarioimagen.net\/index.php?rest_route=\/wp\/v2\/users\/3"}],"replies":[{"embeddable":true,"href":"https:\/\/www.diarioimagen.net\/index.php?rest_route=%2Fwp%2Fv2%2Fcomments&post=518249"}],"version-history":[{"count":0,"href":"https:\/\/www.diarioimagen.net\/index.php?rest_route=\/wp\/v2\/posts\/518249\/revisions"}],"wp:featuredmedia":[{"embeddable":true,"href":"https:\/\/www.diarioimagen.net\/index.php?rest_route=\/wp\/v2\/media\/518343"}],"wp:attachment":[{"href":"https:\/\/www.diarioimagen.net\/index.php?rest_route=%2Fwp%2Fv2%2Fmedia&parent=518249"}],"wp:term":[{"taxonomy":"category","embeddable":true,"href":"https:\/\/www.diarioimagen.net\/index.php?rest_route=%2Fwp%2Fv2%2Fcategories&post=518249"},{"taxonomy":"post_tag","embeddable":true,"href":"https:\/\/www.diarioimagen.net\/index.php?rest_route=%2Fwp%2Fv2%2Ftags&post=518249"}],"curies":[{"name":"wp","href":"https:\/\/api.w.org\/{rel}","templated":true}]}}