{"id":518269,"date":"2021-08-25T00:03:19","date_gmt":"2021-08-25T05:03:19","guid":{"rendered":"https:\/\/www.diarioimagen.net\/?p=518269"},"modified":"2021-08-25T07:08:56","modified_gmt":"2021-08-25T12:08:56","slug":"gobierno-de-tlalnepantla-y-la-coparmex-firman-convenio-para-reactivar-la-economia","status":"publish","type":"post","link":"https:\/\/www.diarioimagen.net\/?p=518269","title":{"rendered":"Gobierno de Tlalnepantla y la Coparmex firman convenio para reactivar la econom\u00eda"},"content":{"rendered":"<p>&nbsp;<\/p>\n<ul>\n<li><strong><em>Facilitar\u00e1 la apertura de negocios en el municipio<\/em><\/strong><\/li>\n<\/ul>\n<p>&nbsp;<\/p>\n<div id=\"attachment_518383\" style=\"width: 470px\" class=\"wp-caption aligncenter\"><a href=\"https:\/\/www.diarioimagen.net\/?attachment_id=518383\" rel=\"attachment wp-att-518383\"><img loading=\"lazy\" decoding=\"async\" aria-describedby=\"caption-attachment-518383\" class=\"size-full wp-image-518383\" src=\"https:\/\/www.diarioimagen.net\/wp-content\/uploads\/2021\/08\/tlalnepantla-12.jpg\" alt=\"\" width=\"460\" height=\"219\" \/><\/a><p id=\"caption-attachment-518383\" class=\"wp-caption-text\">El alcalde de Tlalnepantla, Raciel P\u00e9rez Cruz, y la Coparmex Metropolitano del Estado de M\u00e9xico firmaron un convenio de concertaci\u00f3n para impulsar la reactivaci\u00f3n econ\u00f3mica.<\/p><\/div>\n<p>&nbsp;<\/p>\n<p><strong>Tlalnepantla, Estado de M\u00e9xico<\/strong>.- El gobierno de Tlalnepantla que encabeza el presidente municipal Raciel P\u00e9rez Cruz y la Confederaci\u00f3n Patronal de la Rep\u00fablica Mexicana (Coparmex) Metropolitano del Estado de M\u00e9xico firmaron un convenio de concertaci\u00f3n para impulsar la reactivaci\u00f3n econ\u00f3mica en la demarcaci\u00f3n.<\/p>\n<p>El alcalde explic\u00f3 que la firma del convenio permitir\u00e1 facilitar la apertura de negocios en el municipio y la generaci\u00f3n de empleos para los habitantes de Nuestra Ciudad, luego de que la econom\u00eda se vio afectada por la pandemia de Covid-19.<\/p>\n<p>Indic\u00f3 que los empresarios tienen un papel fundamental, generar riqueza, por eso la importancia de que el municipio procure las mejores condiciones para la apertura de negocios en Tlalnepantla que fomente la creaci\u00f3n de nuevas fuentes de trabajo.<\/p>\n<p>Erick Fernando Cuenca Gurrola, Presidente de Coparmex Metropolitano del Estado de M\u00e9xico, afirm\u00f3 que el convenio permitir\u00e1 impulsar el desarrollo econ\u00f3mico en la demarcaci\u00f3n, ya que, de acuerdo con el Inegi, ocho de cada diez empresas tuvieron una disminuci\u00f3n en sus ingresos del 85. 5 por ciento debido a la pandemia.<\/p>\n<p>Estuvieron presentes Miguel \u00c1ngel Bravo Suberville, Secretario del Ayuntamiento; Misael G\u00f3mez Granillo, Director de Promoci\u00f3n Econ\u00f3mica; Rodrigo Garc\u00eda de la Rosa, Jefe del Departamento de Mejora Regulatoria; El\u00edas Galindo Zamudio, Secretario de Coparmex Metropolitano y consejeros de la Coparmex.<\/p>\n","protected":false},"excerpt":{"rendered":"<p>El gobierno de Tlalnepantla que encabeza el presidente municipal Raciel P\u00e9rez Cruz y la Confederaci\u00f3n Patronal de la Rep\u00fablica Mexicana (Coparmex) Metropolitano del Estado de M\u00e9xico firmaron un convenio de concertaci\u00f3n para impulsar la reactivaci\u00f3n econ\u00f3mica en la demarcaci\u00f3n.<\/p>\n","protected":false},"author":3,"featured_media":518383,"comment_status":"open","ping_status":"open","sticky":false,"template":"","format":"standard","meta":{"_monsterinsights_skip_tracking":false,"_monsterinsights_sitenote_active":false,"_monsterinsights_sitenote_note":"","_monsterinsights_sitenote_category":0,"footnotes":""},"categories":[5],"tags":[1275,43675,88369,169],"class_list":["post-518269","post","type-post","status-publish","format-standard","has-post-thumbnail","hentry","category-estado-de-mexico","tag-economia","tag-estado-de-mexico","tag-reactivar","tag-tlalnepantla"],"_links":{"self":[{"href":"https:\/\/www.diarioimagen.net\/index.php?rest_route=\/wp\/v2\/posts\/518269","targetHints":{"allow":["GET"]}}],"collection":[{"href":"https:\/\/www.diarioimagen.net\/index.php?rest_route=\/wp\/v2\/posts"}],"about":[{"href":"https:\/\/www.diarioimagen.net\/index.php?rest_route=\/wp\/v2\/types\/post"}],"author":[{"embeddable":true,"href":"https:\/\/www.diarioimagen.net\/index.php?rest_route=\/wp\/v2\/users\/3"}],"replies":[{"embeddable":true,"href":"https:\/\/www.diarioimagen.net\/index.php?rest_route=%2Fwp%2Fv2%2Fcomments&post=518269"}],"version-history":[{"count":0,"href":"https:\/\/www.diarioimagen.net\/index.php?rest_route=\/wp\/v2\/posts\/518269\/revisions"}],"wp:featuredmedia":[{"embeddable":true,"href":"https:\/\/www.diarioimagen.net\/index.php?rest_route=\/wp\/v2\/media\/518383"}],"wp:attachment":[{"href":"https:\/\/www.diarioimagen.net\/index.php?rest_route=%2Fwp%2Fv2%2Fmedia&parent=518269"}],"wp:term":[{"taxonomy":"category","embeddable":true,"href":"https:\/\/www.diarioimagen.net\/index.php?rest_route=%2Fwp%2Fv2%2Fcategories&post=518269"},{"taxonomy":"post_tag","embeddable":true,"href":"https:\/\/www.diarioimagen.net\/index.php?rest_route=%2Fwp%2Fv2%2Ftags&post=518269"}],"curies":[{"name":"wp","href":"https:\/\/api.w.org\/{rel}","templated":true}]}}