{"id":518288,"date":"2021-08-25T00:02:24","date_gmt":"2021-08-25T05:02:24","guid":{"rendered":"https:\/\/www.diarioimagen.net\/?p=518288"},"modified":"2021-08-25T03:42:44","modified_gmt":"2021-08-25T08:42:44","slug":"sistema-metrobus-crece-y-se-fortalece","status":"publish","type":"post","link":"https:\/\/www.diarioimagen.net\/?p=518288","title":{"rendered":"Sistema Metrob\u00fas\u00a0crece y se fortalece"},"content":{"rendered":"<h2>La Retaguardia<\/h2>\n<h5>Adriana Moreno Cordero<em>\u00a0<\/em><em>\u00a0<\/em><\/h5>\n<p>&nbsp;<\/p>\n<ul>\n<li><strong><em>Cubrebocas bien usado, instrumento crucial en control <\/em><em>de Covid-19: Julio Frenk<\/em><\/strong><\/li>\n<li><strong><em>Delfina G\u00f3mez y sus cuentas alegres<\/em><\/strong><\/li>\n<\/ul>\n<p>&nbsp;<\/p>\n<p>El sistema de transporte p\u00fablico\u00a0<strong>Metrobus<\/strong>\u00a0ha implementado una l\u00ednea provisional en la ruta de apoyo que va de la estaci\u00f3n Tl\u00e1huac a la terminal Atlalilco con una ramificaci\u00f3n a la estaci\u00f3n Coyuya, con la finalidad de apoyar a los usuarios en sus traslados en dicha zona. Esto nos est\u00e1 dejando ver que hay posibilidades de que esta ruta se haga oficial con un n\u00famero mayor de estaciones, cabe se\u00f1alar que por el momento el servicio es gratuito.<\/p>\n<p>En este trayecto, la\u00a0<strong>Polic\u00eda Auxiliar<\/strong>\u00a0de la Ciudad de M\u00e9xico, ha sumado esfuerzos notorios a trav\u00e9s del Sector 66 con el incremento de mandos y personal operativo en todas sus l\u00edneas para la prevenci\u00f3n de diversos actos delictivos y brindando mayor seguridad a\u00a0los usuarios.<\/p>\n<p>Lo ideal ser\u00eda que en todos los sectores de la polic\u00eda que dependen del\u00a0secretario de Seguridad Ciudadana de la CDMX, <strong>Omar Garc\u00eda Harfuch,<\/strong> fuesen, si no igual, cuando menos que se parecieran en algo al Sector 66&#8230; Seguiremos informando.<\/p>\n<p>Esta informaci\u00f3n sobre la ampliaci\u00f3n en el transporte p\u00fablico en la capital de la Rep\u00fablica y c\u00f3mo el Metrobus representa una opci\u00f3n viable, viene a ser muy importante, sobre todo en momentos en que la empresa noruega DNV, encargada de hacer los peritajes sobre la tragedia en la L\u00ednea 12 del Metro, pidi\u00f3 un plazo de dos semanas para presentar los resultados del segundo y tercer informe de este colapso, donde a la fecha no ha habido ning\u00fan responsable se\u00f1alado.<\/p>\n<p>Por lo pronto, la jefa de Gobierno de la CDMX, <strong>Claudia Sheinbaum<\/strong>, ocup\u00f3 su tiempo en darse una vuelta por algunas escuelas oficiales, seg\u00fan ella, para supervisar el inminente regreso a clases presenciales, pero su acci\u00f3n no pudo disipar la incertidumbre que hay en padres de familia y maestros, m\u00e1s a\u00fan, porque la funcionaria capitalina, al anunciar los protocolos sanitarios en esta nueva etapa, no se contemplan horarios escalonados, ni l\u00edmites de aforo en los planteles escolares, ni cierre de \u00e9stos.<\/p>\n<p>Cree la se\u00f1ora Sheinbaum que con el funcionamiento de sus famosos Kioscos de la Salud es suficiente. Pues nada m\u00e1s que se d\u00e9 un asomadita por las sedes donde se suponen que vacunan a j\u00f3venes de 18 a\u00f1os y m\u00e1s, donde a diario las vacunas contra Covid-19 no alcanzan y los j\u00f3venes han cerrado vialidades en demanda del ant\u00edgeno y esa desorganizaci\u00f3n, no parece importarle a la jefa de Gobierno de la CDMX.<\/p>\n<p>En resumen, las medidas sanitarias que se pretenden implementar en este regreso a clases son insuficientes y como prueba,\u00a0 ayer se registraron 940 muertes por Covid-19, as\u00ed como m\u00e1s de 18 mil casos de contagios y se lleg\u00f3 a esos n\u00fameros tan elevados porque como lo se\u00f1al\u00f3 el ex secretario de Salud, <strong>Julio Frenk Mora<\/strong>, \u201cnecesitamos acelerar el ritmo de vacunaci\u00f3n y sostenerlo\u201d as\u00ed como realizar un mayor n\u00famero de pruebas para detectar casos y contagios,\u201d porque se viene el per\u00edodo invernal, lapso en el que aumenta el virus\u201d. Y algo fundamental, el cubrebocas bien usado es un instrumento absolutamente crucial en la estrategia de control de la Covid-19.<\/p>\n<p>Ahora bien, para sacar adelante una eficiente estrategia de control del virus, se requiere dinero, y si se toma en consideraci\u00f3n que esta errada y llamada Cuarta Transformaci\u00f3n, se la pasan quej\u00e1ndose y alabando la austeridad que ellos mismos implementaron, pues como dice un refr\u00e1n, \u201cestamos en la olla\u201d, mientras que desde el Antiguo Palacio del Ayuntamiento, s\u00f3lo aciertan a las medidas superficiales como por ejemplo el decir que se toman medidas de ventilaci\u00f3n, hasta donde \u201cla arquitectura lo permite\u201d. Lo grave, es que esta situaci\u00f3n permea a nivel nacional.<\/p>\n<p>Por su parte, la vapuleada secretaria de Educaci\u00f3n P\u00fablica, <strong>Delfina G\u00f3mez<\/strong>, estim\u00f3 que alrededor del 90 por ciento de las escuelas p\u00fablicas de educaci\u00f3n b\u00e1sica podr\u00edan regresar a clases el pr\u00f3ximo 30 de agosto. \u00bfEso no son cuentas alegres? Porque hay que tener en cuenta que la estrategia de regreso es muy d\u00e9bil, por no decir que inexistente.<\/p>\n<p style=\"text-align: center;\"><strong>Municiones<\/strong><\/p>\n<p>*** En el Palacio Legislativo de San L\u00e1zaro, de cara al inicio de la LXV Legislatura, la cosa est\u00e1 que arde. En lo m\u00e1s reciente, el coordinador de la fracci\u00f3n de Morena, <strong>Ignacio Mier<\/strong>, hace todo lo que est\u00e1 al alcance de sus manos para conformar una mega bancada integrada por Morena, el PT y el PVEM y como el diputado poblano no tiene precisamente las mejores cualidades como negociador, lo m\u00e1s probable es que compre \u201cel amor\u201d de estos dos partidos a los que intenta seducir, caris\u00edsimo. De entrada, el partido oficial quiere quedarse con la Junta de Coordinaci\u00f3n Pol\u00edtica y que el PAN no la reclame y para ello, se supone que el reglamento les permite registrar a Morena y sus dos r\u00e9moras preferidas, como una sola bancada.<\/p>\n<p>*** Al inicio de la plenaria que tendr\u00e1 la bancada de Morena en el Senado de la Rep\u00fablica, se llevar\u00e1 a cabo la elecci\u00f3n de la Mesa Directiva para el primer a\u00f1o de la LXV Legislatura, como lo inform\u00f3 el senador <strong>Ricardo Monreal<\/strong> y hay cuatro candidatas, pues <strong>Mal\u00fa Micher <\/strong>declin\u00f3 participar, qui\u00e9n sabe por qu\u00e9, pues estaba m\u00e1s que puesta. Se trata de <strong>Bertha Caraveo, Imelda Castro, Marybel Villegas <\/strong>y <strong>Ana Lilia Rivera<\/strong>. El l\u00edder del grupo parlamentario de Morena explic\u00f3 que la elecci\u00f3n se har\u00e1 ante la presencia de notarios p\u00fablicos con voto personal, directo y secreto y que existe el compromiso de todos de mantener la unidad y la cohesi\u00f3n. Luego vendr\u00e1n las sesiones con los miembros del gabinete, <strong>Delfina G\u00f3mez<\/strong>, secretaria de Educaci\u00f3n P\u00fablica; <strong>Rogelio Ram\u00edrez de la O<\/strong>, de Hacienda, y <strong>Alejandro Gertz Manero<\/strong> y estos encuentros no se ven f\u00e1ciles, pues los legisladores de Morena tienen varias inquietudes que quieren aclarar. Hay que subrayar que el senador Monreal no ha descuidado su relaci\u00f3n con los dem\u00e1s coordinadores parlamentarios, por lo que sigue en reuniones con ellos para establecer la agenda legislativa.<\/p>\n<p>*** Hoy empieza el recuento de votos ni m\u00e1s ni menos que en Campeche, donde la candidata de Morena, la siempre flamante y natural <strong>Layda Sansores<\/strong>, alega que como ya recibi\u00f3 su constancia de mayor\u00eda que la acredita como gobernadora del estado, pues que le hagan como quieran. No obstante, no deja de causar cierto escozor en las filas del partido oficial, en una parte, los seguidores de la ex delegada en Alvaro Obreg\u00f3n. Pues como ya se dijo, ah\u00ed estar\u00e1 presente el \u201cvoto por voto, casilla por casilla\u201d, que tanto us\u00f3 como bandera de su campa\u00f1a de 18 a\u00f1os, <strong>Andr\u00e9s Manuel L\u00f3pez Obrador.<\/strong><\/p>\n<p><u><a href=\"mailto:morcora@gmail.com\" target=\"_blank\" rel=\"noopener noreferrer\"><em>morcora@gmail.com<\/em><\/a><\/u><\/p>\n","protected":false},"excerpt":{"rendered":"<p><span style=\"color: #005497;\"><strong>Adriana Moreno Cordero<\/strong><\/span><\/p>\n","protected":false},"author":3,"featured_media":0,"comment_status":"open","ping_status":"open","sticky":false,"template":"","format":"standard","meta":{"_monsterinsights_skip_tracking":false,"_monsterinsights_sitenote_active":false,"_monsterinsights_sitenote_note":"","_monsterinsights_sitenote_category":0,"footnotes":""},"categories":[69370],"tags":[69369,69368,43674],"class_list":["post-518288","post","type-post","status-publish","format-standard","hentry","category-adriana-moreno-cordero","tag-adriana-moreno-cordero","tag-la-retaguardia","tag-opinion"],"_links":{"self":[{"href":"https:\/\/www.diarioimagen.net\/index.php?rest_route=\/wp\/v2\/posts\/518288","targetHints":{"allow":["GET"]}}],"collection":[{"href":"https:\/\/www.diarioimagen.net\/index.php?rest_route=\/wp\/v2\/posts"}],"about":[{"href":"https:\/\/www.diarioimagen.net\/index.php?rest_route=\/wp\/v2\/types\/post"}],"author":[{"embeddable":true,"href":"https:\/\/www.diarioimagen.net\/index.php?rest_route=\/wp\/v2\/users\/3"}],"replies":[{"embeddable":true,"href":"https:\/\/www.diarioimagen.net\/index.php?rest_route=%2Fwp%2Fv2%2Fcomments&post=518288"}],"version-history":[{"count":0,"href":"https:\/\/www.diarioimagen.net\/index.php?rest_route=\/wp\/v2\/posts\/518288\/revisions"}],"wp:attachment":[{"href":"https:\/\/www.diarioimagen.net\/index.php?rest_route=%2Fwp%2Fv2%2Fmedia&parent=518288"}],"wp:term":[{"taxonomy":"category","embeddable":true,"href":"https:\/\/www.diarioimagen.net\/index.php?rest_route=%2Fwp%2Fv2%2Fcategories&post=518288"},{"taxonomy":"post_tag","embeddable":true,"href":"https:\/\/www.diarioimagen.net\/index.php?rest_route=%2Fwp%2Fv2%2Ftags&post=518288"}],"curies":[{"name":"wp","href":"https:\/\/api.w.org\/{rel}","templated":true}]}}