{"id":518289,"date":"2021-08-25T00:01:45","date_gmt":"2021-08-25T05:01:45","guid":{"rendered":"https:\/\/www.diarioimagen.net\/?p=518289"},"modified":"2021-08-25T03:44:04","modified_gmt":"2021-08-25T08:44:04","slug":"narco-estado","status":"publish","type":"post","link":"https:\/\/www.diarioimagen.net\/?p=518289","title":{"rendered":"\u201cNarco-Estado\u201d"},"content":{"rendered":"<h2>De pe a pa<\/h2>\n<h5>Alberto Vieyra G.<\/h5>\n<p>&nbsp;<\/p>\n<p>\u00bfM\u00e9xico un \u201cnarco-Estado\u201d o un \u201cnarco-pa\u00eds\u201d? \u00bfDesde cu\u00e1ndo torci\u00f3 la puerca el rabo y M\u00e9xico se convirti\u00f3 en una narco-econom\u00eda? \u00bfDesde cu\u00e1ndo se freg\u00f3 el pa\u00eds? \u00bfEs real el combate al crimen organizado con los \u201cabrazos y no balazos\u201d o estamos ante una alianza gobierno-narco?<\/p>\n<p>Hagamos un poco de historia. En 1945, M\u00e9xico fue proveedor oficial de drogas para abastecer a los soldados norteamericanos en los frentes de batalla de la Segunda Guerra Mundial. La droga ten\u00eda un doble prop\u00f3sito: Mitigar los dolores de los heridos y suministrar la droga a los soldados no s\u00f3lo para darles valor, sino para mitigar los problemas emocionales como la depresi\u00f3n.<\/p>\n<p>Charles Lucky Luciano, el mafioso italoestadounidense era el contacto oficial entre M\u00e9xico y Estados Unidos, pero despu\u00e9s de \u00e9ste, el trasiego de drogas hac\u00eda los Estados Unidos sigui\u00f3, aunque de manera hip\u00f3crita, Estados Unidos combatir\u00eda el c\u00e1ncer del narcotr\u00e1fico, pero fuera de sus fronteras y no hac\u00eda dentro, donde seg\u00fan la ex secretari\u00eda de Estado Norteamericano, Hilary Clinton, Estados Unidos ten\u00eda hace una d\u00e9cada entre 35 y 40 millones de narcodependientes que tienen que consumir la droga todos los d\u00edas <em>llueva, truene o relampaguee<\/em>.<\/p>\n<p>Seg\u00fan la periodista mexicana, Anabel Hern\u00e1ndez en su libro <em>Los se\u00f1ores del narco<\/em>, Estados Unidos se sigui\u00f3 abasteciendo de drogas provenientes de los c\u00e1rteles de Colombia en los mism\u00edsimos aviones de la fuerza a\u00e9rea norteamericana que llevaban armas a los contranicarag\u00fcenses y regresaban a los EU con droga.<\/p>\n<p>Durante los sexenios de Jos\u00e9 L\u00f3pez Portillo y Miguel de la Madrid, comenzar\u00edan a florecer los c\u00e1rteles de la droga en M\u00e9xico. Por aquello a\u00f1os, Rafael Caro Quintero se convertir\u00eda en uno de los narcotraficantes m\u00e1s famoso y poderosos que lleg\u00f3, incluso a sugerirle a Miguel de la Madrid pagar la deuda externa del pa\u00eds (unos 80 mil millones de d\u00f3lares) solamente si lo dejaban trabajar tranquilo. En ese momento ya comenzaba la \u201cnarco-econom\u00eda\u201d. Desde luego que el gobernante mexicano hizo como que la virgen le hablaba. Pero en la d\u00e9cada de los setenta, junto a Miguel \u00c1ngel F\u00e9lix Gallardo y Ernesto Fonseca, pusieron en marcha el C\u00e1rtel de Guadalajara, que fue el m\u00e1s poderoso de M\u00e9xico y el embri\u00f3n del que nacieron, en los a\u00f1os noventa, los c\u00e1rteles de Sinaloa, Tijuana, Ju\u00e1rez y del Golfo.<\/p>\n<p>Durante el r\u00e9gimen salinista, cobrar\u00eda triste fama <em>el Se\u00f1or de los Cielos<\/em>, Amado Carrillo Fuentes y el rancho <em>Las Mendocinas,<\/em> en el Estado de M\u00e9xico que era el principal centro de reuni\u00f3n entre los c\u00e1rteles de la droga y el hermano inc\u00f3modo del Presidente, Ra\u00fal Salinas. Se estableci\u00f3 que los jueves de cada semana, pr\u00e1cticamente todos los c\u00e1rteles ten\u00edan sem\u00e1foro verde para transitar por M\u00e9xico hac\u00eda Estados Unidos libremente con la droga. Surgir\u00eda despu\u00e9s la leyenda de <em>El Chapo Guzm\u00e1n<\/em> y otros se\u00f1ores del narco.<\/p>\n<p>\u00bfPor qu\u00e9 hago historia?<\/p>\n<p>Mire usted. Hoy, el llamado bloque opositor de M\u00e9xico integrado por PRI, PAN y PRD denunciaron este lunes ante la ONU y la OEA la existencia en M\u00e9xico de una gobernabilidad criminal o un \u201cEstado-narco\u201d en el que las mafias criminales de los estupefacientes tuvieron manga ancha en el pasado proceso electoral. AMLO lo niega, pero su estrategia de \u201cabrazos y no balazos\u201d con la que combate al crimen organizado ha tenido lecturas muy obvias como una alianza entre el gobierno de L\u00f3pez Obrador y el \u201cnarco\u201d.<\/p>\n<p>El ex embajador de Estados Unidos en M\u00e9xico, Christopher Landau, afirm\u00f3 que el Presidente deja hacer todo a los c\u00e1rteles de la droga al no combatirlos, que son due\u00f1os de m\u00e1s de 30 por ciento del territorio nacional.<\/p>\n<p>De mantenerse la misma ruta, no habr\u00e1 un \u201cnarco-Estado\u201d en M\u00e9xico, sino un \u201cnarco-pa\u00eds\u201d y los futuros presidentes ser\u00e1n figuras de papel porque el poder real estar\u00e1 en manos de los jefes del narcotr\u00e1fico.<\/p>\n<p><a href=\"mailto:info@agenciamn.com\" target=\"_blank\" rel=\"noopener noreferrer\"><em>info@agenciamn.com<\/em><\/a><\/p>\n","protected":false},"excerpt":{"rendered":"<p><span style=\"color: #005497;\"><strong>Alberto Vieyra G.<\/strong><\/span><\/p>\n","protected":false},"author":3,"featured_media":0,"comment_status":"open","ping_status":"open","sticky":false,"template":"","format":"standard","meta":{"_monsterinsights_skip_tracking":false,"_monsterinsights_sitenote_active":false,"_monsterinsights_sitenote_note":"","_monsterinsights_sitenote_category":0,"footnotes":""},"categories":[4596],"tags":[43697,4597,43674],"class_list":["post-518289","post","type-post","status-publish","format-standard","hentry","category-alberto-vieyra-g","tag-alberto-vieyra-g","tag-de-pe-a-pa","tag-opinion"],"_links":{"self":[{"href":"https:\/\/www.diarioimagen.net\/index.php?rest_route=\/wp\/v2\/posts\/518289","targetHints":{"allow":["GET"]}}],"collection":[{"href":"https:\/\/www.diarioimagen.net\/index.php?rest_route=\/wp\/v2\/posts"}],"about":[{"href":"https:\/\/www.diarioimagen.net\/index.php?rest_route=\/wp\/v2\/types\/post"}],"author":[{"embeddable":true,"href":"https:\/\/www.diarioimagen.net\/index.php?rest_route=\/wp\/v2\/users\/3"}],"replies":[{"embeddable":true,"href":"https:\/\/www.diarioimagen.net\/index.php?rest_route=%2Fwp%2Fv2%2Fcomments&post=518289"}],"version-history":[{"count":0,"href":"https:\/\/www.diarioimagen.net\/index.php?rest_route=\/wp\/v2\/posts\/518289\/revisions"}],"wp:attachment":[{"href":"https:\/\/www.diarioimagen.net\/index.php?rest_route=%2Fwp%2Fv2%2Fmedia&parent=518289"}],"wp:term":[{"taxonomy":"category","embeddable":true,"href":"https:\/\/www.diarioimagen.net\/index.php?rest_route=%2Fwp%2Fv2%2Fcategories&post=518289"},{"taxonomy":"post_tag","embeddable":true,"href":"https:\/\/www.diarioimagen.net\/index.php?rest_route=%2Fwp%2Fv2%2Ftags&post=518289"}],"curies":[{"name":"wp","href":"https:\/\/api.w.org\/{rel}","templated":true}]}}