{"id":518295,"date":"2021-08-25T00:05:08","date_gmt":"2021-08-25T05:05:08","guid":{"rendered":"https:\/\/www.diarioimagen.net\/?p=518295"},"modified":"2021-08-25T03:46:36","modified_gmt":"2021-08-25T08:46:36","slug":"goliat-contra-david","status":"publish","type":"post","link":"https:\/\/www.diarioimagen.net\/?p=518295","title":{"rendered":"Goliat contra David"},"content":{"rendered":"<h2>Perfil de M\u00e9xico<\/h2>\n<h5>Armando R\u00edos Ruiz<\/h5>\n<p>&nbsp;<\/p>\n<p>Quienes han seguido la trayectoria de Andr\u00e9s Manuel L\u00f3pez Obrador, saben que una costumbre suya, arraigada hasta la condici\u00f3n de enfermedad, de acuerdo con todos los psic\u00f3logos que han analizado su conducta, es mentir sin siquiera darse cuenta de que, cuando enga\u00f1a, lo hace en situaciones extremadamente absurdas. Tanto, que la falsedad resulta evidente.<\/p>\n<p>Hace muchos a\u00f1os, ante las elecciones pr\u00f3ximas, le preguntaron si contender\u00eda para la Presidencia: \u201ca m\u00ed que me den por muerto\u201d, sentenci\u00f3. M\u00e1s tard\u00f3 en decirlo que en iniciar sus recorridos por todo el pa\u00eds, en pos de la silla.<\/p>\n<p>Durante estos dos a\u00f1os y medio de su ejercicio presidencial, empresas dedicadas a observarlo aseguran que profiere m\u00e1s de 80 mentiras todos los d\u00edas en su conferencia ma\u00f1anera. Repite y repite lo mismo. Muchos dicen que para que su mentira se inserte en el cerebro de sus oyentes y se acepte como verdad y otros afirman que porque se trata de un padecimiento m\u00e1s.<\/p>\n<p>Una de tantas frases que nadie, con dos dedos de frente le cree y que repite cotidianamente, es \u201cla venganza no es lo m\u00edo\u201d. Pero la realidad lo desmiente. Se le nota hasta por los poros de la ropa que viste, que quisiera que todos los elementos de la naturaleza se conjugaran a su favor, para meter a la c\u00e1rcel sin ninguna protesta en contra, a Felipe Calder\u00f3n. Tuvo el descaro de robarle la Presidencia y debe pagar por ello.<\/p>\n<p>Con dos dedos de frente, cualquiera se da cuenta de que Enrique Pe\u00f1a Nieto, Ernesto Zedillo, Carlos Salinas \u2014el otrora innombrable\u2014 y Vicente Fox, son s\u00f3lo relleno en su af\u00e1n de presentarlos en las arenas de su circo romano, para que el pueblo sabio presente su pulgar hacia abajo y los condene. En la realidad, el \u00fanico que verdaderamente le importa es Calder\u00f3n Hinojosa.<\/p>\n<p>El ex diputado Fernando Belaunzar\u00e1n declar\u00f3 que visit\u00f3 en la c\u00e1rcel a Rosario Robles y \u00e9sta le dijo que regres\u00f3 a M\u00e9xico porque habl\u00f3 con el Presidente y le asegur\u00f3 que no ten\u00eda de qu\u00e9 preocuparse. Que se respetar\u00edan sus derechos, pero la enga\u00f1\u00f3. Ahora libra un proceso judicial por presuntos delitos en los que tambi\u00e9n participaron el ex presidente Pe\u00f1a Nieto y otros. \u00bfPor qu\u00e9 s\u00f3lo ella?<\/p>\n<p>Belaunzar\u00e1n manifest\u00f3 lo mismo que muchos mexicanos observan, sienten y aceptan como verdad: que mientras el de Tabasco sea Presidente, ning\u00fan opositor a su gobierno tendr\u00e1 garant\u00edas de un juicio justo. Se refer\u00eda al dicho de Ricardo Anaya, de que el mandatario hab\u00eda ordenado una persecuci\u00f3n en su contra para meterlo a la c\u00e1rcel.<\/p>\n<p>El ex candidato a la Presidencia en los tiempos en que Andr\u00e9s Manuel result\u00f3 electo, inici\u00f3 una campa\u00f1a en las redes sociales en pos de mantenerse en la memoria de los mexicanos, porque desea volver a contender en 2024. En esas apariciones ha dicho verdades que lastiman al gobernante y por lo tanto, debe ser acallado con investigaciones que lo lleven a la c\u00e1rcel, debido a que fue acusado en otro proceso y adem\u00e1s de enriquecimiento il\u00edcito.<\/p>\n<p>Anaya se hizo grabar en un video, en el que acusa al Presidente de querer \u201cfregarlo a la mala\u201d. El Presidente respondi\u00f3: \u201cla venganza no es lo m\u00edo\u201d. Pero hemos sido testigos de que ese dicho s\u00f3lo funciona para sus familiares en entredicho y para sus colaboradores, exhibidos con pruebas fehacientes de los delitos que han cometido.<\/p>\n<p>Hace un par de d\u00edas, un medio digital mencion\u00f3 tambi\u00e9n que \u201cen sus\u00a0informes\u00a0de gobierno, el presidente Andr\u00e9s Manuel L\u00f3pez Obrador presume el combate que su administraci\u00f3n hace a las pr\u00e1cticas de corrupci\u00f3n que han imperado por a\u00f1os en el\u00a0sistema pol\u00edtico\u00a0mexicano, sin embargo, su\u00a0sexenio\u00a0no ha sido la excepci\u00f3n y, en tres a\u00f1os, han estallado al menos 36\u00a0casos\u00a0que lo asoman como un gobierno no tan\u00a0transparente\u201d.<\/p>\n<p>El medio de referencia insert\u00f3 en ese art\u00edculo, much\u00edsimos casos en los que se exhiben a empresas del gobierno y funcionarios que no han sido ni ser\u00e1n tocados por la mano del que decide el destino de su pa\u00eds y de sus hombres.<\/p>\n<p><a href=\"mailto:ariosruiz@gmail.com\" target=\"_blank\" rel=\"noopener noreferrer\"><em>ariosruiz@gmail.com<\/em><\/a><\/p>\n","protected":false},"excerpt":{"rendered":"<p><span style=\"color: #005497;\"><strong>Armando R\u00edos Ruiz<\/strong><\/span><\/p>\n","protected":false},"author":3,"featured_media":0,"comment_status":"open","ping_status":"open","sticky":false,"template":"","format":"standard","meta":{"_monsterinsights_skip_tracking":false,"_monsterinsights_sitenote_active":false,"_monsterinsights_sitenote_note":"","_monsterinsights_sitenote_category":0,"footnotes":""},"categories":[88405],"tags":[88407,43674,91193],"class_list":["post-518295","post","type-post","status-publish","format-standard","hentry","category-armando-rios-ruiz","tag-armando-rios-ruiz","tag-opinion","tag-perfil-de-mexico"],"_links":{"self":[{"href":"https:\/\/www.diarioimagen.net\/index.php?rest_route=\/wp\/v2\/posts\/518295","targetHints":{"allow":["GET"]}}],"collection":[{"href":"https:\/\/www.diarioimagen.net\/index.php?rest_route=\/wp\/v2\/posts"}],"about":[{"href":"https:\/\/www.diarioimagen.net\/index.php?rest_route=\/wp\/v2\/types\/post"}],"author":[{"embeddable":true,"href":"https:\/\/www.diarioimagen.net\/index.php?rest_route=\/wp\/v2\/users\/3"}],"replies":[{"embeddable":true,"href":"https:\/\/www.diarioimagen.net\/index.php?rest_route=%2Fwp%2Fv2%2Fcomments&post=518295"}],"version-history":[{"count":0,"href":"https:\/\/www.diarioimagen.net\/index.php?rest_route=\/wp\/v2\/posts\/518295\/revisions"}],"wp:attachment":[{"href":"https:\/\/www.diarioimagen.net\/index.php?rest_route=%2Fwp%2Fv2%2Fmedia&parent=518295"}],"wp:term":[{"taxonomy":"category","embeddable":true,"href":"https:\/\/www.diarioimagen.net\/index.php?rest_route=%2Fwp%2Fv2%2Fcategories&post=518295"},{"taxonomy":"post_tag","embeddable":true,"href":"https:\/\/www.diarioimagen.net\/index.php?rest_route=%2Fwp%2Fv2%2Ftags&post=518295"}],"curies":[{"name":"wp","href":"https:\/\/api.w.org\/{rel}","templated":true}]}}