{"id":518305,"date":"2021-08-25T00:03:36","date_gmt":"2021-08-25T05:03:36","guid":{"rendered":"https:\/\/www.diarioimagen.net\/?p=518305"},"modified":"2021-08-25T03:51:42","modified_gmt":"2021-08-25T08:51:42","slug":"anaya-distractor-lozoya-vive-donde","status":"publish","type":"post","link":"https:\/\/www.diarioimagen.net\/?p=518305","title":{"rendered":"Anaya, distractor. Lozoya vive, \u00bfd\u00f3nde?"},"content":{"rendered":"<h2>Espacio Electoral<\/h2>\n<h5>Eleazar Flores<\/h5>\n<p><strong>\u00a0<\/strong><\/p>\n<p><strong>NADA PASAR\u00c1-.<\/strong> Ante la en\u00e9sima posposici\u00f3n de m\u00e1s de dos meses para dar a conocer los motivos reales del \u201cincidente\u201d en la \u201cL\u00ednea Dorada\u201d del Metro, la Cuarta Transformaci\u00f3n lanza otro distractor medi\u00e1tico para no molestar tanto a la jefa de gobierno.<\/p>\n<p>Nada mejor que el nombre del ex candidato presidencial panista Ricardo Anaya, segundo en la justa que gan\u00f3 el <em>Peje <\/em>en el lejano 2018.\u00a0 Conocedor de c\u00f3mo se las gasta el de las homil\u00edas ma\u00f1aneras, emprendi\u00f3 viaje a <em>gringolandia.<\/em><\/p>\n<p>Anaya como distractor medi\u00e1tico, en este momento resulta m\u00e1s interesante que el ex director general de Pemex, Emilio Lozoya Austin, quien gracias al compadrazgo y\u00a0 amistad de papi Lozoya Thalman con ya saben qui\u00e9n, jam\u00e1s pis\u00f3 y,\u00a0 llueva, truene o relampaguee, tampoco pisar\u00e1 la c\u00e1rcel.<\/p>\n<p>El trato VIP que Lozoya Austin recibe, por instrucciones superiores, de parte de la Fiscal\u00eda General de la Rep\u00fablica para abajo, lo envidian otras personas pol\u00edticas involucradas con cierta claridad, pero tratadas con\u00a0 sa\u00f1a mucho m\u00e1s clara de parte de las autoridades. \u00bfNombres?, usted lo sabe aunque no vaya a misa, s\u00f3lo al Rosario.<\/p>\n<p><strong>ANAYA-.<\/strong> El queretano Ricardo Anaya Cort\u00e9s pudiera resultar culpable o inocente de lo que se le acusa apenas en la etapa de PRESUNCI\u00d3N\u201d, pero el que la Fiscal\u00eda General de la Rep\u00fablica filtre parte de la indagatoria es justamente para distraer la atenci\u00f3n de problemas reales como la inconclusa investigaci\u00f3n de la L\u00ednea 12 del metro.<\/p>\n<p>No vaya a resultar que los investigadores noruegos -campeones en la producci\u00f3n del pescado que lleva su nombre y de empresas petroleras conocidas como las m\u00e1s productivas y transparentes-, nos vayan a salir que el \u201cincidente\u201d de la L\u00ednea 12 fue culpa de\u2026<\/p>\n<p>Omito nombres para no ayudarles o predisponerlos, pero el hecho de que la jefa de Gobierno anuncie la posposici\u00f3n y no los \u201cg\u00fceros\u201d, cuando menos levanta sospechas pues se supone que la o las autoridades s\u00f3lo iban a conocer el dictamen final.<\/p>\n<p>Y es que en los entramados de \u00e9stas y otras investigaciones parece ser que pesan m\u00e1s las versiones de los \u201cprivados\u201d de la libertad p\u00fablica as\u00ed nunca pisen la c\u00e1rcel como hijito Lozoya quien despepita a diestra y siniestra en espera de que lo dejen ir a perisur de compras sin ser molestado.<\/p>\n<p>En las \u201carduas\u201d investigaciones de la Fiscal\u00eda General de la Rep\u00fablica s\u00f3lo destacan las evidencias que son los involucramientos que hijo Lozoya lanza contra su ex compa\u00f1ero de gabinete, Luis VIdegaray y su ex patr\u00f3n pol\u00edtico Enrique Pe\u00f1a Nieto.<\/p>\n<p>Desde el 13 de febrero de 2020 lo \u00fanico visible de Lozoya fue su detenci\u00f3n en Espa\u00f1a y de eso ya llovi\u00f3, pero sin tronar ni relampaguear.<\/p>\n<p><em><a href=\"mailto:elefa44@gmail.com\" target=\"_blank\" rel=\"noopener noreferrer\">elefa44@gmail.com<\/a><\/em><\/p>\n","protected":false},"excerpt":{"rendered":"<p><span style=\"color: #005497;\"><strong>Eleazar Flores<\/strong><\/span><\/p>\n","protected":false},"author":3,"featured_media":0,"comment_status":"open","ping_status":"open","sticky":false,"template":"","format":"standard","meta":{"_monsterinsights_skip_tracking":false,"_monsterinsights_sitenote_active":false,"_monsterinsights_sitenote_note":"","_monsterinsights_sitenote_category":0,"footnotes":""},"categories":[81743],"tags":[81744,81776,43674],"class_list":["post-518305","post","type-post","status-publish","format-standard","hentry","category-eleazar-flores","tag-eleazar-flores","tag-espacio-electoral","tag-opinion"],"_links":{"self":[{"href":"https:\/\/www.diarioimagen.net\/index.php?rest_route=\/wp\/v2\/posts\/518305","targetHints":{"allow":["GET"]}}],"collection":[{"href":"https:\/\/www.diarioimagen.net\/index.php?rest_route=\/wp\/v2\/posts"}],"about":[{"href":"https:\/\/www.diarioimagen.net\/index.php?rest_route=\/wp\/v2\/types\/post"}],"author":[{"embeddable":true,"href":"https:\/\/www.diarioimagen.net\/index.php?rest_route=\/wp\/v2\/users\/3"}],"replies":[{"embeddable":true,"href":"https:\/\/www.diarioimagen.net\/index.php?rest_route=%2Fwp%2Fv2%2Fcomments&post=518305"}],"version-history":[{"count":0,"href":"https:\/\/www.diarioimagen.net\/index.php?rest_route=\/wp\/v2\/posts\/518305\/revisions"}],"wp:attachment":[{"href":"https:\/\/www.diarioimagen.net\/index.php?rest_route=%2Fwp%2Fv2%2Fmedia&parent=518305"}],"wp:term":[{"taxonomy":"category","embeddable":true,"href":"https:\/\/www.diarioimagen.net\/index.php?rest_route=%2Fwp%2Fv2%2Fcategories&post=518305"},{"taxonomy":"post_tag","embeddable":true,"href":"https:\/\/www.diarioimagen.net\/index.php?rest_route=%2Fwp%2Fv2%2Ftags&post=518305"}],"curies":[{"name":"wp","href":"https:\/\/api.w.org\/{rel}","templated":true}]}}