{"id":518404,"date":"2021-08-26T00:01:57","date_gmt":"2021-08-26T05:01:57","guid":{"rendered":"https:\/\/www.diarioimagen.net\/?p=518404"},"modified":"2021-08-26T09:06:48","modified_gmt":"2021-08-26T14:06:48","slug":"entrega-el-alcalde-ariel-juarez-nuevas-instalaciones-a-bomberos-de-cuautitlan","status":"publish","type":"post","link":"https:\/\/www.diarioimagen.net\/?p=518404","title":{"rendered":"Entrega el alcalde Ariel Ju\u00e1rez nuevas instalaciones a bomberos de Cuautitl\u00e1n"},"content":{"rendered":"<p>&nbsp;<\/p>\n<ul>\n<li><strong><em>Se dignifica su importante labor<\/em><\/strong><\/li>\n<\/ul>\n<p>&nbsp;<\/p>\n<div id=\"attachment_518519\" style=\"width: 470px\" class=\"wp-caption aligncenter\"><a href=\"https:\/\/www.diarioimagen.net\/?attachment_id=518519\" rel=\"attachment wp-att-518519\"><img loading=\"lazy\" decoding=\"async\" aria-describedby=\"caption-attachment-518519\" class=\"size-full wp-image-518519\" src=\"https:\/\/www.diarioimagen.net\/wp-content\/uploads\/2021\/08\/cuautitlan-10.jpg\" alt=\"\" width=\"460\" height=\"355\" \/><\/a><p id=\"caption-attachment-518519\" class=\"wp-caption-text\">El alcalde Ariel Ju\u00e1rez Rodr\u00edguez hizo entrega de las instalaciones reci\u00e9n remodeladas en su primera etapa, espacio que ya era necesario para dignificar la noble labor de los bomberos.<\/p><\/div>\n<p>&nbsp;<\/p>\n<p><strong>Cuautitl\u00e1n, Estado de M\u00e9xico<\/strong>.- Con la entrega de las nuevas instalaciones para los Bomberos de Cuautitl\u00e1n, se dignifica su importante labor que realizan en beneficio de la ciudadan\u00eda, recalc\u00f3 Ariel Ju\u00e1rez Rodr\u00edguez, presidente municipal durante el corte inaugural del edificio que albergar\u00e1 a la corporaci\u00f3n.<\/p>\n<p>En el marco del D\u00eda Nacional del Bombero, Ju\u00e1rez Rodr\u00edguez, hizo entrega de las instalaciones reci\u00e9n remodeladas en su primera etapa, espacio que ya era necesario para dignificar la noble labor de los \u201ch\u00e9roes de carne y hueso\u201d y para eficientar la atenci\u00f3n a la ciudadan\u00eda, recalc\u00f3 ante los elementos de la corporaci\u00f3n.<\/p>\n<p>Ubicada en un sitio estrat\u00e9gico en la colonia Loma Bonita, sobre la carretera Tlalnepantla-Cuautitl\u00e1n, las nuevas instalaciones, acercan los servicios de emergencia dentro de la localidad y en apoyo a los municipios vecinos, como lo han venido realizando desde el inicio de la administraci\u00f3n, aun cuando se empez\u00f3 con equipos en malas condiciones y la falta de ambulancias y unidades, destac\u00f3 el alcalde.<\/p>\n<p>Durante el pase de lista al personal, se record\u00f3 a los elementos fallecidos en los \u00faltimos meses, sin embargo, al ser ellos el primer respondiente a los llamados de emergencia a\u00fan con la pandemia, han continuado dando atenci\u00f3n ante cualquier eventualidad como los recientes incendios o las inundaciones en otros municipios del Valle de M\u00e9xico.<\/p>\n<p>Las nuevas instalaciones cuentan con dormitorios, salidas de emergencia, espacios de esparcimiento, remodelaci\u00f3n en fachadas y muros, adem\u00e1s se tiene proyectado la construcci\u00f3n de accesos vehiculares y ampliaci\u00f3n de las instalaciones en su segunda etapa, de acuerdo al proyecto de obra.<\/p>\n<p>El coordinador de Protecci\u00f3n Civil y Bomberos, al reconocer el trabajo diario y esfuerzo de todo su personal ante las dif\u00edciles situaciones, pidi\u00f3 un minuto de aplausos por los bomberos y param\u00e9dicos que han ca\u00eddo y al mismo tiempo los invit\u00f3 a redoblar esfuerzos en sus labores.<\/p>\n","protected":false},"excerpt":{"rendered":"<p>Con la entrega de las nuevas instalaciones para los Bomberos de Cuautitl\u00e1n, se dignifica su importante labor que realizan en beneficio de la ciudadan\u00eda, recalc\u00f3 Ariel Ju\u00e1rez Rodr\u00edguez, presidente municipal durante el corte inaugural del edificio que albergar\u00e1 a la corporaci\u00f3n.<\/p>\n","protected":false},"author":3,"featured_media":518519,"comment_status":"open","ping_status":"open","sticky":false,"template":"","format":"standard","meta":{"_monsterinsights_skip_tracking":false,"_monsterinsights_sitenote_active":false,"_monsterinsights_sitenote_note":"","_monsterinsights_sitenote_category":0,"footnotes":""},"categories":[5],"tags":[58,681,43675],"class_list":["post-518404","post","type-post","status-publish","format-standard","has-post-thumbnail","hentry","category-estado-de-mexico","tag-bomberos","tag-cuautitlan","tag-estado-de-mexico"],"_links":{"self":[{"href":"https:\/\/www.diarioimagen.net\/index.php?rest_route=\/wp\/v2\/posts\/518404","targetHints":{"allow":["GET"]}}],"collection":[{"href":"https:\/\/www.diarioimagen.net\/index.php?rest_route=\/wp\/v2\/posts"}],"about":[{"href":"https:\/\/www.diarioimagen.net\/index.php?rest_route=\/wp\/v2\/types\/post"}],"author":[{"embeddable":true,"href":"https:\/\/www.diarioimagen.net\/index.php?rest_route=\/wp\/v2\/users\/3"}],"replies":[{"embeddable":true,"href":"https:\/\/www.diarioimagen.net\/index.php?rest_route=%2Fwp%2Fv2%2Fcomments&post=518404"}],"version-history":[{"count":0,"href":"https:\/\/www.diarioimagen.net\/index.php?rest_route=\/wp\/v2\/posts\/518404\/revisions"}],"wp:featuredmedia":[{"embeddable":true,"href":"https:\/\/www.diarioimagen.net\/index.php?rest_route=\/wp\/v2\/media\/518519"}],"wp:attachment":[{"href":"https:\/\/www.diarioimagen.net\/index.php?rest_route=%2Fwp%2Fv2%2Fmedia&parent=518404"}],"wp:term":[{"taxonomy":"category","embeddable":true,"href":"https:\/\/www.diarioimagen.net\/index.php?rest_route=%2Fwp%2Fv2%2Fcategories&post=518404"},{"taxonomy":"post_tag","embeddable":true,"href":"https:\/\/www.diarioimagen.net\/index.php?rest_route=%2Fwp%2Fv2%2Ftags&post=518404"}],"curies":[{"name":"wp","href":"https:\/\/api.w.org\/{rel}","templated":true}]}}