{"id":518590,"date":"2021-08-27T00:01:10","date_gmt":"2021-08-27T05:01:10","guid":{"rendered":"https:\/\/www.diarioimagen.net\/?p=518590"},"modified":"2021-08-30T03:07:46","modified_gmt":"2021-08-30T08:07:46","slug":"don-terquitas-de-palacio","status":"publish","type":"post","link":"https:\/\/www.diarioimagen.net\/?p=518590","title":{"rendered":"<em>Don terquitas<\/em> de Palacio"},"content":{"rendered":"<h2>De pe a pa<\/h2>\n<h5>Alberto Vieyra G.<\/h5>\n<p>&nbsp;<\/p>\n<p>Todos los sabios en econom\u00eda y ciencia pol\u00edtica le dicen al Presidente que no se puede apoderar de las reservas del Banco de M\u00e9xico porque la Constituci\u00f3n se lo impide, pero <em>don terquitas de Palacio<\/em> dice que s\u00ed, y requete s\u00ed se puede y que los que no est\u00e9n de acuerdo, pues simplemente son unos neoliberales y h\u00e1ganle como quieran.<\/p>\n<p>En el fondo de este asunto est\u00e1 la predilecci\u00f3n por lo extralegal o inconstitucional del Presidente y su defecto del orgullo que aderezado con el poder se ha convertido en la Ley de Herodes\u2026<\/p>\n<p>La terquedad de AMLO no tiene l\u00edmites y bueno ser\u00eda recordarle el significado de ese t\u00e9rmino de acuerdo con el <em>tumbaburros<\/em> de la Real Academia Espa\u00f1ola: <strong>Terco<\/strong> es la persona que se mantiene firme e inamovible en su actitud, aunque se le den razones en contra o se le intente convencer para hacer otra cosa.<\/p>\n<p>Mi muy querido maestro Carlos Mar\u00edn, en <em>Milenio,<\/em> escribi\u00f3 el mi\u00e9rcoles una muy respetada columna en la que deja muy claro por qu\u00e9 AMLO no puede disponer de los dineros del Banco de M\u00e9xico. Por su importancia la reproduzco tal cual.<\/p>\n<p>\u201cPor m\u00e1s atractivo que parezca, utilizar las reservas internacionales para pagar deuda es ilusorio: la Constituci\u00f3n mandata que \u201cninguna autoridad podr\u00e1 ordenar\u201d al Banco de M\u00e9xico \u201cconceder financiamiento\u201d (Art\u00edculo 28). El recordatorio procede ante la confusi\u00f3n persistente y la insistencia presidencial de ayer: \u201cSe est\u00e1 haciendo una gesti\u00f3n, un tr\u00e1mite con las autoridades del Banco de M\u00e9xico para que esos fondos se utilicen para pagar deuda; que todos los fondos se utilicen con esos prop\u00f3sitos\u2026\u201d, dijo refiri\u00e9ndose al equivalente a 12 mil millones de d\u00f3lares por derechos especiales de giro que asign\u00f3 a nuestro pa\u00eds el Fondo Monetario Internacional.<\/p>\n<p>Aunque le provoc\u00f3 una injusta descalificaci\u00f3n, el subgobernador del banco, Gerardo Esquivel, tuvo raz\u00f3n al tuitear el 11 de agosto: \u201cLos derechos especiales de giro no son una moneda, son un activo de reserva internacional. En M\u00e9xico, por mandato de ley, los activos de reserva internacional no se pueden usar para pagar deuda\u201d. Esa ma\u00f1ana el presidente L\u00f3pez Obrador hab\u00eda dicho: \u201cPodr\u00edamos utilizar esos recursos para pagar deuda por anticipado\u2026\u201d. Dos d\u00edas despu\u00e9s del sainete, el gobernador del Banxico, Alejandro D\u00edaz de Le\u00f3n, declar\u00f3 lo que en medios se interpret\u00f3 como la factibilidad de la pretensi\u00f3n de AMLO, pero no son un activo que se contabiliza como reserva internacional.<\/p>\n<p>Toda moneda extranjera que el gobierno federal puede obtener del banco central se compra\u201d. Sin embargo, L\u00f3pez Obrador volvi\u00f3 al tema el 18 de agosto: \u201cNos ahorramos intereses. Estaba viendo a Gerardo Esquivel, que ya se volvi\u00f3 ultratecn\u00f3crata, diciendo \u2018no se puede lo que plantea el Presidente\u2019. No se puede porque no se quiere, porque, con todo respeto, son muy cuadrados. Que se utilice ese dinero para pagar deuda.<\/p>\n<p>Se va a hacer el planteamiento formal al Banxico para que se beneficie la hacienda p\u00fablica, al pueblo\u2026\u201d Lejos de engancharse con quien por muchos a\u00f1os ha simpatizado, el aludido tuite\u00f3: En democracia, el disenso no siempre es confrontaci\u00f3n. La deliberaci\u00f3n p\u00fablica siempre ser\u00e1 bienvenida. Ante la confusi\u00f3n y mi ignorancia recurr\u00ed a mi compa\u00f1ero de p\u00e1ginas, Jes\u00fas Rangel, cuyo conocimiento de los asuntos econ\u00f3micos y financieros me apantalla. Est\u00e1 claro que las reservas no pueden utilizarse para fines distintos a los encomendados al Banxico, instituci\u00f3n aut\u00f3noma del Estado e independiente del gobierno, cuya misi\u00f3n constitucional es \u201cprocurar la estabilidad del poder adquisitivo de la moneda nacional\u201d.<\/p>\n<p>Las reservas no pueden gastarse como el gobierno quiera. En todo caso la Secretar\u00eda de Hacienda, a trav\u00e9s de la Tesorer\u00eda de la Federaci\u00f3n, puede comprar con pesos el monto que quiera, pero ateni\u00e9ndose a los precios del mercado. La deuda persistir\u00eda y el gobierno tendr\u00eda que emitir bonos de largo plazo para capotearla, pero ya no en d\u00f3lares (euros o la divisa que fuera), sino en pesos mexicanos. Como sea, la operaci\u00f3n no parece muy, muy provechosa que digamos\u201d.<\/p>\n<p><a href=\"mailto:info@agenciamn.com\" target=\"_blank\" rel=\"noopener noreferrer\"><em>info@agenciamn.com<\/em><\/a><\/p>\n","protected":false},"excerpt":{"rendered":"<p><span style=\"color: #005497;\"><strong>Alberto Vieyra G.<\/strong><\/span><\/p>\n","protected":false},"author":3,"featured_media":0,"comment_status":"open","ping_status":"open","sticky":false,"template":"","format":"standard","meta":{"_monsterinsights_skip_tracking":false,"_monsterinsights_sitenote_active":false,"_monsterinsights_sitenote_note":"","_monsterinsights_sitenote_category":0,"footnotes":""},"categories":[4596],"tags":[43697,4597,43674],"class_list":["post-518590","post","type-post","status-publish","format-standard","hentry","category-alberto-vieyra-g","tag-alberto-vieyra-g","tag-de-pe-a-pa","tag-opinion"],"_links":{"self":[{"href":"https:\/\/www.diarioimagen.net\/index.php?rest_route=\/wp\/v2\/posts\/518590","targetHints":{"allow":["GET"]}}],"collection":[{"href":"https:\/\/www.diarioimagen.net\/index.php?rest_route=\/wp\/v2\/posts"}],"about":[{"href":"https:\/\/www.diarioimagen.net\/index.php?rest_route=\/wp\/v2\/types\/post"}],"author":[{"embeddable":true,"href":"https:\/\/www.diarioimagen.net\/index.php?rest_route=\/wp\/v2\/users\/3"}],"replies":[{"embeddable":true,"href":"https:\/\/www.diarioimagen.net\/index.php?rest_route=%2Fwp%2Fv2%2Fcomments&post=518590"}],"version-history":[{"count":0,"href":"https:\/\/www.diarioimagen.net\/index.php?rest_route=\/wp\/v2\/posts\/518590\/revisions"}],"wp:attachment":[{"href":"https:\/\/www.diarioimagen.net\/index.php?rest_route=%2Fwp%2Fv2%2Fmedia&parent=518590"}],"wp:term":[{"taxonomy":"category","embeddable":true,"href":"https:\/\/www.diarioimagen.net\/index.php?rest_route=%2Fwp%2Fv2%2Fcategories&post=518590"},{"taxonomy":"post_tag","embeddable":true,"href":"https:\/\/www.diarioimagen.net\/index.php?rest_route=%2Fwp%2Fv2%2Ftags&post=518590"}],"curies":[{"name":"wp","href":"https:\/\/api.w.org\/{rel}","templated":true}]}}