{"id":518600,"date":"2021-08-27T00:05:56","date_gmt":"2021-08-27T05:05:56","guid":{"rendered":"https:\/\/www.diarioimagen.net\/?p=518600"},"modified":"2021-08-27T05:58:30","modified_gmt":"2021-08-27T10:58:30","slug":"le-gustan-las-bromas","status":"publish","type":"post","link":"https:\/\/www.diarioimagen.net\/?p=518600","title":{"rendered":"\u00bfLe gustan las bromas?"},"content":{"rendered":"<h2>Perfil de M\u00e9xico<\/h2>\n<h5>Armando R\u00edos Ruiz<\/h5>\n<p>&nbsp;<\/p>\n<p>\u00bfSe acuerdan de Ernesto Zedillo? Cuando era Presidente gustaba de hacer bromas. Pero todas le resultaban desangeladas. No ten\u00eda ingenio, gracia o simplemente talento para la comedia. Seguramente, sus acompa\u00f1antes, conocedores de esta faceta, ensayaban antes para que la risa que expresaban saliera m\u00e1s o menos natural.<\/p>\n<p>Otros pol\u00edticos no necesitan mucho para armar de inmediato un escenario mental visiblemente chistoso. Porfirio Mu\u00f1oz Ledo es poseedor de esa chispa que lo hace inventar a la velocidad de la luz, cosas bastante simp\u00e1ticas. Siempre tiene una expresi\u00f3n graciosa de los eventos a los que acude. Me ha tocado escucharlo infinidad de ocasiones.<\/p>\n<p>El actual mandatario es tambi\u00e9n proclive a inventar lo que quisiera ser un chiste. Tal vez lo sea para sus simpatizantes, capaces de festejarle hasta una mentada como si fuera la expresi\u00f3n m\u00e1s festiva. La verdad es que tampoco se le da. Est\u00e1 bastante lejos de ser creativo y lo que dice de manera chusca, s\u00f3lo aporta para la cr\u00edtica. Al fin es un hombre p\u00fablico.<\/p>\n<p>Cervantes dijo una vez que hacer re\u00edr es obra de grandes ingenios. No cualquiera lo tiene. Por lo tanto, muchos, los pol\u00edticos principalmente, deber\u00edan abstenerse, porque corren el riesgo de que les publiquen lo que luego se convierte en verdaderas necedades. Muchas veces hasta ofensivas, como ocurre hoy en d\u00eda. Aunque hoy, la finalidad no parece hacer re\u00edr, sino insultar.<\/p>\n<p>Pero hasta en eso falla. Acaba de \u201cbromear\u201d con la ocurrencia de que para 2024, a\u00f1o de elecci\u00f3n presidencial, el \u201cbloque conservador\u201d deber\u00eda tener como candidatos a \u201cpuras fin\u00edsimas personas\u201d. Mencion\u00f3 como ejemplos a los periodistas Carlos Loret de Mola y a Joaqu\u00edn L\u00f3pez-Doriga.<\/p>\n<p>Se not\u00f3 a leguas que cit\u00f3 los nombres de las personas que no son de su agrado ni para mencionarlos. Pero para el ejemplo, era forzoso pronunciar sus patron\u00edmicos. Mencion\u00f3 al dirigente de Coparmex, acusado antes de estar dedicado a fabricar complots, Movimientos subversivos en su contra y otras suposiciones, que fueron debidamente contestadas en su momento.<\/p>\n<p>Pero la respuesta de L\u00f3pez-D\u00f3riga no se hizo esperar. Era forzosa, cuando quien profiere semejante gracejada es demasiado fr\u00e1gil.<\/p>\n<p>Cuando habla de historia, la disciplina que supuestamente domina, es cuando resulta chistoso por todas las barbaridades que dice. Una ocasi\u00f3n, por recordar una de tantas, sostuvo que hace 10 mil a\u00f1os, cuando en Estados Unidos apenas hab\u00eda b\u00fafalos en sus praderas, en M\u00e9xico ya hab\u00eda universidades e imprentas. Pero el animal es de \u00c1frica y de Asia. En Am\u00e9rica se da el bisonte.<\/p>\n<p>No era broma. Lo dijo en serio. En un art\u00edculo que publiqu\u00e9 en <em>Excelsior<\/em>, se\u00f1al\u00e9 que adem\u00e1s, en una de esas universidades habr\u00eda estudiado el hombre de Tepexpan y que seguramente era periodista que utilizaba las imprentas de la \u00e9poca, pero sin coincidir, ya que fue inventada por Gutenberg en el a\u00f1o 1440, de acuerdo con datos aportados por los historiadores y registros del momento.<\/p>\n<p>Joaqu\u00edn L\u00f3pez-D\u00f3riga le respondi\u00f3 que es en su gobierno en donde est\u00e1n las fin\u00edsimas personas. Como Cuitl\u00e1huac Garc\u00eda, gobernador de Veracruz, que ve volar tranv\u00edas de M\u00e9xico a Toluca (lo \u00faltimo es de un servidor). Ah\u00ed est\u00e1 otro: Gerardo Fern\u00e1ndez Noro\u00f1a, a quien por cierto, denominan en el gremio de la comunicaci\u00f3n como Gerardo Fern\u00e1ndez <em>La Ro\u00f1a<\/em>, debido a lo infinitamente corriente de su personalidad. \u201cTanto, que da toques\u201d, dicen los periodistas.<\/p>\n<p>Le mencion\u00f3 a Ren\u00e9 Bejarano, conocido como <em>El se\u00f1or de las ligas<\/em>. Al diputado Huerta que a\u00fan ostenta el cargo y a muchos m\u00e1s. Si algo sobra en este sexenio son precisamente las fin\u00edsimas personas. Pero nuestro Presidente no tiene una mente iluminada que le permita pensar para hacer. Es totalmente al rev\u00e9s: siempre hace para pensar. Aunque eso de pensar, no podr\u00eda demostrarlo nadie. Ni siquiera sus <em>aml\u00f3vers<\/em>.<\/p>\n<p>Pero hay que reconocer que gracias a \u00e9l, siempre hay temas para escribir.<\/p>\n<p><a href=\"mailto:ariosruiz@gmail.com\" target=\"_blank\" rel=\"noopener noreferrer\"><em>ariosruiz@gmail.com<\/em><\/a><\/p>\n","protected":false},"excerpt":{"rendered":"<p><span style=\"color: #005497;\"><strong>Armando R\u00edos Ruiz<\/strong><\/span><\/p>\n","protected":false},"author":3,"featured_media":0,"comment_status":"open","ping_status":"open","sticky":false,"template":"","format":"standard","meta":{"_monsterinsights_skip_tracking":false,"_monsterinsights_sitenote_active":false,"_monsterinsights_sitenote_note":"","_monsterinsights_sitenote_category":0,"footnotes":""},"categories":[88405],"tags":[88407,43674,91193],"class_list":["post-518600","post","type-post","status-publish","format-standard","hentry","category-armando-rios-ruiz","tag-armando-rios-ruiz","tag-opinion","tag-perfil-de-mexico"],"_links":{"self":[{"href":"https:\/\/www.diarioimagen.net\/index.php?rest_route=\/wp\/v2\/posts\/518600","targetHints":{"allow":["GET"]}}],"collection":[{"href":"https:\/\/www.diarioimagen.net\/index.php?rest_route=\/wp\/v2\/posts"}],"about":[{"href":"https:\/\/www.diarioimagen.net\/index.php?rest_route=\/wp\/v2\/types\/post"}],"author":[{"embeddable":true,"href":"https:\/\/www.diarioimagen.net\/index.php?rest_route=\/wp\/v2\/users\/3"}],"replies":[{"embeddable":true,"href":"https:\/\/www.diarioimagen.net\/index.php?rest_route=%2Fwp%2Fv2%2Fcomments&post=518600"}],"version-history":[{"count":0,"href":"https:\/\/www.diarioimagen.net\/index.php?rest_route=\/wp\/v2\/posts\/518600\/revisions"}],"wp:attachment":[{"href":"https:\/\/www.diarioimagen.net\/index.php?rest_route=%2Fwp%2Fv2%2Fmedia&parent=518600"}],"wp:term":[{"taxonomy":"category","embeddable":true,"href":"https:\/\/www.diarioimagen.net\/index.php?rest_route=%2Fwp%2Fv2%2Fcategories&post=518600"},{"taxonomy":"post_tag","embeddable":true,"href":"https:\/\/www.diarioimagen.net\/index.php?rest_route=%2Fwp%2Fv2%2Ftags&post=518600"}],"curies":[{"name":"wp","href":"https:\/\/api.w.org\/{rel}","templated":true}]}}