{"id":518606,"date":"2021-08-27T00:03:54","date_gmt":"2021-08-27T05:03:54","guid":{"rendered":"https:\/\/www.diarioimagen.net\/?p=518606"},"modified":"2021-08-30T03:14:44","modified_gmt":"2021-08-30T08:14:44","slug":"hechos-no-palabras-o-al-reves","status":"publish","type":"post","link":"https:\/\/www.diarioimagen.net\/?p=518606","title":{"rendered":"\u201cHechos, no palabras\u201d o al rev\u00e9s"},"content":{"rendered":"<h2>Espacio Electoral<\/h2>\n<h5>Eleazar Flores<\/h5>\n<p>&nbsp;<\/p>\n<p><strong>SPOTIZA-.<\/strong> Una semana antes del informe presidencial tenemos que resignarnos a escuchar los logros que dice el Presidente haber logrado en el \u00faltimo a\u00f1o de su sexenio.<\/p>\n<p>Conste que de informes vamos en el d\u00e9cimo, pues antes de las elecciones del 6 de junio dio el \u00faltimo, infringiendo la ley por lo que el Tribunal Electoral del Poder Judicial de la Federaci\u00f3n lo sancion\u00f3, ignor\u00e1ndose el monto de la multa.<\/p>\n<p>Pero el tema de hoy son las diez o m\u00e1s versiones de los spots que voluntariamente a fuerzas\u00a0 tendremos que escuchar de ayer hasta el uno de septiembre, con el infaltable remate de \u201chechos no palabras\u201d.<\/p>\n<p>Eso s\u00ed, para sus anuncios el presidente Andr\u00e9s Manuel L\u00f3pez Obrador es mano, pues sus creativos de siempre elaboran contenidos de f\u00e1cil asimilaci\u00f3n para todo tipo de auditorios, ahora de que la verdad impere en esos contenidos es otra cosa muy diferente.<\/p>\n<p>Algo parecido a lo que dicen, hacen y difunden todos los partidos pol\u00edticos sin excepci\u00f3n, presumiendo ser los inventores y celosos guardianes de la democracia, transparencia, rendici\u00f3n de cuentas y muchas linduras m\u00e1s y ya ve que su realidad y comportamiento son distintos, casi antag\u00f3nicos a su ret\u00f3rica.<\/p>\n<p>Abundan ejemplos de \u201chechos no palabras\u201d y para mayor precisi\u00f3n ser\u00eda mejor invertir los sustantivos dejando el adverbio en su lugar<\/p>\n<p>Por ejemplo, cuando el padre de la Cuarta Transformaci\u00f3n presume medicinas gratuitas para todos, vienen a la memoria los afligidos rostros de madres y padres de familia de ni\u00f1os con c\u00e1ncer que llevan meses en espera de medicamentos, no obstante la promesa gubernamental de que \u201cya llegaron\u201d.<\/p>\n<p>La negativa de datos oficiales que dan cifras m\u00e1s altas de fallecimientos por coronavirus, bajo el sobado recurso de que \u201cyo tengo otros datos\u201d, con cuya afirmaci\u00f3n el mandatario descalifica el trabajo de lo m\u00e1s serio que tenemos que es el Inegi, cuyos estudios de campo requieren de tiempo y esfuerzo de su personal.<\/p>\n<p>En cuanto a la diferencia entre los millones de vacunas llegadas al pa\u00eds y la diferencia con las aplicadas, tampoco se aborda en los spots previos al informe presidencial.<\/p>\n<p>De acuerdo al seguimiento que sobre el particular dan algunos medios y periodistas, se ignora el paradero de cuando menos 10 millones de vacunas y es la hora que no hay respuesta oficial sobre el tema.<\/p>\n<p>Dada la gran sensibilidad gubernamental para despejar dudas nos quedaremos con las ganas de conocer datos reales de lo aqu\u00ed escrito, a cambio de que el primero de septiembre escucharemos \u201cotros datos\u201d, como la promesa de pronto vivir como en Australia, Suiza y mucho pa\u00edses m\u00e1s con los que nos ha comparado el presidente.<\/p>\n<p><em><a href=\"mailto:elefa44@gmail.com\" target=\"_blank\" rel=\"noopener noreferrer\">elefa44@gmail.com<\/a><\/em><\/p>\n","protected":false},"excerpt":{"rendered":"<p><span style=\"color: #005497;\"><strong>Eleazar Flores<\/strong><\/span><\/p>\n","protected":false},"author":3,"featured_media":0,"comment_status":"open","ping_status":"open","sticky":false,"template":"","format":"standard","meta":{"_monsterinsights_skip_tracking":false,"_monsterinsights_sitenote_active":false,"_monsterinsights_sitenote_note":"","_monsterinsights_sitenote_category":0,"footnotes":""},"categories":[81743],"tags":[81744,81776,43674],"class_list":["post-518606","post","type-post","status-publish","format-standard","hentry","category-eleazar-flores","tag-eleazar-flores","tag-espacio-electoral","tag-opinion"],"_links":{"self":[{"href":"https:\/\/www.diarioimagen.net\/index.php?rest_route=\/wp\/v2\/posts\/518606","targetHints":{"allow":["GET"]}}],"collection":[{"href":"https:\/\/www.diarioimagen.net\/index.php?rest_route=\/wp\/v2\/posts"}],"about":[{"href":"https:\/\/www.diarioimagen.net\/index.php?rest_route=\/wp\/v2\/types\/post"}],"author":[{"embeddable":true,"href":"https:\/\/www.diarioimagen.net\/index.php?rest_route=\/wp\/v2\/users\/3"}],"replies":[{"embeddable":true,"href":"https:\/\/www.diarioimagen.net\/index.php?rest_route=%2Fwp%2Fv2%2Fcomments&post=518606"}],"version-history":[{"count":0,"href":"https:\/\/www.diarioimagen.net\/index.php?rest_route=\/wp\/v2\/posts\/518606\/revisions"}],"wp:attachment":[{"href":"https:\/\/www.diarioimagen.net\/index.php?rest_route=%2Fwp%2Fv2%2Fmedia&parent=518606"}],"wp:term":[{"taxonomy":"category","embeddable":true,"href":"https:\/\/www.diarioimagen.net\/index.php?rest_route=%2Fwp%2Fv2%2Fcategories&post=518606"},{"taxonomy":"post_tag","embeddable":true,"href":"https:\/\/www.diarioimagen.net\/index.php?rest_route=%2Fwp%2Fv2%2Ftags&post=518606"}],"curies":[{"name":"wp","href":"https:\/\/api.w.org\/{rel}","templated":true}]}}