{"id":518620,"date":"2021-08-27T00:12:11","date_gmt":"2021-08-27T05:12:11","guid":{"rendered":"https:\/\/www.diarioimagen.net\/?p=518620"},"modified":"2021-08-27T06:17:43","modified_gmt":"2021-08-27T11:17:43","slug":"amlo-designa-a-adan-augusto-lopez-como-nuevo-florero-en-gobernacion","status":"publish","type":"post","link":"https:\/\/www.diarioimagen.net\/?p=518620","title":{"rendered":"AMLO designa a Ad\u00e1n Augusto L\u00f3pez como nuevo <em>florero<\/em> en Gobernaci\u00f3n"},"content":{"rendered":"<h2>Tras la puerta del poder<\/h2>\n<h5>Roberto Vizca\u00edno<\/h5>\n<p>&nbsp;<\/p>\n<p>Realmente no hubo sorpresa. Del regreso de la ex ministra <strong>Olga S\u00e1nchez Cordero<\/strong> al Senado se habl\u00f3 hasta la saciedad. No pasaba un mes en que no se hablara de su salida de Gobernaci\u00f3n. Ayer, creo yo para su satisfacci\u00f3n y tranquilidad personal, finalmente el Presidente le acept\u00f3 su renuncia. Gan\u00f3, porque llega al Senado como presidenta de esa c\u00e1mara. Y sabr\u00e1 que, bajo el liderazgo de <strong>Ricardo Monreal<\/strong>, tendr\u00e1 respeto y buen trato. Inclusi\u00f3n y reconocimiento digno a su pasado. Ambos son doctores en Derecho. Acceder\u00e1 a foros pol\u00edticos de alto nivel.<\/p>\n<p>De la llegada del todav\u00eda gobernador de Tabasco <strong>Ad\u00e1n Augusto L\u00f3pez<\/strong> a relevarla en Bucareli, no hay mucho tampoco que decir.<\/p>\n<p>Con un Presidente tan absorbente e individualista, egoc\u00e9ntrico, absolutista como <strong>Andr\u00e9s Manuel L\u00f3pez Obrador<\/strong> como su jefe, el pol\u00edtico tabasque\u00f1o s\u00f3lo ser\u00e1 s\u00f3lo un \u201cflorero\u201d m\u00e1s en el patio que gobierna <strong>AMLO<\/strong>.<\/p>\n<p>Y es que si algo nos ha dejado en claro en estos tres a\u00f1os el de Macuspana es que, quien ejerce realmente todas las carteras, es \u00e9l. Los dem\u00e1s s\u00f3lo firman documentos ordenados por \u00e9l desde Palacio y transcurren como \u201cfloreros\u201d.<\/p>\n<p>Hasta hoy ha habido dentro de su gabinete 11 cambios de titulares entre remociones, renuncias y enroques, \u00bfha notado Usted alg\u00fan cambio en pol\u00edticas y programas o conducci\u00f3n de Gobierno?<\/p>\n<p>\u00bfNo?<\/p>\n<p>Pues tampoco ahora lo habr\u00e1.<\/p>\n<p>El que <strong>Ad\u00e1n Augusto L\u00f3pez<\/strong> sea su amigo, su ahijado, su pariente, tabasque\u00f1o como \u00e9l, no significar\u00e1 nada. Al final quien dir\u00e1 lo que se hace o no en Gobernaci\u00f3n es <strong>L\u00f3pez Obrador<\/strong>.\u00a0 Sin duda, este otro <strong>L\u00f3pez<\/strong> pronto extra\u00f1ar\u00e1 su chamba como gobernador.<\/p>\n<p>Claro, igual podr\u00eda ser promovido como una opci\u00f3n de <strong>Clara Sheinbaum<\/strong> y\/o <strong>Marcelo Ebrard<\/strong> para 2024. Pero eso es hoy apenas un sue\u00f1o. Como andan las cosas hoy para <strong>AMLO<\/strong> pudiera ser. Una locura m\u00e1s es posible.<\/p>\n<p style=\"text-align: center;\"><strong>Raspones y atropellos<\/strong><\/p>\n<p>Hacia la media tarde de ayer, luego de que en redes sociales y luego en medios se diera la noticia de la salida de <strong>S\u00e1nchez Cordero<\/strong> de Gobernaci\u00f3n y de la llegada de <strong>Ad\u00e1n Augusto L\u00f3pez<\/strong> a Bucareli, la salida apresurada de <strong>Ricardo Monreal <\/strong>a darle la bienvenida al Senado dej\u00f3 en claro que el golpe de <strong>AMLO <\/strong>hab\u00eda sido ejecutado en lo que en mi barrio bajo se conoce como \u201cal chilazo\u201d.<\/p>\n<p>Todav\u00eda a mediod\u00eda, la ex ministra acudi\u00f3 a un evento p\u00fablico en Los Pinos como titular de Gobernaci\u00f3n. A su llegada nada dec\u00eda que fuese a ser removida del cargo. Las cr\u00f3nicas indican que de ah\u00ed sali\u00f3 a Palacio a grabar un video, donde <strong>L\u00f3pez Obrador<\/strong> le da las gracias y a conocer que el gobernador de Tabasco la iba a sustituir.<\/p>\n<p>Todo lo dem\u00e1s fue una vor\u00e1gine: <strong>Monreal<\/strong>, con su enorme experiencia, se movi\u00f3 de rayo y habl\u00f3 con sus compa\u00f1eras morenistas, <strong>Ana Lilia Rivera<\/strong>, <strong>Freyda Marybel Villegas<\/strong>, <strong>Imelda Castro<\/strong> y <strong>Bertha Caraveo<\/strong> para lograr que renunciaran a su muy leg\u00edtima y v\u00e1lida aspiraci\u00f3n para dirigir el Senado y poder recibir a <strong>S\u00e1nchez Cordero<\/strong> con ese cargo.<\/p>\n<p>Todo adem\u00e1s con sonrisas y buena actitud.\u00a0 Sin duda todas ellas saben que una decisi\u00f3n apresurada de Palacio las atropell\u00f3.<\/p>\n<p>Si hubiese sido la salida de <strong>S\u00e1nchez Cordero<\/strong> de Gobernaci\u00f3n una decisi\u00f3n meditada, pausada, digna por parte de <strong>AMLO<\/strong>, no hubiera provocado tantos raspones. Desde mucho antes se le hubiera guardado la presidencia del Senado sin emocionar y luego da\u00f1ar a otras legisladoras.<\/p>\n<p>Pero, bueno, \u00e9l es lo que es y en eso s\u00f3lo hay ratificaci\u00f3n de dichos, decisiones y hechos. El Olmo no da peras.<\/p>\n<p>As\u00ed, <strong>Olga S\u00e1nchez Cordero<\/strong> llega al Senado como deshecho, un cachivache m\u00e1s de <strong>AMLO<\/strong>, no como una estrategia para golpear a <strong>Monreal<\/strong>. No, por ah\u00ed no va su regreso.<\/p>\n<p><em><a href=\"mailto:rvizcainoa@gmail.com\" target=\"_blank\" rel=\"noopener noreferrer\">rvizcainoa@gmail.com<\/a><br \/>\n<a href=\"http:\/\/endirecto.mx\" target=\"_blank\" rel=\"noopener noreferrer\">www.endirecto.mx<\/a><br \/>\n<a href=\"https:\/\/twitter.com\/_rvizcaino\" target=\"_blank\" rel=\"noopener noreferrer\">@_RVizcaino<\/a><br \/>\n<a href=\"https:\/\/www.facebook.com\/rvizcainoa\" target=\"_blank\" rel=\"noopener noreferrer\">facebook.com\/rvizcainoa<\/a><\/em><\/p>\n","protected":false},"excerpt":{"rendered":"<p><span style=\"color: #005497;\"><strong>Roberto Vizca\u00edno<\/strong><\/span><br \/>\n<br \/>\nRealmente no hubo sorpresa. Del regreso de la ex ministra <strong>Olga S\u00e1nchez Cordero<\/strong> al Senado se habl\u00f3 hasta la saciedad. No pasaba un mes en que no se hablara de su salida de Gobernaci\u00f3n.<\/p>\n","protected":false},"author":3,"featured_media":0,"comment_status":"open","ping_status":"open","sticky":false,"template":"","format":"standard","meta":{"_monsterinsights_skip_tracking":false,"_monsterinsights_sitenote_active":false,"_monsterinsights_sitenote_note":"","_monsterinsights_sitenote_category":0,"footnotes":""},"categories":[136],"tags":[43674,93,94],"class_list":["post-518620","post","type-post","status-publish","format-standard","hentry","category-roberto-vizcaino-opinion","tag-opinion","tag-roberto-vizcaino","tag-tras-la-puerta-del-poder"],"_links":{"self":[{"href":"https:\/\/www.diarioimagen.net\/index.php?rest_route=\/wp\/v2\/posts\/518620","targetHints":{"allow":["GET"]}}],"collection":[{"href":"https:\/\/www.diarioimagen.net\/index.php?rest_route=\/wp\/v2\/posts"}],"about":[{"href":"https:\/\/www.diarioimagen.net\/index.php?rest_route=\/wp\/v2\/types\/post"}],"author":[{"embeddable":true,"href":"https:\/\/www.diarioimagen.net\/index.php?rest_route=\/wp\/v2\/users\/3"}],"replies":[{"embeddable":true,"href":"https:\/\/www.diarioimagen.net\/index.php?rest_route=%2Fwp%2Fv2%2Fcomments&post=518620"}],"version-history":[{"count":0,"href":"https:\/\/www.diarioimagen.net\/index.php?rest_route=\/wp\/v2\/posts\/518620\/revisions"}],"wp:attachment":[{"href":"https:\/\/www.diarioimagen.net\/index.php?rest_route=%2Fwp%2Fv2%2Fmedia&parent=518620"}],"wp:term":[{"taxonomy":"category","embeddable":true,"href":"https:\/\/www.diarioimagen.net\/index.php?rest_route=%2Fwp%2Fv2%2Fcategories&post=518620"},{"taxonomy":"post_tag","embeddable":true,"href":"https:\/\/www.diarioimagen.net\/index.php?rest_route=%2Fwp%2Fv2%2Ftags&post=518620"}],"curies":[{"name":"wp","href":"https:\/\/api.w.org\/{rel}","templated":true}]}}