{"id":518730,"date":"2021-08-30T00:01:53","date_gmt":"2021-08-30T05:01:53","guid":{"rendered":"https:\/\/www.diarioimagen.net\/?p=518730"},"modified":"2021-08-30T05:27:25","modified_gmt":"2021-08-30T10:27:25","slug":"carnival-panorama-llego-a-mazatlan-con-mas-de-cuatro-mil-200-pasajeros","status":"publish","type":"post","link":"https:\/\/www.diarioimagen.net\/?p=518730","title":{"rendered":"<em>Carnival Panorama<\/em> lleg\u00f3 a Mazatl\u00e1n, con m\u00e1s de cuatro mil 200 pasajeros"},"content":{"rendered":"<h2>De cinco estrellas<\/h2>\n<h5>Victoria Gonz\u00e1lez Prado<\/h5>\n<p>&nbsp;<\/p>\n<ul>\n<li><strong>Air\u00a0France<\/strong><em><strong>\u00a0y su nuevo <\/strong><\/em><strong>l<\/strong><strong>ounge<\/strong><em><strong> en la terminal 2F del\u00a0aeropuerto Par\u00eds-Charles de Gaulle<\/strong><\/em><\/li>\n<li><em><strong>El grupo tur\u00edstico <\/strong><\/em><strong>P<\/strong><strong>riceTravel Holding<\/strong><em><strong>, reporta crecimiento de doble d\u00edgito en ventas<\/strong><\/em><\/li>\n<li><em><strong>La aerol\u00ednea guatemalteca <\/strong><\/em><strong>TAG Airlines<\/strong><em><strong> inaugur\u00f3 vuelos a Canc\u00fan y Tapachula<\/strong><\/em><\/li>\n<li><em><strong>Marcelo Ebrard estar\u00e1 a cargo del Consejo de Diplomacia Tur\u00edstica<\/strong><\/em><\/li>\n<\/ul>\n<p>&nbsp;<\/p>\n<div id=\"attachment_518817\" style=\"width: 470px\" class=\"wp-caption aligncenter\"><a href=\"https:\/\/www.diarioimagen.net\/?attachment_id=518817\" rel=\"attachment wp-att-518817\"><img loading=\"lazy\" decoding=\"async\" aria-describedby=\"caption-attachment-518817\" class=\"size-full wp-image-518817\" src=\"https:\/\/www.diarioimagen.net\/wp-content\/uploads\/2021\/08\/turismo-12.jpg\" alt=\"\" width=\"460\" height=\"270\" \/><\/a><p id=\"caption-attachment-518817\" class=\"wp-caption-text\">El buque lleg\u00f3 a Mazatl\u00e1n.<\/p><\/div>\n<p>&nbsp;<\/p>\n<p>El crucero tur\u00edstico <em>Carnival Panorama<\/em> lleg\u00f3 a Mazatl\u00e1n, con m\u00e1s de cuatro mil 200 pasajeros que experimentaron experiencias vacacionales en el puerto, incluyendo recorridos, compras y c\u00e1lidas playas.<\/p>\n<p>Con temperatura promedio de 30 grados cent\u00edgrados y cielos despejados, la mayor\u00eda de los pasajeros reservaron previamente excursiones, mientras que otros visitaron el centro de la ciudad y el Centro Hist\u00f3rico por su cuenta, caminando o a bordo de la tradicional \u201cpulmon\u00eda\u201d, transporte t\u00edpico de Mazatl\u00e1n.<\/p>\n<p><strong>\u00d3scar P\u00e9rez Barros<\/strong>, secretario de Turismo de Sinaloa dijo: \u201cmientras organiz\u00e1bamos la llegada del Carnival Panorama hace unas semanas, nos sorprendimos gratamente al enteraros que los protocolos de sanidad tanto del crucero como los de Mazatl\u00e1n eran concordantes, as\u00ed que los pasajeros desembarcaron con fluidez, adem\u00e1s de sentirse contentos cuando les confirmamos que Mazatl\u00e1n est\u00e1 totalmente abierto, con todos los servicios funcionando. Los turistas que visiten nuestro destino pueden estar confiados que disfrutar\u00e1n vacaciones como lo hac\u00edan en tiempos \u2018normales\u2019\u201d.<\/p>\n<p>Actualmente, en Mazatl\u00e1n se renueva la avenida Playa Gaviotas ubicada en la zona Dorada y se trabaja en el nuevo Acuario Mar de Cort\u00e9s que abrir\u00e1 en las pr\u00f3ximas semanas.<\/p>\n<p>\u2730\u2730\u2730\u2730\u2730 <em>Air\u00a0France<\/em>\u00a0present\u00f3 su nuevo\u00a0<em>lounge\u00a0<\/em>ubicado en la terminal 2F del\u00a0Aeropuerto Par\u00eds-Charles de Gaulle. Invitaci\u00f3n para celebrar lo mejor de los viajes al estilo\u00a0franc\u00e9s, al llegar al aeropuerto o durante las conexiones.<\/p>\n<p>Dedicado a quienes viajan en clase\u00a0<em>Business<\/em>\u00a0y miembros <em>\u201cElite Plus\u201d<\/em> programa de\u00a0fidelidad\u00a0<em>Flying Blue<\/em><strong>\u00a0<\/strong>que viajan en vuelos del\u00a0espacio Schengen\u00a0de corta y media distancia. El lounge, es\u00a0uno de los m\u00e1s grandes de la aerol\u00ednea, con 3 mil metros\u00a0cuadrados de superficie y 570 asientos repartidos en dos niveles.<\/p>\n<p>Todo el espacio y la mayor parte del\u00a0mobiliario fueron dise\u00f1ados por la agencia\u00a0<em>Jouin Manku<\/em>, fundada por\u00a0el arquitecto canadiense<strong> Sanjit\u00a0Manku <\/strong>y el dise\u00f1ador franc\u00e9s<strong> Patrick Jouin.<\/strong>\u00a0La elecci\u00f3n de asociarse con la prestigiosa firma ilustra la tradici\u00f3n en\u00a0<em>Air\u00a0France<\/em>\u00a0de trabajar con los mejores arquitectos y dise\u00f1adores del momento,\u00a0para\u00a0continuar contando su legendaria historia.<\/p>\n<p>Cuenta con zona de tratamientos de la marca <em>Clarins<\/em> y ofrece la oportunidad de descubrir el\u00a0nuevo concepto\u00a0<em>Traveller Spa.<\/em> Tratamientos faciales personalizados, de belleza expr\u00e9s o\u00a0luminosidad, de 20 minutos.<\/p>\n<p>\u2730\u2730\u2730\u2730\u2730 El grupo tur\u00edstico P<em>riceTravel Holding<\/em>, reporta crecimiento de doble d\u00edgito en ventas durante verano y en la reservaci\u00f3n de cuartos noche para esta temporada vacacional, registra 45 por ciento de incremento, frente a la misma temporada de 2019. La estad\u00eda de los viajeros en destino, menciona que la estancia promedio es de tres noches.<\/p>\n<p>Entre los destinos nacionales preferidos por los viajeros destacan: Canc\u00fan, Riviera Nayarit, Rivera Maya, Puerto Vallarta, Playa del Carmen, Acapulco, Ciudad de M\u00e9xico, Guadalajara, M\u00e9rida, Monterrey y Quer\u00e9taro. De los destinos internacionales: Las Vegas, Punta Cana, Nueva York, Orlando y Miami.<\/p>\n<p>A lo largo de este a\u00f1o, el grupo tur\u00edstico ha consolidado distintas alianzas y acuerdos comerciales con lo que busca extender su oferta para los viajeros.<\/p>\n<p>\u2730\u2730\u2730\u2730\u2730 La aerol\u00ednea guatemalteca <em>TAG Airlines<\/em> inauguro dos vuelos que cubren las rutas Guatemala a Canc\u00fan y a Tapachula, que marcan el inici\u00f3 operaciones en M\u00e9xico.<\/p>\n<p><strong>Julio Gamero<\/strong>, CEO de la compa\u00f1\u00eda a\u00e9rea, asegur\u00f3 que las nuevas rutas unir\u00e1n a los dos pa\u00edses y permitir\u00e1n a los viajeros de placer y negocios reducir tiempos de traslado y costos.<\/p>\n<p>\u201cM\u00e9xico es un destino estrat\u00e9gico para la regi\u00f3n de Centroam\u00e9rica. Guatemala es coraz\u00f3n del Mundo Maya y ofrece una amplia diversidad de atractivos. Canc\u00fan es el principal destino tur\u00edstico de M\u00e9xico y Latinoam\u00e9rica, as\u00ed como un importante polo de atracci\u00f3n para las inversiones; mientras que Tapachula es la principal puerta de entrada de Centroam\u00e9rica a M\u00e9xico\u201d, detall\u00f3 <strong>Gamero<\/strong>.<\/p>\n<p>La ruta Guatemala-Canc\u00fan-Guatemala tiene cuatro frecuencias semanales: martes, jueves, s\u00e1bados y domingos y, Guatemala-Tapachula-Guatemala de lunes a viernes.<\/p>\n<p>\u2730\u2730\u2730\u2730\u2730 <strong>Marcelo Ebrard<\/strong><strong> Casaubon<\/strong>, titular de la Secretar\u00eda de Relaciones Exteriores (SRE), es el nuevo coordinador del Consejo de Diplomacia Tur\u00edstica (CDT), cargo que recibi\u00f3 en sesi\u00f3n ordinaria del organismo para el periodo 2021-2022<\/p>\n<p>La instrucci\u00f3n del presidente <strong>L\u00f3pez Obrador<\/strong> es apoyar, con toda la red de embajadas, consulados y representaciones, a la actividad tur\u00edstica por lo que el canciller subray\u00f3 el compromiso para asegurar el abasto y acceso universal de vacunas, lo que favorecer\u00e1 el restablecimiento de las actividades tur\u00edsticas y comerciales.<\/p>\n<p>Asimismo, record\u00f3 que el Pabell\u00f3n M\u00e9xico en Expo Dub\u00e1i 2020, ser\u00e1 espacio que posicionar\u00e1 agenda econ\u00f3mica, cultural, gastron\u00f3mica y tur\u00edstica; y las labores que se realizan para la ampliaci\u00f3n de los servicios consulares.<\/p>\n<p>El CDT es co-presidido por los titulares de las Secretar\u00edas de Turismo y Relaciones Exteriores, e integrado por representantes del sector privado y social que aportan visi\u00f3n estrat\u00e9gica al sector. Representa la instancia de opini\u00f3n y consulta para la implementaci\u00f3n de estrategias para la promoci\u00f3n e imagen de M\u00e9xico, a trav\u00e9s del cuerpo diplom\u00e1tico, en los mercados internacionales, y la definici\u00f3n de los mecanismos utilizados por las representaciones de M\u00e9xico en el exterior para colaborar con la Sectur en el desarrollo de la promoci\u00f3n tur\u00edstica del pa\u00eds.<\/p>\n<p>&nbsp;<\/p>\n<blockquote>\n<p style=\"text-align: right;\">\u201c<strong>El<\/strong> <strong>\u00e1ngel de la fama tiene sus alas hechas de papel&#8230; peri\u00f3dico\u201d.<br \/>\n<\/strong><\/p>\n<\/blockquote>\n<p>&nbsp;<\/p>\n<p><em><span class=\"Apple-converted-space\"><a href=\"mailto:victoriagprado@gmail.com\" target=\"_blank\" rel=\"noopener noreferrer\">victoriagprado@gmail.com<\/a><br \/>\nTwitter: <a href=\"https:\/\/twitter.com\/victoriagprado\" target=\"_blank\" rel=\"noopener noreferrer\">@victoriagprado<\/a><\/span><\/em><\/p>\n","protected":false},"excerpt":{"rendered":"<p>El crucero tur\u00edstico <em>Carnival Panorama<\/em> lleg\u00f3 a Mazatl\u00e1n, con m\u00e1s de cuatro mil 200 pasajeros que experimentaron experiencias vacacionales en el puerto, incluyendo recorridos, compras y c\u00e1lidas playas.<\/p>\n","protected":false},"author":3,"featured_media":518817,"comment_status":"open","ping_status":"open","sticky":false,"template":"","format":"standard","meta":{"_monsterinsights_skip_tracking":false,"_monsterinsights_sitenote_active":false,"_monsterinsights_sitenote_note":"","_monsterinsights_sitenote_category":0,"footnotes":""},"categories":[11],"tags":[107,43674,13867,106],"class_list":["post-518730","post","type-post","status-publish","format-standard","has-post-thumbnail","hentry","category-turismo","tag-de-cinco-estrellas","tag-opinion","tag-tuirismo","tag-victoria-gonzalez-prado"],"_links":{"self":[{"href":"https:\/\/www.diarioimagen.net\/index.php?rest_route=\/wp\/v2\/posts\/518730","targetHints":{"allow":["GET"]}}],"collection":[{"href":"https:\/\/www.diarioimagen.net\/index.php?rest_route=\/wp\/v2\/posts"}],"about":[{"href":"https:\/\/www.diarioimagen.net\/index.php?rest_route=\/wp\/v2\/types\/post"}],"author":[{"embeddable":true,"href":"https:\/\/www.diarioimagen.net\/index.php?rest_route=\/wp\/v2\/users\/3"}],"replies":[{"embeddable":true,"href":"https:\/\/www.diarioimagen.net\/index.php?rest_route=%2Fwp%2Fv2%2Fcomments&post=518730"}],"version-history":[{"count":0,"href":"https:\/\/www.diarioimagen.net\/index.php?rest_route=\/wp\/v2\/posts\/518730\/revisions"}],"wp:featuredmedia":[{"embeddable":true,"href":"https:\/\/www.diarioimagen.net\/index.php?rest_route=\/wp\/v2\/media\/518817"}],"wp:attachment":[{"href":"https:\/\/www.diarioimagen.net\/index.php?rest_route=%2Fwp%2Fv2%2Fmedia&parent=518730"}],"wp:term":[{"taxonomy":"category","embeddable":true,"href":"https:\/\/www.diarioimagen.net\/index.php?rest_route=%2Fwp%2Fv2%2Fcategories&post=518730"},{"taxonomy":"post_tag","embeddable":true,"href":"https:\/\/www.diarioimagen.net\/index.php?rest_route=%2Fwp%2Fv2%2Ftags&post=518730"}],"curies":[{"name":"wp","href":"https:\/\/api.w.org\/{rel}","templated":true}]}}