{"id":518741,"date":"2021-08-30T00:15:00","date_gmt":"2021-08-30T05:15:00","guid":{"rendered":"https:\/\/www.diarioimagen.net\/?p=518741"},"modified":"2021-08-30T02:49:27","modified_gmt":"2021-08-30T07:49:27","slug":"mexico-violento","status":"publish","type":"post","link":"https:\/\/www.diarioimagen.net\/?p=518741","title":{"rendered":"M\u00e9xico violento"},"content":{"rendered":"<h2>Por la Derecha..!<\/h2>\n<h5>Luis \u00c1ngel Garc\u00eda<\/h5>\n<p>&nbsp;<\/p>\n<p>Con m\u00e1s de 90 mil muertos en menos de tres a\u00f1os, M\u00e9xico ocupa uno de los peores lugares en el ranking mundial de los pa\u00edses m\u00e1s violentos. Seg\u00fan el Instituto para la Econom\u00eda y la Paz, la violencia cuesta el 23 por ciento del Producto Interno Bruto y\u00a0 el a\u00f1o pasado sufri\u00f3 un deterioro del 27 por ciento.<\/p>\n<p>Es claro que fracas\u00f3 el Plan Nacional de Paz y Seguridad 2018-2024. La pol\u00edtica de \u201cabrazos y no balazos\u201d o el acusar a los delincuentes con su mam\u00e1 o abuelita no ha funcionado y cada vez la poblaci\u00f3n sufre una mayor crueldad generada por el crimen organizado y la delincuencia com\u00fan, los que han incrementado considerablemente la incidencia delictiva de los il\u00edcitos m\u00e1s violentos.<\/p>\n<p>En la estad\u00edstica del organismo internacional, con sede en S\u00eddney, los estados con menos indicadores de paz son Yucat\u00e1n, Tlaxcala, Quer\u00e9taro, Estado de M\u00e9xico, San Luis Potos\u00ed, Michoac\u00e1n, Sonora. Guanajuato, Chihuahua y Zacatecas, entidad que m\u00e1s violencia registr\u00f3 con un incremento del 91 por ciento.<\/p>\n<p>En el pa\u00eds se cometen casi 100 homicidios dolosos diarios, los feminicidios van al alza, contrario a la narrativa oficial hay m\u00e1s secuestros, extorsiones y desapariciones forzadas. El crimen organizado no s\u00f3lo opera el narcotr\u00e1fico, se ha diversificado y migrado al cobro por el derecho de piso en el comercio formal e informal, el secuestro expr\u00e9s, el robo de veh\u00edculo y el asalto a casa habitaci\u00f3n con m\u00e1s violencia; el asalto al transporte p\u00fablico se hace con armas de fuego y cada d\u00eda hay m\u00e1s pasajeros muertos.<\/p>\n<p>M\u00e1s all\u00e1 del documento que ampara la estrategia de seguridad de esta administraci\u00f3n, no existe una pol\u00edtica p\u00fablica de combate al crimen, el cual no s\u00f3lo se ha incrementado en n\u00fameros absolutos, sino que tiene un alto \u00edndice de impunidad, el cual alcanza el 96 por ciento, sin contar la cifra negra que tiene todo il\u00edcito. Calder\u00f3n declar\u00f3 la guerra al narcotr\u00e1fico, lo que desat\u00f3 una violencia inusitada con muchas muertes, pero se capturaron a muchos cabecillas y se desmantelaron bandas; Pe\u00f1a Nieto privilegi\u00f3 la inteligencia y tambi\u00e9n descabez\u00f3 varios c\u00e1rteles, incluso recaptur\u00f3 dos veces al \u201cChapo\u201d Guzm\u00e1n fugado inicialmente en la administraci\u00f3n de Fox. Pero ahora ni se enfrenta el Estado a los barones de la droga, incluso se les libera, ni se utilizan las nuevas tecnolog\u00edas o los servicios de inteligencia para combatirlos.<\/p>\n<p>La pol\u00edtica de dejar hacer, dejar pasar crea un vac\u00edo de poder, debilita la gobernanza y se aleja el pa\u00eds de la paz p\u00fablica. Un efecto sobre la vida arm\u00f3nica de la sociedad es la violencia, pero son las adicciones las que tambi\u00e9n generan crimen, ya que el adicto llega a delinquir para obtener la droga. Ese c\u00edrculo vicioso agudizado por la crisis econ\u00f3mica mantiene en un vilo la tranquilidad de la comunidad.<\/p>\n<p>En el segundo tramo de este sexenio se debe dar un golpe de tim\u00f3n para realmente combatir el narcotr\u00e1fico, ya no se puede seguir ech\u00e1ndole la culpa al pasado, el problema es presente y da\u00f1a nuestro futuro.\u00a0 Esperemos que la militarizaci\u00f3n que sufre la administraci\u00f3n p\u00fablica tenga una consecuencia positiva, que los soldados y marinos utilicen su poder\u00edo en contra de las c\u00e9lulas criminales para abatirlas y alejar la tentaci\u00f3n de organizar las autodefensas o guardias civiles, las cuales son igual de perjudiciales que los ej\u00e9rcitos de sicarios.<\/p>\n<p>El Presidente perder\u00e1 poder y espacios de gobernabilidad conforme avance su gesti\u00f3n, todav\u00eda est\u00e1 a tiempo de corregir el rumbo y no heredar un pa\u00eds dominado por los narcotraficantes. Las nuevas generaciones no lo merecen.<\/p>\n","protected":false},"excerpt":{"rendered":"<p><span style=\"color: #005497;\"><strong>Luis \u00c1ngel Garc\u00eda<\/strong><\/span><br \/>\n<br \/>\nCon m\u00e1s de 90 mil muertos en menos de tres a\u00f1os, M\u00e9xico ocupa uno de los peores lugares en el ranking mundial de los pa\u00edses m\u00e1s violentos. Seg\u00fan el Instituto para la Econom\u00eda y la Paz, la violencia cuesta el 23 por ciento del Producto Interno Bruto y\u00a0 el a\u00f1o pasado sufri\u00f3 un deterioro del 27 por ciento.<\/p>\n","protected":false},"author":3,"featured_media":0,"comment_status":"open","ping_status":"open","sticky":false,"template":"","format":"standard","meta":{"_monsterinsights_skip_tracking":false,"_monsterinsights_sitenote_active":false,"_monsterinsights_sitenote_note":"","_monsterinsights_sitenote_category":0,"footnotes":""},"categories":[92115],"tags":[92117,43674,92116],"class_list":["post-518741","post","type-post","status-publish","format-standard","hentry","category-luis-angel-garcia","tag-luis-angel-garcia","tag-opinion","tag-por-la-derecha"],"_links":{"self":[{"href":"https:\/\/www.diarioimagen.net\/index.php?rest_route=\/wp\/v2\/posts\/518741","targetHints":{"allow":["GET"]}}],"collection":[{"href":"https:\/\/www.diarioimagen.net\/index.php?rest_route=\/wp\/v2\/posts"}],"about":[{"href":"https:\/\/www.diarioimagen.net\/index.php?rest_route=\/wp\/v2\/types\/post"}],"author":[{"embeddable":true,"href":"https:\/\/www.diarioimagen.net\/index.php?rest_route=\/wp\/v2\/users\/3"}],"replies":[{"embeddable":true,"href":"https:\/\/www.diarioimagen.net\/index.php?rest_route=%2Fwp%2Fv2%2Fcomments&post=518741"}],"version-history":[{"count":0,"href":"https:\/\/www.diarioimagen.net\/index.php?rest_route=\/wp\/v2\/posts\/518741\/revisions"}],"wp:attachment":[{"href":"https:\/\/www.diarioimagen.net\/index.php?rest_route=%2Fwp%2Fv2%2Fmedia&parent=518741"}],"wp:term":[{"taxonomy":"category","embeddable":true,"href":"https:\/\/www.diarioimagen.net\/index.php?rest_route=%2Fwp%2Fv2%2Fcategories&post=518741"},{"taxonomy":"post_tag","embeddable":true,"href":"https:\/\/www.diarioimagen.net\/index.php?rest_route=%2Fwp%2Fv2%2Ftags&post=518741"}],"curies":[{"name":"wp","href":"https:\/\/api.w.org\/{rel}","templated":true}]}}