{"id":518744,"date":"2021-08-30T00:02:38","date_gmt":"2021-08-30T05:02:38","guid":{"rendered":"https:\/\/www.diarioimagen.net\/?p=518744"},"modified":"2021-08-30T03:05:19","modified_gmt":"2021-08-30T08:05:19","slug":"plenaria-de-morena-pasarela-de-aspirantes-presidenciales","status":"publish","type":"post","link":"https:\/\/www.diarioimagen.net\/?p=518744","title":{"rendered":"Plenaria de Morena, pasarela de aspirantes presidenciales"},"content":{"rendered":"<h2>La Retaguardia<\/h2>\n<h5>Adriana Moreno Cordero<\/h5>\n<p>&nbsp;<\/p>\n<ul>\n<li><strong><em>Otra vez, CNTE se le rebela a AMLO; regreso a las aulas con temor y desorganizaci\u00f3n<\/em><\/strong><\/li>\n<\/ul>\n<p>&nbsp;<\/p>\n<p>Inminente el regreso a clases presenciales en medio de una falta total de estrategia por parte de esta errada y llamada Cuarta Transformaci\u00f3n as\u00ed como de mucho temor. Basta con \u201cechar un ojo\u201d para corroborar que los lineamientos que ha enviado la flamante y vapuleada secretaria de Educaci\u00f3n P\u00fablica, <strong>Delfina G\u00f3mez<\/strong>, se limitan a ser medidas superficiales que lo \u00fanico que conseguir\u00e1n ser\u00e1 incrementar los contagios de Covid-19.<\/p>\n<p>\u00bfC\u00f3mo est\u00e1 eso de que si un ni\u00f1o manifiesta s\u00edntomas de gripe o de plano, de coronavirus, se le pone en un rinc\u00f3n del sal\u00f3n y no \u201cse le hace el feo\u201d?, \u00bfpor qu\u00e9 se obliga a regresar a las aulas a maestros que hace tan s\u00f3lo unos d\u00edas perdieron a alg\u00fan familiar cercano v\u00edctima del Covid, o tienen en su entorno cercano a personas infectadas? \u00c9stas son s\u00f3lo dos de las muchas preguntas que permean en el ambiente.<\/p>\n<p>Frente a esto, las autoridades no ofrecen alternativa alguna y han llegado al grado de informar que si se requiere de dotar a las diferentes escuelas de sanitizante, gel, jab\u00f3n y hasta agua, eso corre a cargo de los padres y madres de familia que igualmente fueron los que tuvieron que hacer arreglos a varios de esos planteles que fueron objeto de vandalismo.<\/p>\n<p>Esta situaci\u00f3n pinta para tener malos resultados, por no decir desastrosos. Ojal\u00e1 y no se registren contagios, o no tantos, y que los estudiantes se apeguen a las medidas sanitarias. S\u00f3lo queda eso, aferrarse a los buenos deseos porque esta llamada y errada Cuarta Transformaci\u00f3n ha demostrado que no tiene capacidad para hacer nada m\u00e1s.<\/p>\n<p>As\u00ed la obstinaci\u00f3n del inquilino de Palacio Nacional, cuyo veh\u00edculo fue rodeado el s\u00e1bado, de nueva cuenta por sus viejos aliados, los maestros de la CNTE, que todo indica, ya se le voltearon. Esta vez en el municipio de Frontera Comalapa y s\u00f3lo por espacio de media hora, a diferencia de las dos horas en que el presidente se la pas\u00f3 \u201chaciendo pucheros\u201d el viernes pasado y por primera vez estuvo ausente en su gustad\u00edsimo \u201cstand-up\u201d ma\u00f1anero, donde el gobernador de Chiapas, <strong>Rutilio Escand\u00f3n<\/strong>, \u201cpasaba aceite\u201d y las cifras que dio una muy nerviosa secretaria de Seguridad Ciudadana, <strong>Rosa Icela Rodriguez<\/strong>, que se ocupa de todo, menos de la responsabilidad de la dependencia que dirige, no fueron suficientes as\u00ed como para pasar por alto lo que ocurr\u00eda a las afueras de donde se llevaba a cabo la ma\u00f1anera.<\/p>\n<p>Confrontado con sus antiguos aliados, lo m\u00e1s probable es que el pr\u00f3ximo lunes no se cumpla la cifra de asistencia de alumnos a las escuelas y que de acuerdo a lo informado por la secretaria G\u00f3mez, ser\u00e1 de poco m\u00e1s del 90 por ciento.<\/p>\n<p>Por otro lado, la plenaria de los senadores de Morena, se convirti\u00f3 -como hace muchos a\u00f1os y pese a que ellos digan que no son iguales-, en una importante pasarela de los aspirantes a 2024; de los que ha mencionado el mism\u00edsimo presidente <strong>Andr\u00e9s Manuel L\u00f3pez Obrador<\/strong> y tambi\u00e9n de los que no.<\/p>\n<p>Quienes asistieron a este importante encuentro, visitantes y anfitriones, hicieron gala de sus mejores oficios pol\u00edticos; de su mano izquierda, por lo que no dejaron que se les viera el menor gesto de enojo o envidia porque en todo caso, se trata de una carrera prematura, pero limpia. \u00bfo no?<\/p>\n<p>La reuni\u00f3n que sostuvieron antes, de manera privada, el secretario de Relaciones Exteriores, <strong>Marcelo Ebrard<\/strong> y el presidente de la Junta de Coordinaci\u00f3n Pol\u00edtica de la C\u00e1mara alta, <strong>Ricardo Monreal<\/strong>, fue el encuentro de dos aspirantes a la Presidencia de la Rep\u00fablica. Incluso, ya en la plenaria, el coordinador morenista era el que organizaba las fotos que le ped\u00edan constantemente al canciller, todo entre sonrisas y -ojo-, donde la gran ausente fue ni m\u00e1s ni menos que la jefa de Gobierno de la CDMX, <strong>Claudia Sheinbaum,<\/strong> a quien L\u00f3pez Obrador ya empez\u00f3 a placear al subirla a la gira por Chiapas, para ver si as\u00ed consigue revertir los malos resultados que obtuvo su funcionaria consentida al perder la mitad de la capital de la Rep\u00fablica en las elecciones de junio pasado, como producto de la tragedia en la L\u00ednea 12 del Metro.<\/p>\n<p>En fin, por otro lado, desde que la ahora ex secretaria de Gobernaci\u00f3n, <strong>Olga S\u00e1nchez Cordero<\/strong>, regres\u00f3 a su esca\u00f1o, se dio rienda suelta a los comentarios en los corrillos pol\u00edticos en torno a que el inquilino de Palacio Nacional hab\u00eda enviado a la ministra en retiro para intentar acotar al senador zacatecano.<\/p>\n<p>En este sentido, hay que recordar que hace unos meses, a finales del pasado mes de junio, <strong>Gabriel Garc\u00eda Hern\u00e1ndez<\/strong>, renunci\u00f3 de manera inesperada a la Coordinaci\u00f3n General para Programas del Desarrollo de la Presidencia de la Rep\u00fablica, una de las posiciones que mayor poder concentra en esta errada y llamada Cuarta Transformaci\u00f3n. De hecho, a la fecha, los motivos por los cuales Garc\u00eda Hern\u00e1ndez regres\u00f3 a la C\u00e1mara alta, bien a bien no se saben, sin embargo, no dej\u00f3 de comentarse en los corrillos pol\u00edticos que hab\u00eda dejado ese puesto dados los malos resultados que sac\u00f3 el partido oficial en los comicios del pasado 6 de junio.<\/p>\n<p>Tambi\u00e9n se dijo que al igual que en el caso de la ex titular de Gobernaci\u00f3n, hab\u00eda retornado para darle marcaje personal al senador Monreal y al momento, eso no ha pasado; m\u00e1s bien, el excoordinador de los \u201cs\u00faper delegados\u201d, los consentidos de L\u00f3pez Obrador, ha tenido un papel imperceptible.<\/p>\n<p>Tiempo despu\u00e9s, con todo el oficio y \u201ccolmillo\u201d que caracteriza a Monreal, fue el mejor anfitri\u00f3n de la ex titular de la pol\u00edtica interna que lleg\u00f3 con la encomienda de ocupar la presidencia de la Mesa Directiva del Senado de la Rep\u00fablica, esto, sin soslayar que a lo mejor pidi\u00f3 regresar a la C\u00e1mara alta, harta de ser objeto de cr\u00edticas provenientes del mism\u00edsimo gabinete lopezobradorista.<\/p>\n<p style=\"text-align: center;\"><strong>Municiones<\/strong><\/p>\n<p>*** A trav\u00e9s de su cuenta de Twitter, senadores y senadoras del PAN, demandaron que \u201cComo primera fuerza de oposici\u00f3n el Partido Acci\u00f3n Nacional solicitar\u00e1 presidir la Mesa Directiva del Senado. Morena debe trabajar con alternancia y pluralidad, no bajo las indicaciones del Presidente\u201d. Asimismo, hicieron un llamado a la construcci\u00f3n de un sano parlamentarismo, en el que exista el respeto a las minor\u00edas, y reiteraron que es necesario mantener la sana divisi\u00f3n de poderes, fortalecer el parlamentarismo, la interlocuci\u00f3n y la construcci\u00f3n de acuerdos basados en el respeto y la autonom\u00eda. Aqu\u00ed est\u00e1 la primera prueba para la senadora S\u00e1nchez Cordero<\/p>\n<p><u><a href=\"mailto:morcora@gmail.com\" target=\"_blank\" rel=\"noopener noreferrer\"><em>morcora@gmail.com<\/em><\/a><\/u><\/p>\n","protected":false},"excerpt":{"rendered":"<p><span style=\"color: #005497;\"><strong>Adriana Moreno Cordero<\/strong><\/span><\/p>\n","protected":false},"author":3,"featured_media":0,"comment_status":"open","ping_status":"open","sticky":false,"template":"","format":"standard","meta":{"_monsterinsights_skip_tracking":false,"_monsterinsights_sitenote_active":false,"_monsterinsights_sitenote_note":"","_monsterinsights_sitenote_category":0,"footnotes":""},"categories":[69370],"tags":[69369,69368,43674],"class_list":["post-518744","post","type-post","status-publish","format-standard","hentry","category-adriana-moreno-cordero","tag-adriana-moreno-cordero","tag-la-retaguardia","tag-opinion"],"_links":{"self":[{"href":"https:\/\/www.diarioimagen.net\/index.php?rest_route=\/wp\/v2\/posts\/518744","targetHints":{"allow":["GET"]}}],"collection":[{"href":"https:\/\/www.diarioimagen.net\/index.php?rest_route=\/wp\/v2\/posts"}],"about":[{"href":"https:\/\/www.diarioimagen.net\/index.php?rest_route=\/wp\/v2\/types\/post"}],"author":[{"embeddable":true,"href":"https:\/\/www.diarioimagen.net\/index.php?rest_route=\/wp\/v2\/users\/3"}],"replies":[{"embeddable":true,"href":"https:\/\/www.diarioimagen.net\/index.php?rest_route=%2Fwp%2Fv2%2Fcomments&post=518744"}],"version-history":[{"count":0,"href":"https:\/\/www.diarioimagen.net\/index.php?rest_route=\/wp\/v2\/posts\/518744\/revisions"}],"wp:attachment":[{"href":"https:\/\/www.diarioimagen.net\/index.php?rest_route=%2Fwp%2Fv2%2Fmedia&parent=518744"}],"wp:term":[{"taxonomy":"category","embeddable":true,"href":"https:\/\/www.diarioimagen.net\/index.php?rest_route=%2Fwp%2Fv2%2Fcategories&post=518744"},{"taxonomy":"post_tag","embeddable":true,"href":"https:\/\/www.diarioimagen.net\/index.php?rest_route=%2Fwp%2Fv2%2Ftags&post=518744"}],"curies":[{"name":"wp","href":"https:\/\/api.w.org\/{rel}","templated":true}]}}