{"id":518747,"date":"2021-08-30T00:05:28","date_gmt":"2021-08-30T05:05:28","guid":{"rendered":"https:\/\/www.diarioimagen.net\/?p=518747"},"modified":"2021-08-30T03:10:00","modified_gmt":"2021-08-30T08:10:00","slug":"la-feria-de-los-floreros","status":"publish","type":"post","link":"https:\/\/www.diarioimagen.net\/?p=518747","title":{"rendered":"La feria de los floreros"},"content":{"rendered":"<h2>Perfil de M\u00e9xico<\/h2>\n<h5>Armando R\u00edos Ruiz<\/h5>\n<p>&nbsp;<\/p>\n<p>La semana pasada, el Presidente decidi\u00f3 relevar a Olga S\u00e1nchez Cordero de la Secretar\u00eda de Gobernaci\u00f3n, en donde se mantuvo casi tres a\u00f1os como un aut\u00e9ntico florero, palabra usada por el Primer Mandatario para\u00a0 se\u00f1alar a los funcionarios que no hacen absolutamente nada. Que son meramente figuras decorativas y que alguien m\u00e1s utiliz\u00f3 para motejar a la se\u00f1ora, por lo mismo.<\/p>\n<p>Regres\u00f3 al Senado, en donde se perfila como Presidente de ese recinto legislativo. Despu\u00e9s de ver su actuaci\u00f3n en el cargo anterior, muchos opinan que ah\u00ed permanecer\u00e1 igual, como si el due\u00f1o hubiera decidido cambiar el florero de lugar. Como ocurre a cualquier ama de casa que se cansa de ver una maceta en un rinc\u00f3n y opta por cambiarla.<\/p>\n<p>Cuando reci\u00e9n lleg\u00f3 al puesto anterior, se especul\u00f3 en el sentido de que estaba facultada para hacer un papel de excelentes resonancias, por su conocimiento de las leyes, acrecentado en esa pr\u00e1ctica en la Suprema Corte, de la cual se jubil\u00f3 con grandes prebendas.<\/p>\n<p>Inclusive dijo que pod\u00eda prescindir del sueldo asignado al nuevo encargo, cuando se suscitaron jaloneos por los recortes impuestos por el primer mandatario y con el dicho de que nadie pod\u00eda ganar m\u00e1s que \u00e9l. La se\u00f1ora estaba en condiciones de vivir s\u00f3lo con los 229 mil pesos mensuales de su jubilaci\u00f3n hasta el final de sus d\u00edas. Pero tambi\u00e9n con lo que gana su esposo como notario p\u00fablico. Pero antes hab\u00eda recibido 9.6 millones de pesos por concepto de pensi\u00f3n<\/p>\n<p>Para acabar pronto y aunque no lo propuso, pod\u00eda ocupar el cargo que le ofrecieran sin cobrar un centavo. No es el caso, porque quien desempe\u00f1a el trabajo que sea, tiene derecho constitucional a devengar un salario a cambio.<\/p>\n<p>Decepcion\u00f3 despu\u00e9s de exponer la inconstitucionalidad pretendida por Jaime Bonilla, actual gobernador de Baja California, de extender de dos a cinco a\u00f1os su mandato \u2212como lo expres\u00f3 la Suprema Corte para anular esa intenci\u00f3n\u2212, porque despu\u00e9s fue vista en un video departiendo alegremente con \u00e9l, bromeando y poni\u00e9ndose a sus \u00f3rdenes, como una burla a las leyes que imped\u00edan el caso.<\/p>\n<p>Hubo m\u00e1s en su haber en Gobernaci\u00f3n. El asunto de los feminicidios qued\u00f3 igual. Jam\u00e1s ofreci\u00f3 posibilidad de soluci\u00f3n y las muertes han continuado inclusive en aumento, como si la intenci\u00f3n del gobierno fuera su exterminio para aligerar la cantidad explosiva de habitantes que diariamente se suman y como si las mujeres tuvieran que pagar por ser quienes poseen el bendito don de dar vida.<\/p>\n<p>Cuando F\u00e9lix Salgado Macedonio fue nombrado candidato a gobernador por el estado de Guerrero, su voz son\u00f3 en\u00e9rgica en contra, por las acusaciones de violaci\u00f3n presentadas por un par de mujeres. Pero hasta ah\u00ed. Semejaba el ruido de una manada de perros que ladran por ladrar o s\u00f3lo porque uno de ellos vio o escuch\u00f3 algo y comenz\u00f3 a hacerlo. Su voz se perdi\u00f3 sin siquiera producir eco.<\/p>\n<p>El lugar que deja ser\u00e1 ocupado por el gobernador de Tabasco, Ad\u00e1n Augusto L\u00f3pez Hern\u00e1ndez, paisano y amigo del Presidente. Ha ostentado algunos cargos de poca monta, en su estado natal. De manera que muchos vislumbran su llegada a Gobernaci\u00f3n, nada m\u00e1s y nada menos que como otro florero.<\/p>\n<p>Hasta antes de gobernador, el m\u00e1s importante que hab\u00eda ocupado fue el de coordinador de la campa\u00f1a de Andr\u00e9s \u00a0Manuel, en 2006, cuando el entonces IFE dio el triunfo a Felipe Calder\u00f3n por una cantidad m\u00ednima de votos a su favor, que motiv\u00f3 el asentamiento del candidato perdedor en Paseo de la Reforma, con lo que caus\u00f3 un trastorno descomunal a los habitantes de la capital.<\/p>\n<p>Cuando se fund\u00f3 Morena, renunci\u00f3 al PRD para incorporarse al nuevo partido, por el cual contendi\u00f3 para el gobierno de Tabasco.<\/p>\n<p>Ahora, muchos ya lo ven como presidenciable. Todo puede ser, ya que en la mente del m\u00e1ximo mandatario, hasta el polic\u00eda de crucero podr\u00eda arribar al puesto si es tocado por su mano divina. Se ha hablado de otros, desechados por la sociedad, porque la costumbre es mantener en secreto al futuro.<\/p>\n<p><a href=\"mailto:ariosruiz@gmail.com\" target=\"_blank\" rel=\"noopener noreferrer\"><em>ariosruiz@gmail.com<\/em><\/a><\/p>\n","protected":false},"excerpt":{"rendered":"<p><span style=\"color: #005497;\"><strong>Armando R\u00edos Ruiz<\/strong><\/span><\/p>\n","protected":false},"author":3,"featured_media":0,"comment_status":"open","ping_status":"open","sticky":false,"template":"","format":"standard","meta":{"_monsterinsights_skip_tracking":false,"_monsterinsights_sitenote_active":false,"_monsterinsights_sitenote_note":"","_monsterinsights_sitenote_category":0,"footnotes":""},"categories":[88405],"tags":[88407,43674,91193],"class_list":["post-518747","post","type-post","status-publish","format-standard","hentry","category-armando-rios-ruiz","tag-armando-rios-ruiz","tag-opinion","tag-perfil-de-mexico"],"_links":{"self":[{"href":"https:\/\/www.diarioimagen.net\/index.php?rest_route=\/wp\/v2\/posts\/518747","targetHints":{"allow":["GET"]}}],"collection":[{"href":"https:\/\/www.diarioimagen.net\/index.php?rest_route=\/wp\/v2\/posts"}],"about":[{"href":"https:\/\/www.diarioimagen.net\/index.php?rest_route=\/wp\/v2\/types\/post"}],"author":[{"embeddable":true,"href":"https:\/\/www.diarioimagen.net\/index.php?rest_route=\/wp\/v2\/users\/3"}],"replies":[{"embeddable":true,"href":"https:\/\/www.diarioimagen.net\/index.php?rest_route=%2Fwp%2Fv2%2Fcomments&post=518747"}],"version-history":[{"count":0,"href":"https:\/\/www.diarioimagen.net\/index.php?rest_route=\/wp\/v2\/posts\/518747\/revisions"}],"wp:attachment":[{"href":"https:\/\/www.diarioimagen.net\/index.php?rest_route=%2Fwp%2Fv2%2Fmedia&parent=518747"}],"wp:term":[{"taxonomy":"category","embeddable":true,"href":"https:\/\/www.diarioimagen.net\/index.php?rest_route=%2Fwp%2Fv2%2Fcategories&post=518747"},{"taxonomy":"post_tag","embeddable":true,"href":"https:\/\/www.diarioimagen.net\/index.php?rest_route=%2Fwp%2Fv2%2Ftags&post=518747"}],"curies":[{"name":"wp","href":"https:\/\/api.w.org\/{rel}","templated":true}]}}