{"id":518752,"date":"2021-08-30T00:03:18","date_gmt":"2021-08-30T05:03:18","guid":{"rendered":"https:\/\/www.diarioimagen.net\/?p=518752"},"modified":"2021-08-30T03:15:46","modified_gmt":"2021-08-30T08:15:46","slug":"amlo-divide-a-mexico","status":"publish","type":"post","link":"https:\/\/www.diarioimagen.net\/?p=518752","title":{"rendered":"AMLO divide a M\u00e9xico"},"content":{"rendered":"<h2>Espacio Electoral<\/h2>\n<h5>Eleazar Flores<\/h5>\n<p><strong>\u00a0<\/strong><\/p>\n<p><strong>VAN POR TODO-.<\/strong> Apropiado de la Secretar\u00eda de Gobernaci\u00f3n con un paisano suyo al frente, maniatado Monreal, al regresar al Senado Olga S\u00e1nchez, y actuando no como jefe de Estado, sino de su Movimiento Regeneraci\u00f3n Nacional, el presidente Andr\u00e9s Manuel L\u00f3pez Obrador va con y por todo.<\/p>\n<p>No es todo, pues su secretario de Relaciones Exteriores, Marcelo Ebrard Casaubon, anunci\u00f3 el s\u00e1bado ante legisladores \u201cmorenos\u201d que propondr\u00e1n crear otro organismo sustituto de la Organizaci\u00f3n de Estados Americanos (OEA).<\/p>\n<p>Se supone que el anuncio de Ebrard tiene el benepl\u00e1cito de su jefe, a quien los observadores pol\u00edticos le detectan coqueteos con presidentes de pa\u00edses latinoamericanos afines a su estilo de gobierno, quienes seguramente ven con buenos ojos la iniciativa, no de M\u00e9xico pero s\u00ed de su Presidente.<\/p>\n<p><strong>EL VIENTO A JU\u00c1REZ-.<\/strong> Con desmedida soberbia y con un lenguaje de aut\u00e9ntico dirigente de Morena, L\u00f3pez Obrador dijo el s\u00e1bado en Motozintla que los que no est\u00e1n ni piensan como los integrantes de la cuarta Transformaci\u00f3n \u201cnos hacen lo que el viento a Ju\u00e1rez\u201d.<\/p>\n<p>Se apoya en sus programas sociales que no a diario, sino cada rato presume, como el apoyo a adultos mayores, becas para estudiantes y todos los que ya sabe, pero due\u00f1o usted de \u201cotros datos\u201d sabe tambi\u00e9n que no todos son exitosos como reconoci\u00f3 el mandatario el relacionado a la falta de medicamentos, que \u201ces grave\u201d, pero se va a resolver, promete.<\/p>\n<p>Asegura el tabasque\u00f1o, \u201ctocando pl\u00e1stico, no madera\u201d que el pueblo lo apoya por lo que ve dif\u00edcil el retorno de los neoliberales, en lugar de dar la bienvenida a la competencia partidista, ahora, y electoral despu\u00e9s.<\/p>\n<p><strong>EBRARD-.<\/strong> En reuni\u00f3n con legisladores de Morena, el secretario de Relaciones Exteriores, Marcelo Ebrard Casaubon, anunci\u00f3 el inter\u00e9s de M\u00e9xico por crear otro organismo que sustituya a la Organizaci\u00f3n de Estados Americanos, cuyas razones, explic\u00f3 a su manera, desconociendo si los nuevos senadores le entendieron.<\/p>\n<p>La Organizaci\u00f3n de Estados Americanos la integran 35\u00a0 pa\u00edses del continente, es el organismo regional m\u00e1s antiguo, pues data de 1948 con antecedentes gremiales anteriores, teniendo como prop\u00f3sitos fundamentales la DEMOCRACIA, SEGURIDAD, JUSTICIA Y DESARROLLO de sus integrantes.<\/p>\n<p>No obstante que hacia fuera se dice que M\u00e9xico es el \u201chermano mayor\u201d de Latinoam\u00e9rica lo cierto es que sus 74 a\u00f1os de existencia, los gobernantes de\u00a0 nuestro pa\u00eds nunca han podido colocar a un Secretario General del organismo y, lo peor, es que han sido apoyadores de candidatos perdedores como en el \u00faltimo cambio.<\/p>\n<p>En fut, eramos el hermano mayor y ya ve, tres derrotas ante USA.<\/p>\n<p>Si M\u00e9xico logra su prop\u00f3sito divisionista contar\u00eda con mandatarios afines al <em>Peje<\/em> como los de Bolivia, Venezuela, Ecuador y Per\u00fa, m\u00e1s recientemente.<\/p>\n<p><em><a href=\"mailto:elefa44@gmail.com\" target=\"_blank\" rel=\"noopener noreferrer\">elefa44@gmail.com<\/a><\/em><\/p>\n","protected":false},"excerpt":{"rendered":"<p><span style=\"color: #005497;\"><strong>Eleazar Flores<\/strong><\/span><\/p>\n","protected":false},"author":3,"featured_media":0,"comment_status":"open","ping_status":"open","sticky":false,"template":"","format":"standard","meta":{"_monsterinsights_skip_tracking":false,"_monsterinsights_sitenote_active":false,"_monsterinsights_sitenote_note":"","_monsterinsights_sitenote_category":0,"footnotes":""},"categories":[81743],"tags":[81744,81776,43674],"class_list":["post-518752","post","type-post","status-publish","format-standard","hentry","category-eleazar-flores","tag-eleazar-flores","tag-espacio-electoral","tag-opinion"],"_links":{"self":[{"href":"https:\/\/www.diarioimagen.net\/index.php?rest_route=\/wp\/v2\/posts\/518752","targetHints":{"allow":["GET"]}}],"collection":[{"href":"https:\/\/www.diarioimagen.net\/index.php?rest_route=\/wp\/v2\/posts"}],"about":[{"href":"https:\/\/www.diarioimagen.net\/index.php?rest_route=\/wp\/v2\/types\/post"}],"author":[{"embeddable":true,"href":"https:\/\/www.diarioimagen.net\/index.php?rest_route=\/wp\/v2\/users\/3"}],"replies":[{"embeddable":true,"href":"https:\/\/www.diarioimagen.net\/index.php?rest_route=%2Fwp%2Fv2%2Fcomments&post=518752"}],"version-history":[{"count":0,"href":"https:\/\/www.diarioimagen.net\/index.php?rest_route=\/wp\/v2\/posts\/518752\/revisions"}],"wp:attachment":[{"href":"https:\/\/www.diarioimagen.net\/index.php?rest_route=%2Fwp%2Fv2%2Fmedia&parent=518752"}],"wp:term":[{"taxonomy":"category","embeddable":true,"href":"https:\/\/www.diarioimagen.net\/index.php?rest_route=%2Fwp%2Fv2%2Fcategories&post=518752"},{"taxonomy":"post_tag","embeddable":true,"href":"https:\/\/www.diarioimagen.net\/index.php?rest_route=%2Fwp%2Fv2%2Ftags&post=518752"}],"curies":[{"name":"wp","href":"https:\/\/api.w.org\/{rel}","templated":true}]}}