{"id":518754,"date":"2021-08-30T00:08:31","date_gmt":"2021-08-30T05:08:31","guid":{"rendered":"https:\/\/www.diarioimagen.net\/?p=518754"},"modified":"2021-08-30T03:13:29","modified_gmt":"2021-08-30T08:13:29","slug":"pandemia-migracion-y-violencia","status":"publish","type":"post","link":"https:\/\/www.diarioimagen.net\/?p=518754","title":{"rendered":"Pandemia, migraci\u00f3n y violencia"},"content":{"rendered":"<h2>Punto por punto<\/h2>\n<h5>Augusto Corro<\/h5>\n<p>&nbsp;<\/p>\n<p>Son tres los problemas graves que enfrenta M\u00e9xico: pandemia, migraci\u00f3n y violencia; por ahora sin soluci\u00f3n.<\/p>\n<p>La Covid-19 con su carga de destrucci\u00f3n suma 257 mil 906 decesos y m\u00e1s de tres millones de contagiados.<\/p>\n<p>En el caso de migraci\u00f3n, las acciones represivas son pr\u00e1cticas comunes de las autoridades mexicanas para detener a los millares de indocumentados. La violencia no se detiene y van m\u00e1s de 75 mil homicidios dolosos y miles de desaparecidos en lo que va del sexenio obradorista.<\/p>\n<p>En el asunto de la pandemia, estamos entregados a la suerte. Ni siquiera las vacunas pudieron detener su paso destructivo.\u00a0 En parte, porque las dosis anti-Covid han sido insuficientes. Adem\u00e1s, los mensajes de las autoridades no siempre cumplen su funci\u00f3n preventiva.<\/p>\n<p>Por ejemplo, el sem\u00e1foro preventivo y las cifras de decesos y contagiados no se manejaron apegados a la realidad.\u00a0 Los colores del sem\u00e1foro finalmente poco se respetaron. La poblaci\u00f3n se adue\u00f1\u00f3 del color verde y sali\u00f3 de su aislamiento, llen\u00f3 avenidas y centros comerciales sin protecci\u00f3n adecuada.<\/p>\n<p>Y hoy lunes, 30 de agosto, se inicia el retorno a clases presenciales con la amenaza contagiosa de la tercera ola.\u00a0 El fin de semana, los padres de familia se aglomeraron en las papeler\u00edas para realizar sus compras de \u00fatiles escolares. Adem\u00e1s. El transporte p\u00fablico increment\u00f3 la movilidad.<\/p>\n<p>Falta por conocer cu\u00e1ntas escuelas se encuentran en condiciones higi\u00e9nicas y de espacios suficientes para el regreso a clases presenciales de alrededor de 30 millones de alumnos.<\/p>\n<p><strong>Migraci\u00f3n<\/strong><\/p>\n<p>El problema migratorio que padece M\u00e9xico no es nuevo:<\/p>\n<p>En los \u00faltimos a\u00f1os la situaci\u00f3n se complic\u00f3 debido a la agudizaci\u00f3n de la pobreza, la violencia y a los fen\u00f3menos naturales en pa\u00edses como Hait\u00ed, Honduras, El Salvador y Guatemala, entre otros.<\/p>\n<p>Se iniciaron las caravanas de indocumentados, estimulados tambi\u00e9n por las bandas de traficantes de personas.<\/p>\n<p>Ante la avalancha de indocumentados que buscan llegar a Estados Unidos (EU) para realizar el \u201csue\u00f1o americano\u201d, a M\u00e9xico no le qued\u00f3 otra salida que la de colaborar con el gobierno de Joe Biden.<\/p>\n<p>Con el presidente Donald Trump las autoridades mexicanas optaron por convertir a nuestras fronteras como sitios inexpugnables.<\/p>\n<p>Los indocumentados que lograban cruzar hacia la frontera norte, eran detenidos y obligados a regresar a sus lugares de origen.<\/p>\n<p>En los estados fronterizos los centroamericanos viven en condiciones infrahumanas en espera de un milagro que les permita llegar a EU.<\/p>\n<p>Parece que el convenio de sumisi\u00f3n de M\u00e9xico continuar\u00e1 durante el gobierno de Joe Biden. Los actos represivos contin\u00faan.<\/p>\n<p>Ayer domingo se publicaron fotograf\u00edas del maltrato que dan las autoridades mexicanas a los indocumentados. Nada ha cambiado.<\/p>\n<p>Con Trump. Si M\u00e9xico no se alineaba podr\u00eda resultar afectado con su econom\u00eda con el incremento a los aranceles en caso de que no se detuviera el flujo migratorio.<\/p>\n<p>En el presente, la misma fuerza p\u00fablica se encarga de detener, perseguir y reprimir a los migrantes centroamericanos que intentan cruzar la frontera mexicana del sur.<\/p>\n<p>Los gobiernos de los pa\u00edses centroamericanos y M\u00e9xico se comprometieron a buscar soluciones al problema migratorio, incluidos programas sociales e inversiones. Se trata de promesas que no se han cumplido.<\/p>\n<p><strong>Violencia<\/strong><\/p>\n<p>La espiral de violencia contin\u00faa en M\u00e9xico. A los miles de asesinatos se debe agregar la cifra de personas desaparecidas.\u00a0 Las agresiones criminales se multiplicaron en los diferentes sectores sociales.<\/p>\n<p>Sigue el enfrentamiento entre los grupos de la delincuencia organizada: narcotr\u00e1fico, huachicol y los feminicidios. Los c\u00e1rteles de la droga pelean por sus plazas y obligan a los habitantes de la regi\u00f3n a emigrar en busca de seguridad.<\/p>\n<p>Miles de desplazados de Michoac\u00e1n, Guerrero tuvieron que huir ante las amenazas de los narcotraficantes.<\/p>\n<p>La estrategia contra la delincuencia organizada no ha rendido frutos. Los c\u00e1rteles crecen con la pol\u00edtica del gobierno centrada en los abrazos y no balazos. La idea de las autoridades de frenar el tr\u00e1fico ilegal de armas fue flor de un d\u00eda. Los fabricantes ni se inmutaron.\u00a0 Tampoco la delincuencia organizada se preocup\u00f3.<\/p>\n<p>Ah\u00ed est\u00e1n, pues, presentes la pandemia, la migraci\u00f3n y la violencia en espera de que alguien las derrote. El gobierno obradorista se encuentra muy lejos de realizarlo.<\/p>\n<p>\u00bfUsted qu\u00e9 opina amable lector?<\/p>\n<p><a href=\"mailto:aco2742@hotmail.com\" target=\"_blank\" rel=\"noopener noreferrer\"><em>aco2742@hotmail.com<\/em><\/a><\/p>\n","protected":false},"excerpt":{"rendered":"<p><span style=\"color: #005497;\"><strong>Augusto Corro<\/strong><\/span><\/p>\n","protected":false},"author":3,"featured_media":0,"comment_status":"open","ping_status":"open","sticky":false,"template":"","format":"standard","meta":{"_monsterinsights_skip_tracking":false,"_monsterinsights_sitenote_active":false,"_monsterinsights_sitenote_note":"","_monsterinsights_sitenote_category":0,"footnotes":""},"categories":[157],"tags":[43686,43674,11515],"class_list":["post-518754","post","type-post","status-publish","format-standard","hentry","category-augusto-corro","tag-augusto-corro","tag-opinion","tag-punto-por-punto"],"_links":{"self":[{"href":"https:\/\/www.diarioimagen.net\/index.php?rest_route=\/wp\/v2\/posts\/518754","targetHints":{"allow":["GET"]}}],"collection":[{"href":"https:\/\/www.diarioimagen.net\/index.php?rest_route=\/wp\/v2\/posts"}],"about":[{"href":"https:\/\/www.diarioimagen.net\/index.php?rest_route=\/wp\/v2\/types\/post"}],"author":[{"embeddable":true,"href":"https:\/\/www.diarioimagen.net\/index.php?rest_route=\/wp\/v2\/users\/3"}],"replies":[{"embeddable":true,"href":"https:\/\/www.diarioimagen.net\/index.php?rest_route=%2Fwp%2Fv2%2Fcomments&post=518754"}],"version-history":[{"count":0,"href":"https:\/\/www.diarioimagen.net\/index.php?rest_route=\/wp\/v2\/posts\/518754\/revisions"}],"wp:attachment":[{"href":"https:\/\/www.diarioimagen.net\/index.php?rest_route=%2Fwp%2Fv2%2Fmedia&parent=518754"}],"wp:term":[{"taxonomy":"category","embeddable":true,"href":"https:\/\/www.diarioimagen.net\/index.php?rest_route=%2Fwp%2Fv2%2Fcategories&post=518754"},{"taxonomy":"post_tag","embeddable":true,"href":"https:\/\/www.diarioimagen.net\/index.php?rest_route=%2Fwp%2Fv2%2Ftags&post=518754"}],"curies":[{"name":"wp","href":"https:\/\/api.w.org\/{rel}","templated":true}]}}