{"id":518755,"date":"2021-08-30T00:12:32","date_gmt":"2021-08-30T05:12:32","guid":{"rendered":"https:\/\/www.diarioimagen.net\/?p=518755"},"modified":"2021-08-30T03:19:41","modified_gmt":"2021-08-30T08:19:41","slug":"amlo-no-tolera-el-disenso","status":"publish","type":"post","link":"https:\/\/www.diarioimagen.net\/?p=518755","title":{"rendered":"AMLO no tolera el disenso\u00a0\u00a0"},"content":{"rendered":"<h2>\u00cdndice pol\u00edtico<\/h2>\n<h5>Francisco Rodr\u00edguez<\/h5>\n<p>&nbsp;<\/p>\n<ul>\n<li><strong><em>La orden: \u201c\u00a1P\u00e9guenle a Monreal!\u201d<\/em><\/strong><\/li>\n<li><strong><em>\u00bfHay dos clases de migrantes?<\/em><\/strong><\/li>\n<\/ul>\n<p>&nbsp;<\/p>\n<p>\u00a1Que nadie lo contradiga! \u00a1Que nadie piense diferente a \u00e9l!<\/p>\n<p>No le gusta. <strong>No tolera<\/strong>. Se encabrona.<\/p>\n<p>L\u00f3pez Obrador est\u00e1 enfermo de amargura y soberbia.<\/p>\n<p>Los s\u00edntomas ya son <strong>alarmantes<\/strong>.<\/p>\n<p>Su <strong>frustraci\u00f3n<\/strong>, en primer t\u00e9rmino, porque <strong>todo le sale mal<\/strong>.<\/p>\n<p>Y es que <strong>no consulta<\/strong> con los miembros de su equipo.<\/p>\n<p><strong>Terquea<\/strong>: todo debe hacerse como \u00e9l dice.<\/p>\n<p>Nadie debe &#8211;<strong>ni puede<\/strong>&#8211; opinar.<\/p>\n<p>Sus ideas, sus modos son de <strong>otra \u00e9poca<\/strong>.<\/p>\n<p>Trae en la cabeza un <strong>guion<\/strong> de los 70.<\/p>\n<p>Como cuando ambos est\u00e1bamos en la Facultad.<\/p>\n<p>S\u00ed, en <strong>Ciencias Pol\u00edticas<\/strong> de la UNAM.<\/p>\n<p>\u00c9l, seguro, en el <strong>Comit\u00e9 de Huelga<\/strong>.<\/p>\n<p><strong>Boteando<\/strong> de sal\u00f3n en sal\u00f3n.<\/p>\n<p>\u201c\u00a1Cooperen compa\u00f1eros!\u201d<\/p>\n<p>\u201c\u00a1Vamos a <strong>cerrar<\/strong> la escuela!\u201d<\/p>\n<p>\u201c\u00a1Es en solidaridad con Cuba!\u201d<\/p>\n<p>\u201c\u00a1Con Vietnam!\u201d<\/p>\n<p style=\"text-align: center;\"><strong>***** <\/strong><\/p>\n<p>Y luego est\u00e1 su permanente <strong>enojo<\/strong>.<\/p>\n<p>Su encabronamiento.<\/p>\n<p>Con quienes \u00e9l llam\u00f3 <strong>fif\u00eds.<\/strong><\/p>\n<p>Y ahora, <strong>conservadores<\/strong>.<\/p>\n<p>Sus <strong>adversarios<\/strong>.<\/p>\n<p>Como si <strong>contrariar <\/strong>fuese un anatema.<\/p>\n<p>Y, si se enoja con quienes tiene enfrente&#8230;<\/p>\n<p>&#8230; \u00a1imag\u00ednese con los que tiene al lado!<\/p>\n<p>Como <strong>Ricardo Monreal<\/strong>, entre otros.<\/p>\n<p>La suya, una voz <strong>respetuosa<\/strong>&#8230;<\/p>\n<p>&#8230; pero <strong>no siempre acorde<\/strong>.<\/p>\n<p><strong>Como debe ser<\/strong> en una democracia.<\/p>\n<p>Pero ni siquiera les toma las llamadas.<\/p>\n<p><strong>Menos escucha<\/strong> lo que quieren decirle.<\/p>\n<p>Y llega la orden:<\/p>\n<p>\u201c\u00a1<strong>P\u00e9guenle<\/strong> a Monreal!\u201d<\/p>\n<p>\u201c\u00a1An\u00falenlo!\u201d<\/p>\n<p>\u201c\u00a1Acaben con \u00e9l!\u201d<\/p>\n<p>As\u00ed se le han ido muchos: <strong>Carlos Urz\u00faa, Jaime C\u00e1rdenas, Alfonso Romo<\/strong>&#8230;<\/p>\n<p style=\"text-align: center;\"><strong>*****\u00a0 <\/strong><\/p>\n<p>Enojado, frustrado, ensoberbecido&#8230;<\/p>\n<p>Y con una muy buena dosis de <strong>ignorancia<\/strong>.<\/p>\n<p>Porque en la Facultad andaba boteando.<\/p>\n<p>As\u00ed es como <strong>toma las decisiones<\/strong> que afectan la vida de las personas.<\/p>\n<p>As\u00ed, por ejemplo, \u201cllueve, truene o relampaguee\u201d, hoy, <strong>millones de ni\u00f1os<\/strong> deben ir a clases en escuelas que no eran aptas para albergarlos -sin agua, sin electricidad, sin mobiliario- hace dos a\u00f1os, menos ahora que hay una <strong>mortal pandemia<\/strong>.<\/p>\n<p>Enojado, frustrado, ensoberbecido&#8230;<\/p>\n<p>Ya <strong>perdi\u00f3 el rumbo<\/strong>.<\/p>\n<p><strong>Ya no es<\/strong> aqu\u00e9l por quien muchos votamos en el 2018 creyendo que \u00e9l mejorar\u00eda las condiciones de vida (seguridad, salud, econom\u00eda) de los habitantes del pa\u00eds.<\/p>\n<p>A la mitad del camino vale reiterar:<\/p>\n<p><strong>Nos equivocamos<\/strong>.<\/p>\n<p>\u00bfNo cree usted?<\/p>\n<p style=\"text-align: center;\"><strong>Indicios<\/strong><\/p>\n<p><strong>Obsecuente<\/strong>, el canciller <strong>Marcelo Ebrard<\/strong> recibe a los refugiados afganos en ceremonias harto publicitadas. Est\u00e1 <strong>en campa\u00f1a<\/strong>, \u00bfqu\u00e9 no? En contraste, centenares de <strong>centroamericanos, haitianos<\/strong> y de otras nacionalidades del sur del continente son r<strong>etenidos<\/strong> durante meses en el sureste de nuestro territorio. Incluso los reprime la Guardia Nacional. <strong>Dos clases, dos, de migrantes. Una sola orden<\/strong> o instrucci\u00f3n: la del gobierno estadounidense. Es en la Casa Blanca donde deciden qui\u00e9n s\u00ed y qui\u00e9n no. <strong>AMLO y Ebrard s\u00f3lo obedecen<\/strong>. * * * \u00a1Ah, y este mi\u00e9rcoles inicia el mes de la <strong>\u201cindependencia\u201d<\/strong>! * * * Por hoy es todo. Como siempre, le deseo \u00a1buenas gracias y muchos, muchos d\u00edas!<\/p>\n<p><em><u><a href=\"http:\/\/www.indicepolitico.com\" target=\"_blank\" rel=\"noopener noreferrer\">www.indicepolitico.com<\/a><\/u><u><br \/>\n<\/u><a href=\"mailto:indicepolitico@gmail.com\" target=\"_blank\" rel=\"noopener noreferrer\">indicepolitico@gmail.com<\/a><\/em><br \/>\n<em><a href=\"https:\/\/twitter.com\/indicepolitico?lang=es\" target=\"_blank\" rel=\"noopener noreferrer\">@IndicePolitico<\/a><\/em><br \/>\n<em><u><a href=\"https:\/\/twitter.com\/pacorodriguez\" target=\"_blank\" rel=\"noopener noreferrer\">@pacorodriguez<\/a><\/u><\/em><\/p>\n","protected":false},"excerpt":{"rendered":"<p><span style=\"color: #005497;\"><strong>Francisco Rodr\u00edguez<\/strong><\/span><br \/>\n<br \/>\n\u00a1Que nadie lo contradiga! \u00a1Que nadie piense diferente a \u00e9l!   No le gusta. <strong>No tolera<\/strong>. Se encabrona.   L\u00f3pez Obrador est\u00e1 enfermo de amargura y soberbia.<\/p>\n","protected":false},"author":3,"featured_media":0,"comment_status":"open","ping_status":"open","sticky":false,"template":"","format":"standard","meta":{"_monsterinsights_skip_tracking":false,"_monsterinsights_sitenote_active":false,"_monsterinsights_sitenote_note":"","_monsterinsights_sitenote_category":0,"footnotes":""},"categories":[549],"tags":[43689,550,43674],"class_list":["post-518755","post","type-post","status-publish","format-standard","hentry","category-francisco-rodriguez","tag-francisco-rodriguez","tag-indice-politico","tag-opinion"],"_links":{"self":[{"href":"https:\/\/www.diarioimagen.net\/index.php?rest_route=\/wp\/v2\/posts\/518755","targetHints":{"allow":["GET"]}}],"collection":[{"href":"https:\/\/www.diarioimagen.net\/index.php?rest_route=\/wp\/v2\/posts"}],"about":[{"href":"https:\/\/www.diarioimagen.net\/index.php?rest_route=\/wp\/v2\/types\/post"}],"author":[{"embeddable":true,"href":"https:\/\/www.diarioimagen.net\/index.php?rest_route=\/wp\/v2\/users\/3"}],"replies":[{"embeddable":true,"href":"https:\/\/www.diarioimagen.net\/index.php?rest_route=%2Fwp%2Fv2%2Fcomments&post=518755"}],"version-history":[{"count":0,"href":"https:\/\/www.diarioimagen.net\/index.php?rest_route=\/wp\/v2\/posts\/518755\/revisions"}],"wp:attachment":[{"href":"https:\/\/www.diarioimagen.net\/index.php?rest_route=%2Fwp%2Fv2%2Fmedia&parent=518755"}],"wp:term":[{"taxonomy":"category","embeddable":true,"href":"https:\/\/www.diarioimagen.net\/index.php?rest_route=%2Fwp%2Fv2%2Fcategories&post=518755"},{"taxonomy":"post_tag","embeddable":true,"href":"https:\/\/www.diarioimagen.net\/index.php?rest_route=%2Fwp%2Fv2%2Ftags&post=518755"}],"curies":[{"name":"wp","href":"https:\/\/api.w.org\/{rel}","templated":true}]}}