{"id":518767,"date":"2021-08-30T00:10:01","date_gmt":"2021-08-30T05:10:01","guid":{"rendered":"https:\/\/www.diarioimagen.net\/?p=518767"},"modified":"2021-08-30T03:39:00","modified_gmt":"2021-08-30T08:39:00","slug":"adan-cambio-el-eden-por-el-infierno","status":"publish","type":"post","link":"https:\/\/www.diarioimagen.net\/?p=518767","title":{"rendered":"Ad\u00e1n cambi\u00f3 el ed\u00e9n por el infierno\u00a0"},"content":{"rendered":"<h2>De frente y de perfil<\/h2>\n<h5>Ram\u00f3n Zurita Sahag\u00fan<\/h5>\n<p>&nbsp;<\/p>\n<p>Ad\u00e1n dej\u00f3 el ed\u00e9n y migr\u00f3 al infierno. Cambi\u00f3 la tranquilidad de estar en el \u201cpara\u00edso\u201d para entrar en un mundo desconocido para \u00e9l, enfrentar desaf\u00edos de toda clase con la promesa de tocar el cielo (entrar a la contienda presidencial).<\/p>\n<p>El gobernador de Tabasco se dej\u00f3 tentar como su tocayo, el b\u00edblico personaje que acept\u00f3 darle una mordida a la manzana, s\u00f3lo que la recompensa para el \u201cChoco\u201d parece ser m\u00e1s atractiva.<\/p>\n<p>Viviendo en la tranquilidad del \u201ced\u00e9n\u201d, Ad\u00e1n no sufr\u00eda privaciones de ninguna clase y si acaso se ve\u00eda inquietado por algunas inundaciones cotidianas, a las que sus gobernados ya se encuentran acostumbrados. Los pormenores y vicisitudes de uno de los grandes temas del actual gobierno, representado en la refiner\u00eda de Dos Bocas, le ten\u00edan sin cuidado, as\u00ed como la construcci\u00f3n del Tren Maya, ya que de eso se encarga el gobierno federal y a cambio de ello, le aseguraban empleo para sus paisanos.<\/p>\n<p>Un c\u00f3modo gobierno, sin grandes inquietudes ni obras de ninguna clase, ya que la refiner\u00eda y el tren eran suficientes para satisfacer a una poblaci\u00f3n que vot\u00f3 masivamente a su favor en las urnas el primero de julio de 2018.<\/p>\n<p>Con cierta regularidad, el gobernador de Tabasco recib\u00eda la visita de su paisano el Presidente de la Rep\u00fablica, que acostumbra visitar la entidad o llega a ella de paso para descansar en su quinta de Palenque.<\/p>\n<p>La camarader\u00eda entre ambos es a\u00f1eja, viene de familia, ya que el padre del nuevo secretario de Gobernaci\u00f3n tuvo una cercana relaci\u00f3n con el hoy Ejecutivo federal.<\/p>\n<p>Fue precisamente el presidente L\u00f3pez Obrador, quien convenci\u00f3 a Ad\u00e1n de dejar el \u201ced\u00e9n\u201d y trasladarse a la capital del pa\u00eds y tratar de engullir la gran manzana que significa una secretar\u00eda de Gobernaci\u00f3n que dej\u00f3 de ser hace tiempo el trampol\u00edn hacia una candidatura presidencial.<\/p>\n<p>Dista mucho de que en esta ocasi\u00f3n la que estaba considerada la principal dependencia del gobierno federal recupere esa presencia y deje de ser una simple fachada.<\/p>\n<p>Hay quien aseguran que fue el presidente L\u00f3pez Obrador el que desmantel\u00f3 dicha secretar\u00eda, pero en realidad lo fue Carlos Salinas de Gortari, quien le dej\u00f3 un simple cascar\u00f3n a Fernando Guti\u00e9rrez Barrios, al quitarle los servicios de inteligencia, polic\u00eda, interacci\u00f3n con los medios y hasta desapareci\u00f3 la Comisi\u00f3n Federal Electoral, para dar paso al IFE.<\/p>\n<p>Es cierto que Pe\u00f1a Nieto le devolvi\u00f3 a la dependencia algunas atribuciones que hab\u00eda perdido, pero aqu\u00ed si L\u00f3pez Obrador decidi\u00f3 que se fueran de nueva cuenta los servicios de inteligencia y polic\u00edacos.<\/p>\n<p>Ad\u00e1n es un personaje que es poco conocido en el \u00e1mbito pol\u00edtico, pero que se sabe dio sus primeros pasos en dicha actividad con el gobierno en Tabasco de Manuel Gurr\u00eda Ord\u00f3\u00f1ez, donde alcanz\u00f3 a ser subsecretario de Gobierno y despu\u00e9s pas\u00f3 a ser el coordinador de la campa\u00f1a a gobernador del priista Manuel Andrade D\u00edaz, cuyo triunfo fue anulado y Ad\u00e1n estuvo a punto\u00a0de ser el gobernador interino, pero las huestes de Roberto Madrazo decidieron dejar a Enrique Priego, hoy presidente del Tribunal Superior de Justicia de Tabasco.<\/p>\n<p>Fue diputado local, despu\u00e9s federal, donde protagoniz\u00f3 un incidente, al tirarle a la cara una serie de billetes a Javier Lozano Alarc\u00f3n, entonces secretario del Trabajo, a quien acus\u00f3 de corrupto.<\/p>\n<p>Nadie comprendi\u00f3 el exabrupto del diputado federal perredista, ya que su car\u00e1cter era afable, aunque como oriundo del tr\u00f3pico, muy pasional.<\/p>\n<p>Ad\u00e1n no se distingui\u00f3 en las dos c\u00e1maras de diputados como el principal operador y luego pas\u00f3 al Senado de la Rep\u00fablica donde alcanz\u00f3 realce al ser el primer legislador en renunciar al PRD e intentar formar la fracci\u00f3n de Morena, lo que no le fue concedido, por no existir dicho partido al momento de la conformaci\u00f3n de la LXII legislatura.<\/p>\n<p>La llegada del gobernador con licencia a la Secretar\u00eda de Gobernaci\u00f3n permitir\u00e1 darse cuenta si creci\u00f3 pol\u00edticamente en sus casi tres a\u00f1os de gobierno, si en realidad aprendi\u00f3 a conciliar, negociar y si tiene los arrestos suficientes para entrar en la puja por la candidatura presidencial, ofreciendo buenos dividendos.<\/p>\n<p>Por lo pronto, una de sus primeras tareas ser\u00e1 contener la migraci\u00f3n a Estados Unidos, como anunci\u00f3 el Presidente L\u00f3pez Obrador.<\/p>\n<p style=\"text-align: center;\"><strong>*****<\/strong><\/p>\n<p>Finalmente, entr\u00f3 la negociaci\u00f3n entre las fracciones de la LXV legislatura de la C\u00e1mara de Diputados y el priista Rub\u00e9n Moreira ser\u00e1 el presidente de la Junta de Coordinaci\u00f3n Pol\u00edtica por el primer a\u00f1o legislativo. Sergio Guti\u00e9rrez de Morena ser\u00e1 el presidente de la Mesa Directiva. En el Senado, Olga S\u00e1nchez Cordero qued\u00f3 como presidenta.<\/p>\n<p><a href=\"mailto:ramonzurita44@hotmail.com\" target=\"_blank\" rel=\"noopener noreferrer\"><em>ramonzurita44@hotmail.com<\/em><\/a><\/p>\n","protected":false},"excerpt":{"rendered":"<p><span style=\"color: #005497;\"><strong>Ram\u00f3n Zurita Sahag\u00fan<\/strong><\/span><br \/>\n<br \/>\nAd\u00e1n dej\u00f3 el ed\u00e9n y migr\u00f3 al infierno. Cambi\u00f3 la tranquilidad de estar en el \u201cpara\u00edso\u201d para entrar en un mundo desconocido para \u00e9l, enfrentar desaf\u00edos de toda clase con la promesa de tocar el cielo (entrar a la contienda presidencial).\u00a0<\/p>\n","protected":false},"author":3,"featured_media":0,"comment_status":"open","ping_status":"open","sticky":false,"template":"","format":"standard","meta":{"_monsterinsights_skip_tracking":false,"_monsterinsights_sitenote_active":false,"_monsterinsights_sitenote_note":"","_monsterinsights_sitenote_category":0,"footnotes":""},"categories":[234],"tags":[304,43674,43687],"class_list":["post-518767","post","type-post","status-publish","format-standard","hentry","category-ramon-zurita-sahagun","tag-de-frente-y-de-perfil","tag-opinion","tag-ramon-zurita-sahagun"],"_links":{"self":[{"href":"https:\/\/www.diarioimagen.net\/index.php?rest_route=\/wp\/v2\/posts\/518767","targetHints":{"allow":["GET"]}}],"collection":[{"href":"https:\/\/www.diarioimagen.net\/index.php?rest_route=\/wp\/v2\/posts"}],"about":[{"href":"https:\/\/www.diarioimagen.net\/index.php?rest_route=\/wp\/v2\/types\/post"}],"author":[{"embeddable":true,"href":"https:\/\/www.diarioimagen.net\/index.php?rest_route=\/wp\/v2\/users\/3"}],"replies":[{"embeddable":true,"href":"https:\/\/www.diarioimagen.net\/index.php?rest_route=%2Fwp%2Fv2%2Fcomments&post=518767"}],"version-history":[{"count":0,"href":"https:\/\/www.diarioimagen.net\/index.php?rest_route=\/wp\/v2\/posts\/518767\/revisions"}],"wp:attachment":[{"href":"https:\/\/www.diarioimagen.net\/index.php?rest_route=%2Fwp%2Fv2%2Fmedia&parent=518767"}],"wp:term":[{"taxonomy":"category","embeddable":true,"href":"https:\/\/www.diarioimagen.net\/index.php?rest_route=%2Fwp%2Fv2%2Fcategories&post=518767"},{"taxonomy":"post_tag","embeddable":true,"href":"https:\/\/www.diarioimagen.net\/index.php?rest_route=%2Fwp%2Fv2%2Ftags&post=518767"}],"curies":[{"name":"wp","href":"https:\/\/api.w.org\/{rel}","templated":true}]}}