{"id":518872,"date":"2021-08-31T00:03:33","date_gmt":"2021-08-31T05:03:33","guid":{"rendered":"https:\/\/www.diarioimagen.net\/?p=518872"},"modified":"2021-08-31T05:23:16","modified_gmt":"2021-08-31T10:23:16","slug":"infoem-reconocio-acciones-de-transparencia-del-gobierno-de-tlalnepantla","status":"publish","type":"post","link":"https:\/\/www.diarioimagen.net\/?p=518872","title":{"rendered":"INFOEM reconoci\u00f3 acciones de transparencia del gobierno de Tlalnepantla"},"content":{"rendered":"<p>&nbsp;<\/p>\n<p><a href=\"https:\/\/www.diarioimagen.net\/?attachment_id=518966\" rel=\"attachment wp-att-518966\"><img loading=\"lazy\" decoding=\"async\" class=\"aligncenter size-full wp-image-518966\" src=\"https:\/\/www.diarioimagen.net\/wp-content\/uploads\/2021\/08\/tlalnepantla-16.jpg\" alt=\"\" width=\"460\" height=\"355\" \/><\/a><\/p>\n<p>&nbsp;<\/p>\n<p><strong>Tlalnepantla, Estado de M\u00e9xico<\/strong><strong>. &#8211;<\/strong> El Instituto de Transparencia, Acceso a la Informaci\u00f3n P\u00fablica y Protecci\u00f3n de Datos Personales del Estado de M\u00e9xico y Municipios (INFOEM) reconoci\u00f3 las acciones de transparencia del gobierno de Tlalnepantla con relaci\u00f3n a la pandemia de Covid-19.<\/p>\n<p>La administraci\u00f3n que preside Raciel P\u00e9rez Cruz cre\u00f3 un micrositio en su p\u00e1gina web oficial para informar a la ciudadan\u00eda sobre la situaci\u00f3n de la emergencia sanitaria y las acciones gubernamentales para mitigar los contagios.<\/p>\n","protected":false},"excerpt":{"rendered":"<p>El Instituto de Transparencia, Acceso a la Informaci\u00f3n P\u00fablica y Protecci\u00f3n de Datos Personales del Estado de M\u00e9xico y Municipios (INFOEM) reconoci\u00f3 las acciones de transparencia del gobierno de Tlalnepantla con relaci\u00f3n a la pandemia de Covid-19.<\/p>\n","protected":false},"author":3,"featured_media":518966,"comment_status":"open","ping_status":"open","sticky":false,"template":"","format":"standard","meta":{"_monsterinsights_skip_tracking":false,"_monsterinsights_sitenote_active":false,"_monsterinsights_sitenote_note":"","_monsterinsights_sitenote_category":0,"footnotes":""},"categories":[5],"tags":[90021,43675,169],"class_list":["post-518872","post","type-post","status-publish","format-standard","has-post-thumbnail","hentry","category-estado-de-mexico","tag-covid-19","tag-estado-de-mexico","tag-tlalnepantla"],"_links":{"self":[{"href":"https:\/\/www.diarioimagen.net\/index.php?rest_route=\/wp\/v2\/posts\/518872","targetHints":{"allow":["GET"]}}],"collection":[{"href":"https:\/\/www.diarioimagen.net\/index.php?rest_route=\/wp\/v2\/posts"}],"about":[{"href":"https:\/\/www.diarioimagen.net\/index.php?rest_route=\/wp\/v2\/types\/post"}],"author":[{"embeddable":true,"href":"https:\/\/www.diarioimagen.net\/index.php?rest_route=\/wp\/v2\/users\/3"}],"replies":[{"embeddable":true,"href":"https:\/\/www.diarioimagen.net\/index.php?rest_route=%2Fwp%2Fv2%2Fcomments&post=518872"}],"version-history":[{"count":0,"href":"https:\/\/www.diarioimagen.net\/index.php?rest_route=\/wp\/v2\/posts\/518872\/revisions"}],"wp:featuredmedia":[{"embeddable":true,"href":"https:\/\/www.diarioimagen.net\/index.php?rest_route=\/wp\/v2\/media\/518966"}],"wp:attachment":[{"href":"https:\/\/www.diarioimagen.net\/index.php?rest_route=%2Fwp%2Fv2%2Fmedia&parent=518872"}],"wp:term":[{"taxonomy":"category","embeddable":true,"href":"https:\/\/www.diarioimagen.net\/index.php?rest_route=%2Fwp%2Fv2%2Fcategories&post=518872"},{"taxonomy":"post_tag","embeddable":true,"href":"https:\/\/www.diarioimagen.net\/index.php?rest_route=%2Fwp%2Fv2%2Ftags&post=518872"}],"curies":[{"name":"wp","href":"https:\/\/api.w.org\/{rel}","templated":true}]}}